{"id":1230,"date":"2024-01-09T20:30:42","date_gmt":"2024-01-09T20:30:42","guid":{"rendered":"https:\/\/nuevaprensaamerica.com\/?p=1230"},"modified":"2024-01-09T23:00:31","modified_gmt":"2024-01-09T23:00:31","slug":"criticas-contra-el-exmagistrado-jose-barcelo-expresidente-de-la-corte-suprema-de-justicia-de-colombia-por-defender-a-acaudalados-personajes-involucrados-en-graves-delitos","status":"publish","type":"post","link":"https:\/\/nuevaprensaamerica.com\/index.php\/2024\/01\/09\/criticas-contra-el-exmagistrado-jose-barcelo-expresidente-de-la-corte-suprema-de-justicia-de-colombia-por-defender-a-acaudalados-personajes-involucrados-en-graves-delitos\/","title":{"rendered":"Cr\u00edticas contra el exmagistrado Jos\u00e9 Barcel\u00f3, expresidente de la Corte Suprema de Justicia de Colombia, por defender a acaudalados personajes involucrados en graves delitos"},"content":{"rendered":"<p>El periodista Gonzalo Guill\u00e9n (@HELIODOPTERO) lanz\u00f3 una dura cr\u00edtica en la red social X contra el exmagistrado Jos\u00e9 Luis Barcel\u00f3, quien fue presidente de la Corte Suprema de Justicia en 2018 y antes integr\u00f3 la Sala Penal de ese organismo, entre 2011 y 2019. Guill\u00e9n calific\u00f3 de &#8220;verg\u00fcenza tan espantosa&#8221; que Barcel\u00f3 ahora sea el abogado de los &#8220;delincuentes Arturo Char y los asesinos hermanos Mattos Barrero&#8221;, a quienes les precluyen delitos que ya hab\u00edan confesado. El periodista us\u00f3 el hashtag #PlataEsPlata para cuestionar la \u00e9tica del exmagistrado.<\/p>\n<blockquote class=\"twitter-tweet\" data-dnt=\"true\">\n<p dir=\"ltr\" lang=\"es\">Qu\u00e9 verg\u00fcenza tan espantosa para la desprestigiada <a href=\"https:\/\/twitter.com\/CorteSupremaJ?ref_src=twsrc%5Etfw\">@CorteSupremaJ<\/a>: Jos\u00e9 Luis Barcel\u00f3, quien hasta hace poco fuera su presidente, hoy es el abogado de los delincuentes Arturo Char y los asesinos hermanos MATTOS BARRERO, a quienes les precluyen delitos que ya hab\u00edan confesado.\u2026<\/p>\n<p>\u2014 Gonzalo Guill\u00e9n (@HELIODOPTERO) <a href=\"https:\/\/twitter.com\/HELIODOPTERO\/status\/1744742594528288997?ref_src=twsrc%5Etfw\">January 9, 2024<\/a><\/p><\/blockquote>\n<p><script async src=\"https:\/\/platform.twitter.com\/widgets.js\" charset=\"utf-8\"><\/script><\/p>\n<h3>Los clientes de Barcel\u00f3: una galer\u00eda de corrupci\u00f3n y violencia<\/h3>\n<p>Barcel\u00f3, quien en su \u00e9poca como magistrado fue admirado por su labor jur\u00eddica, hoy se dedica a defender a personajes acusados de graves delitos. Entre ellos se encuentran Arturo Char, miembro de la poderosa familia de Barranquilla; Cielo Gnecco y su hijo Luis Alberto Monsalvo Gnecco, exgobernador del Cesar; y los hermanos Mattos Barrero, quien eran investigados por su presunta relaci\u00f3n con una masacre en Codazzi.<\/p>\n<p>Arturo Char, quien fue presidente del Senado por un pacto entre Iv\u00e1n Duque y los partidos tradicionales (Conservador, uribismo, Cambio Radical y otros), est\u00e1 detenido en la c\u00e1rcel La Picota por un proceso por la compra masiva de votos en Atl\u00e1ntico, 126 mil, para asegurar su curul en el Congreso. Char pertenece a la intocable familia de Barranquilla, que tiene gran influencia pol\u00edtica y econ\u00f3mica en la regi\u00f3n.<\/p>\n<p>Cielo Gnecco, conocida en Valledupar como &#8220;la primera gestora del departamento&#8221; con mucho respeto (\u00bfo temor?), tuvo una orden de captura por el asesinato de dos personas que se habr\u00edan opuesto a sus intereses. Sin embargo, una fiscal local le hizo el favor de revocar esa orden, en lo que se considera un milagro judicial. Su hijo Luis Alberto Monsalvo Gnecco, exgobernador del Cesar, est\u00e1 en detenci\u00f3n domiciliaria por un contrato con sobrecostos por casi 3 mil millones de pesos que termin\u00f3 en el robo de los alimentos de los ni\u00f1os m\u00e1s pobres del departamento, seg\u00fan denunci\u00f3 la periodista <a href=\"https:\/\/www.elespectador.com\/opinion\/columnistas\/cecilia-orozco-tascon\/exmagistrado-barcelo-todo-por-la-plata\/\" target=\"_blank\" rel=\"noopener\">Cecilia Orozco Tasc\u00f3n<\/a>.<\/p>\n<p>Los hermanos Carlos Jos\u00e9 Mattos Barrero y Edward Heriberto Mattos Barrero fueron objeto de una investigaci\u00f3n en relaci\u00f3n con una masacre en Codazzi, Cesar, ocurrida el 23 de septiembre de 1996. Sin embargo, la Fiscal\u00eda Octava Especializada Delegada ante los Juzgados Penales del Circuito Especializado de Valledupar acaba de decidir que no se hallaron eviudencias suficientes para vincular a los hermanos Mattos Barrero con los delitos de concierto para delinquir, homicidio en persona protegida, desaparici\u00f3n forzada, desplazamiento forzado, secuestro simple y tr\u00e1fico de armas.<\/p>\n","protected":false},"excerpt":{"rendered":"<p>El periodista Gonzalo Guill\u00e9n (@HELIODOPTERO) lanz\u00f3 una dura cr\u00edtica en la red social X contra el exmagistrado Jos\u00e9 Luis Barcel\u00f3, quien fue presidente de la [&hellip;]<\/p>\n","protected":false},"author":1,"featured_media":1235,"comment_status":"open","ping_status":"open","sticky":false,"template":"","format":"standard","meta":{"h5ap_radio_sources":[],"_FSMCFIC_featured_image_caption":"","_FSMCFIC_featured_image_nocaption":"","_FSMCFIC_featured_image_hide":"","_jetpack_memberships_contains_paid_content":false,"footnotes":""},"categories":[12],"tags":[],"class_list":["post-1230","post","type-post","status-publish","format-standard","has-post-thumbnail","hentry","category-colombia"],"aioseo_notices":[],"jetpack_featured_media_url":"https:\/\/nuevaprensaamerica.com\/wp-content\/uploads\/2024\/01\/Jose-Barcelo21.jpg","jetpack_sharing_enabled":true,"_links":{"self":[{"href":"https:\/\/nuevaprensaamerica.com\/index.php\/wp-json\/wp\/v2\/posts\/1230","targetHints":{"allow":["GET"]}}],"collection":[{"href":"https:\/\/nuevaprensaamerica.com\/index.php\/wp-json\/wp\/v2\/posts"}],"about":[{"href":"https:\/\/nuevaprensaamerica.com\/index.php\/wp-json\/wp\/v2\/types\/post"}],"author":[{"embeddable":true,"href":"https:\/\/nuevaprensaamerica.com\/index.php\/wp-json\/wp\/v2\/users\/1"}],"replies":[{"embeddable":true,"href":"https:\/\/nuevaprensaamerica.com\/index.php\/wp-json\/wp\/v2\/comments?post=1230"}],"version-history":[{"count":4,"href":"https:\/\/nuevaprensaamerica.com\/index.php\/wp-json\/wp\/v2\/posts\/1230\/revisions"}],"predecessor-version":[{"id":1236,"href":"https:\/\/nuevaprensaamerica.com\/index.php\/wp-json\/wp\/v2\/posts\/1230\/revisions\/1236"}],"wp:featuredmedia":[{"embeddable":true,"href":"https:\/\/nuevaprensaamerica.com\/index.php\/wp-json\/wp\/v2\/media\/1235"}],"wp:attachment":[{"href":"https:\/\/nuevaprensaamerica.com\/index.php\/wp-json\/wp\/v2\/media?parent=1230"}],"wp:term":[{"taxonomy":"category","embeddable":true,"href":"https:\/\/nuevaprensaamerica.com\/index.php\/wp-json\/wp\/v2\/categories?post=1230"},{"taxonomy":"post_tag","embeddable":true,"href":"https:\/\/nuevaprensaamerica.com\/index.php\/wp-json\/wp\/v2\/tags?post=1230"}],"curies":[{"name":"wp","href":"https:\/\/api.w.org\/{rel}","templated":true}]}}