{"id":1290,"date":"2024-01-14T20:06:02","date_gmt":"2024-01-14T20:06:02","guid":{"rendered":"https:\/\/nuevaprensaamerica.com\/?p=1290"},"modified":"2024-01-14T20:06:02","modified_gmt":"2024-01-14T20:06:02","slug":"listos-para-lavar-la-imagen-de-uribe-en-evtv-miami","status":"publish","type":"post","link":"https:\/\/nuevaprensaamerica.com\/index.php\/2024\/01\/14\/listos-para-lavar-la-imagen-de-uribe-en-evtv-miami\/","title":{"rendered":"\u00a1Listos para lavar&#8230;! la imagen de Uribe en EVTV Miami"},"content":{"rendered":"<p><strong>Por Graciela Godoy<\/strong><br \/>\n<strong>Opini\u00f3n<\/strong><\/p>\n<p>El canal de televisi\u00f3n EVTV Miami, dirigido por Carlos M\u00e9ndez, ha dado un giro en su l\u00ednea editorial al acercarse a dos pol\u00e9micos personajes de la pol\u00edtica colombiana: el expresidente \u00c1lvaro Uribe y el abogado Abelardo de la Espriella. Una foto muestra a M\u00e9ndez reunido con ellos en Miami.<\/p>\n<p>\u00bfQu\u00e9 busca M\u00e9ndez con esta alianza? Seg\u00fan algunos televidentes, se trata de una estrategia para salvar al canal de la quiebra, que lo ha llevado a recortar personal y a reducir su programaci\u00f3n. De hecho, M\u00e9ndez le ha cedido un espacio a de la Espriella, quien tendr\u00e1 su propio programa en EVTV Miami.<\/p>\n<p>Pero esta cercan\u00eda con Uribe y de la Espriella tambi\u00e9n ha generado cr\u00edticas, pues muchos consideran que M\u00e9ndez est\u00e1 traicionando los principios democr\u00e1ticos y \u00e9ticos que supuestamente defend\u00eda el canal. Algunos incluso han calificado a EVTV Miami como una &#8220;lavadora&#8221; de mayor tama\u00f1o, que pretende adem\u00e1s limpiar la imagen de Uribe y de la Espriella ante la opini\u00f3n p\u00fablica.<\/p>\n<h3>Uribe, un expresidente con problemas judiciales<\/h3>\n<p>\u00c1lvaro Uribe, quien gobern\u00f3 Colombia entre 2002 y 2010, ha sido objeto de m\u00faltiples investigaciones y denuncias por su presunta responsabilidad en graves violaciones de derechos humanos, como las ejecuciones extrajudiciales de civiles, conocidas como &#8220;falsos positivos&#8221;, y la conformaci\u00f3n de grupos paramilitares, como el Bloque Metro.<\/p>\n<figure id=\"attachment_1295\" aria-describedby=\"caption-attachment-1295\" style=\"width: 1200px\" class=\"wp-caption aligncenter\"><a href=\"https:\/\/nuevaprensaamerica.com\/wp-content\/uploads\/2024\/01\/de-la-espriella-uribe-mendez1-2.jpg\"><img loading=\"lazy\" decoding=\"async\" class=\"size-full wp-image-1295\" src=\"https:\/\/nuevaprensaamerica.com\/wp-content\/uploads\/2024\/01\/de-la-espriella-uribe-mendez1-2.jpg\" alt=\"\" width=\"1200\" height=\"1500\" srcset=\"https:\/\/nuevaprensaamerica.com\/wp-content\/uploads\/2024\/01\/de-la-espriella-uribe-mendez1-2.jpg 1200w, https:\/\/nuevaprensaamerica.com\/wp-content\/uploads\/2024\/01\/de-la-espriella-uribe-mendez1-2-240x300.jpg 240w, https:\/\/nuevaprensaamerica.com\/wp-content\/uploads\/2024\/01\/de-la-espriella-uribe-mendez1-2-819x1024.jpg 819w, https:\/\/nuevaprensaamerica.com\/wp-content\/uploads\/2024\/01\/de-la-espriella-uribe-mendez1-2-768x960.jpg 768w\" sizes=\"auto, (max-width: 1200px) 100vw, 1200px\" \/><\/a><figcaption id=\"caption-attachment-1295\" class=\"wp-caption-text\">Abelardo de la Espriella. \u00c1lvaro Uribe y Carlos M\u00e9ndez<\/figcaption><\/figure>\n<p>Uno de los casos m\u00e1s emblem\u00e1ticos es el de la manipulaci\u00f3n de testigos contra el senador Iv\u00e1n Cepeda, quien hab\u00eda recogido testimonios de exparamilitares que vinculaban a Uribe con el paramilitarismo. Uribe denunci\u00f3 a Cepeda por supuestamente inducir a los testigos, pero la Corte Suprema de Justicia archiv\u00f3 la denuncia y abri\u00f3 una investigaci\u00f3n contra Uribe por el mismo delito. En 2020, la Corte orden\u00f3 la detenci\u00f3n domiciliaria de Uribe, quien renunci\u00f3 a su curul de senador.<\/p>\n<p>Otro caso es el de la denuncia ante un tribunal de Argentina por parte de familiares de v\u00edctimas y organizaciones de derechos humanos de Colombia, que solicitaron al juez federal argentino que indague sobre la posible responsabilidad de Uribe en m\u00e1s de 6.000 ejecuciones y desapariciones forzadas de civiles durante su gobierno.<\/p>\n<p>Adem\u00e1s, Uribe ha sido se\u00f1alado por sus supuestos nexos con el narcotr\u00e1fico, que seg\u00fan se ha revelado, eran conocidos por las autoridades de EE.UU. desde 1991. Uribe tambi\u00e9n ha sido acusado de amenazar a magistrados en Colombia para que no lo investiguen.<\/p>\n<h3>Santos pidi\u00f3 inmunidad para Uribe en EE.UU.<\/h3>\n<p>En una reciente entrevista con motivo de los siete a\u00f1os del Acuerdo de Paz en Colombia, el expresidente Juan Manuel Santos confes\u00f3 que cuando asumi\u00f3 la presidencia en 2010, solicit\u00f3 inmunidad diplom\u00e1tica para Uribe en EE.UU., donde estaba siendo acusado por organizaciones de derechos humanos por violaci\u00f3n de los derechos humanos.<\/p>\n<p>Santos dijo que lo hizo por dignidad nacional, pues le parec\u00eda humillante ver a un expresidente colombiano en el banquillo de las cortes estatales de EE.UU. Seg\u00fan Santos, el embajador en Washington Gabriel Silva y los abogados le recomendaron que pidiera la inmunidad para Uribe, y que incluso funcionarios de derechos humanos de Obama apoyaban a las organizaciones que lo acusaban.<\/p>\n<p>Esta revelaci\u00f3n ha causado indignaci\u00f3n entre defensores de derechos humanos, que consideran que Santos actu\u00f3 en contra de la justicia y la verdad, y que favoreci\u00f3 la impunidad de Uribe, quien sigue siendo una figura influyente en la pol\u00edtica colombiana a trav\u00e9s de su partido, el Centro Democr\u00e1tico.<\/p>\n","protected":false},"excerpt":{"rendered":"<p>Por Graciela Godoy Opini\u00f3n El canal de televisi\u00f3n EVTV Miami, dirigido por Carlos M\u00e9ndez, ha dado un giro en su l\u00ednea editorial al acercarse a [&hellip;]<\/p>\n","protected":false},"author":1,"featured_media":1293,"comment_status":"open","ping_status":"open","sticky":false,"template":"","format":"standard","meta":{"h5ap_radio_sources":[],"_FSMCFIC_featured_image_caption":"","_FSMCFIC_featured_image_nocaption":"","_FSMCFIC_featured_image_hide":"","_jetpack_memberships_contains_paid_content":false,"footnotes":""},"categories":[12],"tags":[],"class_list":["post-1290","post","type-post","status-publish","format-standard","has-post-thumbnail","hentry","category-colombia"],"aioseo_notices":[],"jetpack_featured_media_url":"https:\/\/nuevaprensaamerica.com\/wp-content\/uploads\/2024\/01\/de-la-espriella-uribe-mendez1.jpg","jetpack_sharing_enabled":true,"_links":{"self":[{"href":"https:\/\/nuevaprensaamerica.com\/index.php\/wp-json\/wp\/v2\/posts\/1290","targetHints":{"allow":["GET"]}}],"collection":[{"href":"https:\/\/nuevaprensaamerica.com\/index.php\/wp-json\/wp\/v2\/posts"}],"about":[{"href":"https:\/\/nuevaprensaamerica.com\/index.php\/wp-json\/wp\/v2\/types\/post"}],"author":[{"embeddable":true,"href":"https:\/\/nuevaprensaamerica.com\/index.php\/wp-json\/wp\/v2\/users\/1"}],"replies":[{"embeddable":true,"href":"https:\/\/nuevaprensaamerica.com\/index.php\/wp-json\/wp\/v2\/comments?post=1290"}],"version-history":[{"count":17,"href":"https:\/\/nuevaprensaamerica.com\/index.php\/wp-json\/wp\/v2\/posts\/1290\/revisions"}],"predecessor-version":[{"id":1309,"href":"https:\/\/nuevaprensaamerica.com\/index.php\/wp-json\/wp\/v2\/posts\/1290\/revisions\/1309"}],"wp:featuredmedia":[{"embeddable":true,"href":"https:\/\/nuevaprensaamerica.com\/index.php\/wp-json\/wp\/v2\/media\/1293"}],"wp:attachment":[{"href":"https:\/\/nuevaprensaamerica.com\/index.php\/wp-json\/wp\/v2\/media?parent=1290"}],"wp:term":[{"taxonomy":"category","embeddable":true,"href":"https:\/\/nuevaprensaamerica.com\/index.php\/wp-json\/wp\/v2\/categories?post=1290"},{"taxonomy":"post_tag","embeddable":true,"href":"https:\/\/nuevaprensaamerica.com\/index.php\/wp-json\/wp\/v2\/tags?post=1290"}],"curies":[{"name":"wp","href":"https:\/\/api.w.org\/{rel}","templated":true}]}}