{"id":1388,"date":"2024-01-21T06:44:02","date_gmt":"2024-01-21T06:44:02","guid":{"rendered":"https:\/\/nuevaprensaamerica.com\/?p=1388"},"modified":"2024-01-21T06:44:02","modified_gmt":"2024-01-21T06:44:02","slug":"periodista-gonzalo-guillen-celebra-el-retiro-de-condecoraciones-al-general-jesus-arias-cabrales-por-su-responsabilidad-en-el-holocausto-del-palacio-de-justicia-de-colombia-en-1985","status":"publish","type":"post","link":"https:\/\/nuevaprensaamerica.com\/index.php\/2024\/01\/21\/periodista-gonzalo-guillen-celebra-el-retiro-de-condecoraciones-al-general-jesus-arias-cabrales-por-su-responsabilidad-en-el-holocausto-del-palacio-de-justicia-de-colombia-en-1985\/","title":{"rendered":"Periodista Gonzalo Guill\u00e9n celebra el retiro de condecoraciones al general Jes\u00fas Arias Cabrales por su responsabilidad en el holocausto del Palacio de Justicia de Colombia en 1985"},"content":{"rendered":"<p>El 15 de enero de 2024, el ministro de Justicia de Colombia, N\u00e9stor Iv\u00e1n Osuna Pati\u00f1o, firm\u00f3 un decreto por el cual se declar\u00f3 la p\u00e9rdida del derecho al uso de cuatro condecoraciones militares al mayor general retirado Jes\u00fas Armando Arias Cabrales, quien fue comandante del Ej\u00e9rcito Nacional de Colombia y responsable de la retoma del Palacio de Justicia en 1985.<\/p>\n<p>El decreto se expidi\u00f3 en respuesta a un derecho de petici\u00f3n presentado el 23 de enero de 2023 por los ciudadanos Diana L\u00f3pez Zuleta, Helena Ur\u00e1n Bidegain y Gonzalo Guill\u00e9n, quienes solicitaron al ministro de Defensa Nacional, Iv\u00e1n Vel\u00e1squez G\u00f3mez, que le retirara al general Arias Cabrales la Medalla Servicios Distinguidos en Orden P\u00fablico y todos los dem\u00e1s reconocimientos que recibi\u00f3 como militar despu\u00e9s de la retoma del Palacio de Justicia.<\/p>\n<h3>Un acto de justicia y dignificaci\u00f3n para las v\u00edctimas<\/h3>\n<p>El ministro Vel\u00e1squez G\u00f3mez se declar\u00f3 impedido para resolver el derecho de petici\u00f3n, por lo que el presidente de la Rep\u00fablica, Gustavo Petro Urrego, nombr\u00f3 como ministro de Defensa ad hoc al ministro Osuna Pati\u00f1o, quien firm\u00f3 el decreto 0018 de 2023, en el que se bas\u00f3 en la sentencia C-370 de 2006 de la Corte Constitucional, que establece la obligaci\u00f3n del Estado de investigar y sancionar el delito de desaparici\u00f3n forzada de personas, as\u00ed como de dignificar p\u00fablicamente a las v\u00edctimas y de lo sucedido.<\/p>\n<p>El decreto tambi\u00e9n se fundament\u00f3 en la causal prevista en el art\u00edculo 2.3.1.3.1.9 del Decreto 1070 de 2015, que dispone la p\u00e9rdida del derecho al uso de las condecoraciones para los militares en servicio activo o en retiro que hayan sido condenados por delitos dolosos a la pena de prisi\u00f3n por la justicia penal militar o la ordinaria, o que hayan sido separados en forma absoluta de las Fuerzas Militares por conductas indebidas.<\/p>\n<p>El general Arias Cabrales fue condenado por la Corte Suprema de Justicia a 35 a\u00f1os de prisi\u00f3n por la desaparici\u00f3n de varios rehenes que salieron vivos del Palacio de Justicia y de la guerrillera Irma Franco, durante la retoma que \u00e9l dirigi\u00f3 el 6 y 7 de noviembre de 1985, cuando con cinco mil soldados y tanques de guerra asalt\u00f3 el edificio donde se hab\u00edan atrincherado 14 terroristas del M-19, a los que les facilit\u00f3 el ingreso retirando la seguridad un d\u00eda antes.<\/p>\n<h3>Un triunfo que honra a los peticionarios<\/h3>\n<figure id=\"attachment_354\" aria-describedby=\"caption-attachment-354\" style=\"width: 700px\" class=\"wp-caption aligncenter\"><a href=\"https:\/\/nuevaprensaamerica.com\/wp-content\/uploads\/2023\/08\/Gonzalo-Guillen-artilleria-de-la-libertad1.jpg\"><img loading=\"lazy\" decoding=\"async\" class=\"size-full wp-image-354\" src=\"https:\/\/nuevaprensaamerica.com\/wp-content\/uploads\/2023\/08\/Gonzalo-Guillen-artilleria-de-la-libertad1.jpg\" alt=\"\" width=\"700\" height=\"450\" srcset=\"https:\/\/nuevaprensaamerica.com\/wp-content\/uploads\/2023\/08\/Gonzalo-Guillen-artilleria-de-la-libertad1.jpg 700w, https:\/\/nuevaprensaamerica.com\/wp-content\/uploads\/2023\/08\/Gonzalo-Guillen-artilleria-de-la-libertad1-300x193.jpg 300w\" sizes=\"auto, (max-width: 700px) 100vw, 700px\" \/><\/a><figcaption id=\"caption-attachment-354\" class=\"wp-caption-text\">Gonzalo Guill\u00e9n<\/figcaption><\/figure>\n<p>El periodista Gonzalo Guill\u00e9n, uno de los peticionarios del retiro de las condecoraciones al general Arias Cabrales, celebr\u00f3 la decisi\u00f3n del ministro Osuna Pati\u00f1o en la red social X (antes Twitter), donde escribi\u00f3: &#8220;Este es un triunfo que me honra sobremanera: por pedido de @dianalzuleta (periodista Diana L\u00f3pez Zuleta), @HelenaUranBideg (la acad\u00e9mica Helena Ur\u00e1n Bidegain) y yo. El estado colombiano por fin le quit\u00f3 las medallas militares al carnicero Jes\u00fas Armando Arias Cabrales por haber dirigido el holocausto del Palacio de Justicia, en 1985. Con cinco mil soldados y tanques de guerra asesin\u00f3 y desapareci\u00f3 a cientos de personas con el pretexto de combatir a 14 terroristas, a los que les permiti\u00f3 entrar retirando la seguridad un d\u00eda antes. GRACIAS.&#8221;<\/p>\n<p>Las condecoraciones que se le quitaron al general Arias Cabrales son: Medalla Servicios Distinguidos en Orden P\u00fablico, segunda vez, Orden al M\u00e9rito Militar &#8220;Antonio Nari\u00f1o&#8221;, en grado de Gran Cruz, Orden al M\u00e9rito Naval &#8220;Almirante Padilla&#8221;, en grado de Gran Oficial, y Cruz de la Fuerza A\u00e9rea al M\u00e9rito Aeron\u00e1utico, en grado de Gran Oficial. Estas condecoraciones le hab\u00edan sido otorgadas por los decretos 3613 de 1985, 2328 de 1986, 1560 de 1989 y 2494 de 1989, los cuales fueron derogados por el decreto 0018 de 2023.<\/p>\n<div id='gallery-1' class='gallery galleryid-1388 gallery-columns-1 gallery-size-full'><figure class='gallery-item'>\n\t\t\t<div class='gallery-icon portrait'>\n\t\t\t\t<a href='https:\/\/nuevaprensaamerica.com\/wp-content\/uploads\/2024\/01\/medallas-arias-cabrales-11.jpg'><img loading=\"lazy\" decoding=\"async\" width=\"1200\" height=\"2041\" src=\"https:\/\/nuevaprensaamerica.com\/wp-content\/uploads\/2024\/01\/medallas-arias-cabrales-11.jpg\" class=\"attachment-full size-full\" alt=\"\" srcset=\"https:\/\/nuevaprensaamerica.com\/wp-content\/uploads\/2024\/01\/medallas-arias-cabrales-11.jpg 1200w, https:\/\/nuevaprensaamerica.com\/wp-content\/uploads\/2024\/01\/medallas-arias-cabrales-11-176x300.jpg 176w, https:\/\/nuevaprensaamerica.com\/wp-content\/uploads\/2024\/01\/medallas-arias-cabrales-11-602x1024.jpg 602w, https:\/\/nuevaprensaamerica.com\/wp-content\/uploads\/2024\/01\/medallas-arias-cabrales-11-768x1306.jpg 768w, https:\/\/nuevaprensaamerica.com\/wp-content\/uploads\/2024\/01\/medallas-arias-cabrales-11-903x1536.jpg 903w\" sizes=\"auto, (max-width: 1200px) 100vw, 1200px\" \/><\/a>\n\t\t\t<\/div><\/figure><figure class='gallery-item'>\n\t\t\t<div class='gallery-icon portrait'>\n\t\t\t\t<a href='https:\/\/nuevaprensaamerica.com\/wp-content\/uploads\/2024\/01\/medallas-arias-cabrales-22.jpg'><img loading=\"lazy\" decoding=\"async\" width=\"1200\" height=\"2190\" src=\"https:\/\/nuevaprensaamerica.com\/wp-content\/uploads\/2024\/01\/medallas-arias-cabrales-22.jpg\" class=\"attachment-full size-full\" alt=\"\" srcset=\"https:\/\/nuevaprensaamerica.com\/wp-content\/uploads\/2024\/01\/medallas-arias-cabrales-22.jpg 1200w, https:\/\/nuevaprensaamerica.com\/wp-content\/uploads\/2024\/01\/medallas-arias-cabrales-22-164x300.jpg 164w, https:\/\/nuevaprensaamerica.com\/wp-content\/uploads\/2024\/01\/medallas-arias-cabrales-22-561x1024.jpg 561w, https:\/\/nuevaprensaamerica.com\/wp-content\/uploads\/2024\/01\/medallas-arias-cabrales-22-768x1402.jpg 768w, https:\/\/nuevaprensaamerica.com\/wp-content\/uploads\/2024\/01\/medallas-arias-cabrales-22-842x1536.jpg 842w, https:\/\/nuevaprensaamerica.com\/wp-content\/uploads\/2024\/01\/medallas-arias-cabrales-22-1122x2048.jpg 1122w\" sizes=\"auto, (max-width: 1200px) 100vw, 1200px\" \/><\/a>\n\t\t\t<\/div><\/figure>\n\t\t<\/div>\n\n<blockquote class=\"twitter-tweet\" data-dnt=\"true\">\n<p dir=\"ltr\" lang=\"es\">Este es un triunfo que me honra sobremanera: por pedido de <a href=\"https:\/\/twitter.com\/dianalzuleta?ref_src=twsrc%5Etfw\">@dianalzuleta<\/a>, <a href=\"https:\/\/twitter.com\/HelenaUranBideg?ref_src=twsrc%5Etfw\">@HelenaUranBideg<\/a> y yo, el estado colombiano por fin le quit\u00f3 las medallas militares al carnicero Jes\u00fasArmando Arias Cabrales por haber dirigido el holocausto del Palacio de Justicia, en 1985. Con cinco mil\u2026 <a href=\"https:\/\/t.co\/DRMAxAINRb\">pic.twitter.com\/DRMAxAINRb<\/a><\/p>\n<p>\u2014 Gonzalo Guill\u00e9n (@HELIODOPTERO) <a href=\"https:\/\/twitter.com\/HELIODOPTERO\/status\/1747639666147463632?ref_src=twsrc%5Etfw\">January 17, 2024<\/a><\/p><\/blockquote>\n<p><script async src=\"https:\/\/platform.twitter.com\/widgets.js\" charset=\"utf-8\"><\/script><\/p>\n<blockquote class=\"twitter-tweet\" data-dnt=\"true\" data-conversation=\"none\">\n<p dir=\"ltr\" lang=\"qme\">\ud83d\udc47\ud83d\udc47\ud83d\udc47\ud83d\udc47\ud83d\udc47\ud83d\udc47\ud83d\udc47 <a href=\"https:\/\/t.co\/PFqpp3xwaY\">pic.twitter.com\/PFqpp3xwaY<\/a><\/p>\n<p>\u2014 Gonzalo Guill\u00e9n (@HELIODOPTERO) <a href=\"https:\/\/twitter.com\/HELIODOPTERO\/status\/1747647768381005871?ref_src=twsrc%5Etfw\">January 17, 2024<\/a><\/p><\/blockquote>\n<p><script async src=\"https:\/\/platform.twitter.com\/widgets.js\" charset=\"utf-8\"><\/script><\/p>\n","protected":false},"excerpt":{"rendered":"<p>El 15 de enero de 2024, el ministro de Justicia de Colombia, N\u00e9stor Iv\u00e1n Osuna Pati\u00f1o, firm\u00f3 un decreto por el cual se declar\u00f3 la [&hellip;]<\/p>\n","protected":false},"author":1,"featured_media":1402,"comment_status":"open","ping_status":"open","sticky":false,"template":"","format":"standard","meta":{"h5ap_radio_sources":[],"_FSMCFIC_featured_image_caption":"","_FSMCFIC_featured_image_nocaption":"","_FSMCFIC_featured_image_hide":"","_jetpack_memberships_contains_paid_content":false,"footnotes":""},"categories":[12],"tags":[],"class_list":["post-1388","post","type-post","status-publish","format-standard","has-post-thumbnail","hentry","category-colombia"],"aioseo_notices":[],"jetpack_featured_media_url":"https:\/\/nuevaprensaamerica.com\/wp-content\/uploads\/2024\/01\/Jesus-Arias-Cabrales21.jpg","jetpack_sharing_enabled":true,"_links":{"self":[{"href":"https:\/\/nuevaprensaamerica.com\/index.php\/wp-json\/wp\/v2\/posts\/1388","targetHints":{"allow":["GET"]}}],"collection":[{"href":"https:\/\/nuevaprensaamerica.com\/index.php\/wp-json\/wp\/v2\/posts"}],"about":[{"href":"https:\/\/nuevaprensaamerica.com\/index.php\/wp-json\/wp\/v2\/types\/post"}],"author":[{"embeddable":true,"href":"https:\/\/nuevaprensaamerica.com\/index.php\/wp-json\/wp\/v2\/users\/1"}],"replies":[{"embeddable":true,"href":"https:\/\/nuevaprensaamerica.com\/index.php\/wp-json\/wp\/v2\/comments?post=1388"}],"version-history":[{"count":14,"href":"https:\/\/nuevaprensaamerica.com\/index.php\/wp-json\/wp\/v2\/posts\/1388\/revisions"}],"predecessor-version":[{"id":1405,"href":"https:\/\/nuevaprensaamerica.com\/index.php\/wp-json\/wp\/v2\/posts\/1388\/revisions\/1405"}],"wp:featuredmedia":[{"embeddable":true,"href":"https:\/\/nuevaprensaamerica.com\/index.php\/wp-json\/wp\/v2\/media\/1402"}],"wp:attachment":[{"href":"https:\/\/nuevaprensaamerica.com\/index.php\/wp-json\/wp\/v2\/media?parent=1388"}],"wp:term":[{"taxonomy":"category","embeddable":true,"href":"https:\/\/nuevaprensaamerica.com\/index.php\/wp-json\/wp\/v2\/categories?post=1388"},{"taxonomy":"post_tag","embeddable":true,"href":"https:\/\/nuevaprensaamerica.com\/index.php\/wp-json\/wp\/v2\/tags?post=1388"}],"curies":[{"name":"wp","href":"https:\/\/api.w.org\/{rel}","templated":true}]}}