{"id":147,"date":"2023-07-22T23:28:24","date_gmt":"2023-07-22T23:28:24","guid":{"rendered":"https:\/\/nuevaprensaamerica.com\/?p=147"},"modified":"2023-07-27T23:15:58","modified_gmt":"2023-07-27T23:15:58","slug":"siga-las-elecciones-generales-en-espana-en-vivo-y-en-directo-este-23-de-julio-a-traves-de-nuevaprensaamerica-com","status":"publish","type":"post","link":"https:\/\/nuevaprensaamerica.com\/index.php\/2023\/07\/22\/siga-las-elecciones-generales-en-espana-en-vivo-y-en-directo-este-23-de-julio-a-traves-de-nuevaprensaamerica-com\/","title":{"rendered":"Siga las elecciones generales en Espa\u00f1a en vivo y en directo este 23 de julio a trav\u00e9s de nuevaprensaamerica.com"},"content":{"rendered":"<h2><strong>RTVE 24 Horas, transmisi\u00f3n en vivo (Televisi\u00f3n)<\/strong><\/h2>\n    <video-js id=\"videojs69f23a44c4d83\" class=\"vjs-big-play-centered\" controls preload=\"auto\" autoplay playsinline data-setup='{\"fluid\": true}'>\r\n        <source src=\"https:\/\/rtvelivestream.akamaized.net\/rtvesec\/24h\/24h_main.m3u8\" type=\"application\/x-mpegURL\" \/>\r\n    <\/video-js>\r\n           \n<h3><a href=\"https:\/\/www.rtve.es\/play\/videos\/directo\/canales-lineales\/24h\/\" target=\"_blank\" rel=\"noopener\"><strong>Acceda aqu\u00ed directamente a RTVE 24 Horas<\/strong><\/a><\/h3>\n<p>Este 23 de julio se celebran las elecciones generales en Espa\u00f1a, un evento de gran importancia para el futuro pol\u00edtico del pa\u00eds. Si desea estar al tanto de todo lo que suceda durante la jornada electoral, le invitamos a seguirnos en <a href=\"https:\/\/nuevaprensaamerica.com\/index.php\/2023\/07\/22\/siga-las-elecciones-generales-en-espana-en-vivo-y-en-directo-este-23-de-julio-a-traves-de-nuevaprensaamerica-com\/\" target=\"_blank\" rel=\"noopener\"><strong>nuevaprensaamerica.com<\/strong><\/a>, donde podr\u00e1 encontrar una extraordinaria cobertura informativa.<\/p>\n<p>En nuestro sitio puede seguir de cerca los detalles del proceso electoral mediante transmisiones en l\u00ednea, en audio y video. Puede ver las im\u00e1genes de los candidatos, los colegios electorales, los sondeos a pie de urna y los resultados oficiales. Tambi\u00e9n puede escuchar las opiniones de expertos, analistas y ciudadanos sobre el desarrollo de las elecciones.<\/p>\n<p>No se pierda esta oportunidad de estar informado y participar en la democracia. Visite <a href=\"https:\/\/nuevaprensaamerica.com\/index.php\/2023\/07\/22\/siga-las-elecciones-generales-en-espana-en-vivo-y-en-directo-este-23-de-julio-a-traves-de-nuevaprensaamerica-com\/\" target=\"_blank\" rel=\"noopener\"><strong>nuevaprensaamerica.com<\/strong><\/a> este 23 de julio y viva las elecciones generales en Espa\u00f1a con nosotros.<\/p>\n<h2><strong>Cadena Ser (Radio)<\/strong><\/h2>\n    <video-js id=\"videojs69f23a44c4dab\" class=\"vjs-big-play-centered\" controls preload=\"auto\" playsinline data-setup='{\"fluid\": true}'>\r\n        <source src=\"https:\/\/25693.live.streamtheworld.com\/CADENASERAAC_SC\" type=\"video\/mp4\" \/>\r\n    <\/video-js>\r\n           \n<h3><a href=\"https:\/\/cadenaser.com\/\" target=\"_blank\" rel=\"noopener\"><strong>Acceda aqu\u00ed directamente a la Cadena Ser (Radio)<\/strong><\/a><\/h3>\n","protected":false},"excerpt":{"rendered":"<p>RTVE 24 Horas, transmisi\u00f3n en vivo (Televisi\u00f3n) Acceda aqu\u00ed directamente a RTVE 24 Horas Este 23 de julio se celebran las elecciones generales en Espa\u00f1a, [&hellip;]<\/p>\n","protected":false},"author":1,"featured_media":150,"comment_status":"open","ping_status":"open","sticky":false,"template":"","format":"standard","meta":{"h5ap_radio_sources":[],"_FSMCFIC_featured_image_caption":"","_FSMCFIC_featured_image_nocaption":"","_FSMCFIC_featured_image_hide":"","_jetpack_memberships_contains_paid_content":false,"footnotes":""},"categories":[5],"tags":[],"class_list":["post-147","post","type-post","status-publish","format-standard","has-post-thumbnail","hentry","category-internacionales"],"aioseo_notices":[],"jetpack_featured_media_url":"https:\/\/nuevaprensaamerica.com\/wp-content\/uploads\/2023\/07\/elecicones-espana1.jpg","jetpack_sharing_enabled":true,"_links":{"self":[{"href":"https:\/\/nuevaprensaamerica.com\/index.php\/wp-json\/wp\/v2\/posts\/147","targetHints":{"allow":["GET"]}}],"collection":[{"href":"https:\/\/nuevaprensaamerica.com\/index.php\/wp-json\/wp\/v2\/posts"}],"about":[{"href":"https:\/\/nuevaprensaamerica.com\/index.php\/wp-json\/wp\/v2\/types\/post"}],"author":[{"embeddable":true,"href":"https:\/\/nuevaprensaamerica.com\/index.php\/wp-json\/wp\/v2\/users\/1"}],"replies":[{"embeddable":true,"href":"https:\/\/nuevaprensaamerica.com\/index.php\/wp-json\/wp\/v2\/comments?post=147"}],"version-history":[{"count":5,"href":"https:\/\/nuevaprensaamerica.com\/index.php\/wp-json\/wp\/v2\/posts\/147\/revisions"}],"predecessor-version":[{"id":153,"href":"https:\/\/nuevaprensaamerica.com\/index.php\/wp-json\/wp\/v2\/posts\/147\/revisions\/153"}],"wp:featuredmedia":[{"embeddable":true,"href":"https:\/\/nuevaprensaamerica.com\/index.php\/wp-json\/wp\/v2\/media\/150"}],"wp:attachment":[{"href":"https:\/\/nuevaprensaamerica.com\/index.php\/wp-json\/wp\/v2\/media?parent=147"}],"wp:term":[{"taxonomy":"category","embeddable":true,"href":"https:\/\/nuevaprensaamerica.com\/index.php\/wp-json\/wp\/v2\/categories?post=147"},{"taxonomy":"post_tag","embeddable":true,"href":"https:\/\/nuevaprensaamerica.com\/index.php\/wp-json\/wp\/v2\/tags?post=147"}],"curies":[{"name":"wp","href":"https:\/\/api.w.org\/{rel}","templated":true}]}}