{"id":1504,"date":"2024-02-01T02:03:07","date_gmt":"2024-02-01T02:03:07","guid":{"rendered":"https:\/\/nuevaprensaamerica.com\/?p=1504"},"modified":"2024-02-01T02:20:29","modified_gmt":"2024-02-01T02:20:29","slug":"abelardo-de-la-espriella-en-busca-de-la-presidencia-de-colombia-con-el-apoyo-de-uribe-y-evtv-miami","status":"publish","type":"post","link":"https:\/\/nuevaprensaamerica.com\/index.php\/2024\/02\/01\/abelardo-de-la-espriella-en-busca-de-la-presidencia-de-colombia-con-el-apoyo-de-uribe-y-evtv-miami\/","title":{"rendered":"\u00bfAbelardo De la Espriella en busca de la presidencia de Colombia con el apoyo de Uribe y EVTV Miami?"},"content":{"rendered":"<p><strong>Por Graciela Godoy<\/strong><br \/>\n<strong>Opini\u00f3n<\/strong><\/p>\n<p>El abogado Abelardo de la Espriella, conocido por sus esc\u00e1ndalos y sus amenazas de lanzarse a la presidencia de Colombia, parece que esta vez va en serio. Su aspiraci\u00f3n cuenta con el apoyo pol\u00edtico, y se dice que econ\u00f3mico, del expresidente \u00c1lvaro Uribe, quien tambi\u00e9n ha sido protagonista de numerosas controversias por sus presuntos v\u00ednculos con el paramilitarismo y el narcotr\u00e1fico. Ambos han encontrado en el canal de televisi\u00f3n EVTV Miami una plataforma para difundir su imagen y su discurso, con la complicidad de Carlos M\u00e9ndez, el CEO del canal, quien tambi\u00e9n ha sido se\u00f1alado de ser testaferro de pol\u00edticos venezolanos asociados a la corrupci\u00f3n.<\/p>\n<figure id=\"attachment_1295\" aria-describedby=\"caption-attachment-1295\" style=\"width: 1200px\" class=\"wp-caption aligncenter\"><a href=\"https:\/\/nuevaprensaamerica.com\/wp-content\/uploads\/2024\/01\/de-la-espriella-uribe-mendez1-2.jpg\"><img loading=\"lazy\" decoding=\"async\" class=\"size-full wp-image-1295\" src=\"https:\/\/nuevaprensaamerica.com\/wp-content\/uploads\/2024\/01\/de-la-espriella-uribe-mendez1-2.jpg\" alt=\"\" width=\"1200\" height=\"1500\" srcset=\"https:\/\/nuevaprensaamerica.com\/wp-content\/uploads\/2024\/01\/de-la-espriella-uribe-mendez1-2.jpg 1200w, https:\/\/nuevaprensaamerica.com\/wp-content\/uploads\/2024\/01\/de-la-espriella-uribe-mendez1-2-240x300.jpg 240w, https:\/\/nuevaprensaamerica.com\/wp-content\/uploads\/2024\/01\/de-la-espriella-uribe-mendez1-2-819x1024.jpg 819w, https:\/\/nuevaprensaamerica.com\/wp-content\/uploads\/2024\/01\/de-la-espriella-uribe-mendez1-2-768x960.jpg 768w\" sizes=\"auto, (max-width: 1200px) 100vw, 1200px\" \/><\/a><figcaption id=\"caption-attachment-1295\" class=\"wp-caption-text\">Abelardo de la Espriella. \u00c1lvaro Uribe y Carlos M\u00e9ndez<\/figcaption><\/figure>\n<h3>Un abogado fan\u00e1tico y controvertido<\/h3>\n<p>Abelardo de la Espriella no es un abogado cualquiera. Es un defensor ac\u00e9rrimo de Uribe, al que ha acompa\u00f1ado en varias ocasiones, incluso en medio de tragos. Su fanatismo por Uribe le ha valido cr\u00edticas y cuestionamientos sobre su objetividad y su \u00e9tica profesional.<\/p>\n<p>De la Espriella tambi\u00e9n ha estado involucrado en casos pol\u00e9micos, como el de \u00c1lex Saab, el empresario colombiano que fue acusado de lavar dinero para la administraci\u00f3n de Nicol\u00e1s Maduro y que luego fue indultado y liberado por el gobierno de Estados Unidos a finales de 2023. De la Espriella fue su abogado en Colombia, pero renunci\u00f3 a su defensa cuando Saab entr\u00f3 en la lista OFAC, tambi\u00e9n conocida como Lista Clinton, que implica el congelamiento de los activos de las personas vinculadas a la corrupci\u00f3n o el narcotr\u00e1fico.<\/p>\n<p>Sin embargo, el periodista Daniel Coronell puso en duda esta renuncia, al se\u00f1alar que De la Espriella no mostr\u00f3 el documento que lo acreditara, mientras algunas voces han sugerido que el abogado pudo haber colaborado con Saab en su fuga de Colombia y en algunos negocios turbios. Se rumora que De la Espriella y Saab terminaron su relaci\u00f3n, luego de que el abogado se convirtiera en informante de las autoridades estadounidenses en el caso contra Saab.<\/p>\n<h3>Un expresidente acusado de cr\u00edmenes y corrupci\u00f3n<\/h3>\n<p>\u00c1lvaro Uribe, por su parte, ha sido el expresidente m\u00e1s pol\u00e9mico de la historia reciente de Colombia. En agosto de 2020, la Corte Suprema de Justicia orden\u00f3 su arresto domiciliario, por los delitos de fraude procesal y soborno, convirti\u00e9ndolo en el primer expresidente en Colombia en tener que cumplir esa medida. Uribe se declar\u00f3 inocente y denunci\u00f3 una persecuci\u00f3n pol\u00edtica.<\/p>\n<p>Uribe ha sido se\u00f1alado por tener nexos con grupos paramilitares que cometieron masacres y ejecuciones extrajudiciales en Colombia. La Corte Suprema solicit\u00f3 pruebas y testimonios de exjefes paramilitares para demostrar estos v\u00ednculos. Adem\u00e1s, Uribe ha sido acusado por diplom\u00e1ticos estadounidenses de haber tenido relaciones con el narcotr\u00e1fico en los a\u00f1os 90, seg\u00fan documentos desclasificados del Departamento de Estado.<\/p>\n<p>En noviembre de 2023, Uribe fue denunciado en Argentina por tres organizaciones y once v\u00edctimas por su presunta participaci\u00f3n en genocidios. Uribe tambi\u00e9n ha sido vinculado a varias masacres ocurridas entre 1996 y 1997. Los testimonios aseguran que Uribe y su hermano Santiago fundaron el Bloque Metro, una rama del paramilitarismo que dej\u00f3 decenas de miles de v\u00edctimas. Santiago Uribe fue arrestado en 2016 por crear otro grupo paramilitar, los Doce Ap\u00f3stoles.<\/p>\n<p>Las acusaciones contra Uribe han generado un intenso debate en Colombia y han puesto en duda su legado pol\u00edtico. A pesar de las controversias, Uribe sigue siendo una figura influyente en la pol\u00edtica colombiana y el presidente honorario del partido Centro Democr\u00e1tico, que \u00e9l mismo fund\u00f3 y que busca recuperar el poder en las pr\u00f3ximas elecciones.<\/p>\n<h3>Un canal al servicio de los intereses de la dupla<\/h3>\n<p>Para lograr su objetivo, De la Espriella y Uribe han recurrido al canal de televisi\u00f3n EVTV Miami, que se ha prestado para lavar la imagen de ambos y promover su candidatura. De la Espriella fue recibido por Carlos M\u00e9ndez, el CEO del canal, en diciembre de 2023, y se anunci\u00f3 que tendr\u00eda un programa en el canal a partir de 2024. M\u00e1s recientemente, De la Espriella ha aparecido en p\u00fablico junto a M\u00e9ndez y Uribe, en lo que parece ser una estrategia de proyecci\u00f3n medi\u00e1tica con fines pol\u00edticos.<\/p>\n<blockquote class=\"wp-embedded-content\" data-secret=\"qsE2cp2IEr\"><p><a href=\"https:\/\/nuevaprensaamerica.com\/index.php\/2023\/12\/21\/abelardo-de-la-espriella-recibido-con-honores-en-evtv-miami-por-quienes-durante-anos-han-despotricado-de-alex-saab-a-quien-el-abogado-habria-ayudado-a-huir-de-colombia\/\">Abelardo De La Espriella es recibido con honores en EVTV Miami por quienes durante a\u00f1os han despotricado de Alex Saab, a quien el abogado habr\u00eda ayudado a huir de Colombia<\/a><\/p><\/blockquote>\n<p><iframe loading=\"lazy\" title=\"&#8220;Abelardo De La Espriella es recibido con honores en EVTV Miami por quienes durante a\u00f1os han despotricado de Alex Saab, a quien el abogado habr\u00eda ayudado a huir de Colombia&#8221; &#8212; PRENSA AM\u00c9RICA\" sandbox=\"allow-scripts\" security=\"restricted\" src=\"https:\/\/nuevaprensaamerica.com\/index.php\/2023\/12\/21\/abelardo-de-la-espriella-recibido-con-honores-en-evtv-miami-por-quienes-durante-anos-han-despotricado-de-alex-saab-a-quien-el-abogado-habria-ayudado-a-huir-de-colombia\/embed\/#?secret=qsE2cp2IEr\" width=\"600\" height=\"338\" data-secret=\"qsE2cp2IEr\" frameborder=\"0\" marginwidth=\"0\" marginheight=\"0\" scrolling=\"no\" class=\"wp-embedded-content\"><\/iframe><script>\/*! This file is auto-generated *\/!function(d,l){\"use strict\";l.querySelector&&d.addEventListener&&\"undefined\"!=typeof URL&&(d.wp=d.wp||{},d.wp.receiveEmbedMessage||(d.wp.receiveEmbedMessage=function(e){var t=e.data;if((t||t.secret||t.message||t.value)&&!\/[^a-zA-Z0-9]\/.test(t.secret)){for(var s,r,n,a=l.querySelectorAll('iframe[data-secret=\"'+t.secret+'\"]'),o=l.querySelectorAll('blockquote[data-secret=\"'+t.secret+'\"]'),c=new RegExp(\"^https?:$\",\"i\"),i=0;i<o.length;i++)o[i].style.display=\"none\";for(i=0;i<a.length;i++)s=a[i],e.source===s.contentWindow&#038;&#038;(s.removeAttribute(\"style\"),\"height\"===t.message?(1e3<(r=parseInt(t.value,10))?r=1e3:~~r<200&#038;&#038;(r=200),s.height=r):\"link\"===t.message&#038;&#038;(r=new URL(s.getAttribute(\"src\")),n=new URL(t.value),c.test(n.protocol))&#038;&#038;n.host===r.host&#038;&#038;l.activeElement===s&#038;&#038;(d.top.location.href=t.value))}},d.addEventListener(\"message\",d.wp.receiveEmbedMessage,!1),l.addEventListener(\"DOMContentLoaded\",function(){for(var e,t,s=l.querySelectorAll(\"iframe.wp-embedded-content\"),r=0;r<s.length;r++)(t=(e=s[r]).getAttribute(\"data-secret\"))||(t=Math.random().toString(36).substring(2,12),e.src+=\"#?secret=\"+t,e.setAttribute(\"data-secret\",t)),e.contentWindow.postMessage({message:\"ready\",secret:t},\"*\")},!1)))}(window,document);<\/script><\/p>\n<p>EVTV Miami no es ajeno a este tipo de operaciones. Ya antes, hab\u00eda sido utilizado para limpiar la imagen de Juan Guaid\u00f3 y de su fallido gobierno interino, frente a las cr\u00edticas y denuncias por irregularidades, malos manejos y hechos de corrupci\u00f3n. Adem\u00e1s, Carlos M\u00e9ndez ha sido se\u00f1alado de ser testaferro de los Salas, exgobernadores del estado Carabobo en Venezuela, sindicado de haberse enriquecido il\u00edcitamente con dinero p\u00fablico.<\/p>\n<p>De esta manera, De la Espriella y Uribe buscan posicionarse como candidatos a la presidencia de Colombia, con el apoyo de un canal que les sirve de altavoz y de escudo. De la Espriella, adem\u00e1s, pretende adelantarse a la senadora Mar\u00eda Fernanda Cabal, quien tambi\u00e9n aspira a ser candidata por el Centro Democr\u00e1tico, con el respaldo de Uribe.<\/p>\n<p>Tal vez, De la Espriella cree que si Uribe le da su bendici\u00f3n, podr\u00eda repetir el fen\u00f3meno de Iv\u00e1n Duque, que fue elegido gracias al patrocinio de Uribe. En el complejo tablero pol\u00edtico de Colombia, las figuras de De la Espriella y Uribe, con su pasado y presente lleno de disputas y acusaciones, parecen estar tejiendo una nueva narrativa en busca de poder. Sin embargo, las controversias que los rodean podr\u00edan ser un obst\u00e1culo significativo en su camino hacia la presidencia, a menos que la mayor\u00eda de los colombianos decidan que el llamado \"De la Espriella Style\", por la particular forma de vestir del abogado, sea adoptado en la Casa de Nari\u00f1o.<\/p>\n<blockquote class=\"wp-embedded-content\" data-secret=\"E5603P3n6k\"><p><a href=\"https:\/\/nuevaprensaamerica.com\/index.php\/2024\/01\/14\/listos-para-lavar-la-imagen-de-uribe-en-evtv-miami\/\">\u00a1Listos para lavar&#8230;! la imagen de Uribe en EVTV Miami<\/a><\/p><\/blockquote>\n<p><iframe loading=\"lazy\" title=\"&#8220;\u00a1Listos para lavar&#8230;! la imagen de Uribe en EVTV Miami&#8221; &#8212; PRENSA AM\u00c9RICA\" sandbox=\"allow-scripts\" security=\"restricted\" src=\"https:\/\/nuevaprensaamerica.com\/index.php\/2024\/01\/14\/listos-para-lavar-la-imagen-de-uribe-en-evtv-miami\/embed\/#?secret=E5603P3n6k\" width=\"600\" height=\"338\" data-secret=\"E5603P3n6k\" frameborder=\"0\" marginwidth=\"0\" marginheight=\"0\" scrolling=\"no\" class=\"wp-embedded-content\"><\/iframe><script>\/*! This file is auto-generated *\/!function(d,l){\"use strict\";l.querySelector&&d.addEventListener&&\"undefined\"!=typeof URL&&(d.wp=d.wp||{},d.wp.receiveEmbedMessage||(d.wp.receiveEmbedMessage=function(e){var t=e.data;if((t||t.secret||t.message||t.value)&&!\/[^a-zA-Z0-9]\/.test(t.secret)){for(var s,r,n,a=l.querySelectorAll('iframe[data-secret=\"'+t.secret+'\"]'),o=l.querySelectorAll('blockquote[data-secret=\"'+t.secret+'\"]'),c=new RegExp(\"^https?:$\",\"i\"),i=0;i<o.length;i++)o[i].style.display=\"none\";for(i=0;i<a.length;i++)s=a[i],e.source===s.contentWindow&#038;&#038;(s.removeAttribute(\"style\"),\"height\"===t.message?(1e3<(r=parseInt(t.value,10))?r=1e3:~~r<200&#038;&#038;(r=200),s.height=r):\"link\"===t.message&#038;&#038;(r=new URL(s.getAttribute(\"src\")),n=new URL(t.value),c.test(n.protocol))&#038;&#038;n.host===r.host&#038;&#038;l.activeElement===s&#038;&#038;(d.top.location.href=t.value))}},d.addEventListener(\"message\",d.wp.receiveEmbedMessage,!1),l.addEventListener(\"DOMContentLoaded\",function(){for(var e,t,s=l.querySelectorAll(\"iframe.wp-embedded-content\"),r=0;r<s.length;r++)(t=(e=s[r]).getAttribute(\"data-secret\"))||(t=Math.random().toString(36).substring(2,12),e.src+=\"#?secret=\"+t,e.setAttribute(\"data-secret\",t)),e.contentWindow.postMessage({message:\"ready\",secret:t},\"*\")},!1)))}(window,document);<\/script><\/p>\n","protected":false},"excerpt":{"rendered":"<p>Por Graciela Godoy Opini\u00f3n El abogado Abelardo de la Espriella, conocido por sus esc\u00e1ndalos y sus amenazas de lanzarse a la presidencia de Colombia, parece [&hellip;]<\/p>\n","protected":false},"author":1,"featured_media":1509,"comment_status":"open","ping_status":"open","sticky":false,"template":"","format":"standard","meta":{"h5ap_radio_sources":[],"_FSMCFIC_featured_image_caption":"","_FSMCFIC_featured_image_nocaption":"","_FSMCFIC_featured_image_hide":"","_jetpack_memberships_contains_paid_content":false,"footnotes":""},"categories":[5],"tags":[],"class_list":["post-1504","post","type-post","status-publish","format-standard","has-post-thumbnail","hentry","category-internacionales"],"aioseo_notices":[],"jetpack_featured_media_url":"https:\/\/nuevaprensaamerica.com\/wp-content\/uploads\/2024\/02\/uribe-de-la-espriella1.jpg","jetpack_sharing_enabled":true,"_links":{"self":[{"href":"https:\/\/nuevaprensaamerica.com\/index.php\/wp-json\/wp\/v2\/posts\/1504","targetHints":{"allow":["GET"]}}],"collection":[{"href":"https:\/\/nuevaprensaamerica.com\/index.php\/wp-json\/wp\/v2\/posts"}],"about":[{"href":"https:\/\/nuevaprensaamerica.com\/index.php\/wp-json\/wp\/v2\/types\/post"}],"author":[{"embeddable":true,"href":"https:\/\/nuevaprensaamerica.com\/index.php\/wp-json\/wp\/v2\/users\/1"}],"replies":[{"embeddable":true,"href":"https:\/\/nuevaprensaamerica.com\/index.php\/wp-json\/wp\/v2\/comments?post=1504"}],"version-history":[{"count":15,"href":"https:\/\/nuevaprensaamerica.com\/index.php\/wp-json\/wp\/v2\/posts\/1504\/revisions"}],"predecessor-version":[{"id":1520,"href":"https:\/\/nuevaprensaamerica.com\/index.php\/wp-json\/wp\/v2\/posts\/1504\/revisions\/1520"}],"wp:featuredmedia":[{"embeddable":true,"href":"https:\/\/nuevaprensaamerica.com\/index.php\/wp-json\/wp\/v2\/media\/1509"}],"wp:attachment":[{"href":"https:\/\/nuevaprensaamerica.com\/index.php\/wp-json\/wp\/v2\/media?parent=1504"}],"wp:term":[{"taxonomy":"category","embeddable":true,"href":"https:\/\/nuevaprensaamerica.com\/index.php\/wp-json\/wp\/v2\/categories?post=1504"},{"taxonomy":"post_tag","embeddable":true,"href":"https:\/\/nuevaprensaamerica.com\/index.php\/wp-json\/wp\/v2\/tags?post=1504"}],"curies":[{"name":"wp","href":"https:\/\/api.w.org\/{rel}","templated":true}]}}