{"id":1546,"date":"2024-02-03T06:54:51","date_gmt":"2024-02-03T06:54:51","guid":{"rendered":"https:\/\/nuevaprensaamerica.com\/?p=1546"},"modified":"2024-02-03T06:54:51","modified_gmt":"2024-02-03T06:54:51","slug":"maximo-tribunal-venezolano-requiere-a-panama-la-extradicion-de-los-hermanos-chamel-y-jose-gaspard-morell-bajo-cargos-de-estafa-y-fraude","status":"publish","type":"post","link":"https:\/\/nuevaprensaamerica.com\/index.php\/2024\/02\/03\/maximo-tribunal-venezolano-requiere-a-panama-la-extradicion-de-los-hermanos-chamel-y-jose-gaspard-morell-bajo-cargos-de-estafa-y-fraude\/","title":{"rendered":"M\u00e1ximo tribunal venezolano requiere a Panam\u00e1 la extradici\u00f3n de los hermanos Chamel y Jos\u00e9 Gaspard Morell bajo cargos de estafa y fraude"},"content":{"rendered":"<p>La Sala de Casaci\u00f3n Penal del Tribunal Supremo de Justicia <a href=\"http:\/\/historico.tsj.gob.ve\/decisiones\/scp\/febrero\/332326-007-1224-2024-E24-9.HTML\" target=\"_blank\" rel=\"noopener\">(TSJ) declar\u00f3 procedente<\/a>, el pasado jueves 1 de febrero, la solicitud de extradici\u00f3n activa de los ciudadanos Jos\u00e9 Gaspar Morell y Chamel Gaspard Morell, de nacionalidad venezolana, quienes residen en la Rep\u00fablica de Panam\u00e1, por su presunta participaci\u00f3n en los delitos de estafa agravada, fraude y asociaci\u00f3n para delinquir.<\/p>\n<h3>Los hechos del caso<\/h3>\n<p>Los hermanos Gaspard Morell son requeridos por el Tribunal D\u00e9cimo Segundo de Primera Instancia Estadal en Funciones de Control del Circuito Judicial Penal del \u00c1rea Metropolitana de Caracas, que en fecha 12 de diciembre de 2023, emiti\u00f3 una orden de aprehensi\u00f3n en su contra, a solicitud de la Fiscal\u00eda Sexta del Ministerio P\u00fablico del \u00c1rea Metropolitana de Caracas, seg\u00fan la web\u00a0<a href=\"https:\/\/reportedelaeconomia.com\/internacionales\/tribunal-supremo-de-justicia-de-venezuela-solicita-a-panama-la-extradicion-de-los-venezolanos-chamel-y-jose-gaspar-morell\/\" target=\"_blank\" rel=\"noopener\">Reporte<\/a>.<\/p>\n<figure id=\"attachment_1549\" aria-describedby=\"caption-attachment-1549\" style=\"width: 700px\" class=\"wp-caption aligncenter\"><a href=\"https:\/\/nuevaprensaamerica.com\/wp-content\/uploads\/2024\/02\/chanmel-jose-gaspard1.jpg\"><img loading=\"lazy\" decoding=\"async\" class=\"size-full wp-image-1549\" src=\"https:\/\/nuevaprensaamerica.com\/wp-content\/uploads\/2024\/02\/chanmel-jose-gaspard1.jpg\" alt=\"\" width=\"700\" height=\"450\" srcset=\"https:\/\/nuevaprensaamerica.com\/wp-content\/uploads\/2024\/02\/chanmel-jose-gaspard1.jpg 700w, https:\/\/nuevaprensaamerica.com\/wp-content\/uploads\/2024\/02\/chanmel-jose-gaspard1-300x193.jpg 300w\" sizes=\"auto, (max-width: 700px) 100vw, 700px\" \/><\/a><figcaption id=\"caption-attachment-1549\" class=\"wp-caption-text\">Chamel y Jos\u00e9 Gaspard Morell<\/figcaption><\/figure>\n<p>Seg\u00fan las actas del expediente, los hechos que motivaron la orden de aprehensi\u00f3n se remontan al mes de abril de 2018, cuando los ciudadanos Jos\u00e9 Gaspard Morell y Chamel Gaspard Morell, quienes fung\u00edan como presidentes de la empresa Industrias JG Induven 12-72, C.A., le ofrecieron a un inversor, bajo artificios y enga\u00f1o, la oportunidad de realizar una inversi\u00f3n que consist\u00eda en la compra de un inmueble en la Rep\u00fablica de Panam\u00e1 con capital totalmente aportado por su persona, adquisici\u00f3n que se realizar\u00eda mediante la referida empresa, representada en ese momento por los ciudadanos Jos\u00e9 Nolberto Tom\u00e1s y Manuel del Jes\u00fas Carri\u00f3n, indic\u00e1ndole que luego de eso le realizar\u00edan el traspaso del 100% de las acciones de la empresa.<\/p>\n<p>Sin embargo, los ciudadanos Jos\u00e9 Gaspard Morell y Chamel Gaspard Morell, vali\u00e9ndose de la buena fe de la v\u00edctima, no cumplieron con el acuerdo previsto y no le otorgaron la totalidad de las acciones, caus\u00e1ndole en consecuencia una afectaci\u00f3n a su patrimonio.<\/p>\n<h3>La investigaci\u00f3n del Ministerio P\u00fablico<\/h3>\n<p>Asimismo, el ciudadano Jos\u00e9 Nolberto Tom\u00e1s, empleando artificios y artima\u00f1as, se dio a la tarea de introducir y autenticar en el mes de diciembre de 2022, ante la Notar\u00eda P\u00fablica Primera de Puerto la Cruz, Estado Anzo\u00e1tegui, una \u201cDeclaraci\u00f3n Jurada\u201d, mediante la cual informa que un inversor, en el mes de enero de 2018, mostr\u00f3 inter\u00e9s en adquirir acciones de la empresa en referencia, pero que no hab\u00eda realizado el pago de 5.000 d\u00f3lares americanos, acotando que de igual forma su persona no hab\u00eda efectuado el traspaso formal de las acciones, lo cual es falso.<\/p>\n<p>El Ministerio P\u00fablico realiz\u00f3 diversos actos de investigaci\u00f3n para esclarecer los hechos, entre los cuales se encuentran la denuncia de la v\u00edctima, las boletas de citaci\u00f3n a los ciudadanos Jos\u00e9 Gaspard Morell, Chamel Gaspard Morell y Jos\u00e9 Nolberto Tom\u00e1s, las cuales no fueron atendidas por los mismos, las copias certificadas de los documentos de la empresa Industrias JG Induven 12-72, C.A., la inspecci\u00f3n t\u00e9cnica a la notar\u00eda donde se realiz\u00f3 la declaraci\u00f3n jurada de Jos\u00e9 Nolberto Tom\u00e1s, y la solicitud de la notificaci\u00f3n roja de Interpol para la localizaci\u00f3n y captura de los ciudadanos requeridos.<\/p>\n<h3>La detenci\u00f3n y la solicitud de extradici\u00f3n<\/h3>\n<p>En fecha 29 de diciembre de 2023, la Direcci\u00f3n de Investigaciones de Interpol inform\u00f3 al Ministerio P\u00fablico que los ciudadanos Jos\u00e9 Gaspard Morell y Chamel Gaspard Morell presentaban notificaciones rojas por Interpol, a solicitud del Tribunal D\u00e9cimo Segundo de Primera Instancia en Funciones de Control del \u00c1rea Metropolitana de Caracas.<\/p>\n<figure id=\"attachment_1552\" aria-describedby=\"caption-attachment-1552\" style=\"width: 1200px\" class=\"wp-caption aligncenter\"><a href=\"https:\/\/nuevaprensaamerica.com\/wp-content\/uploads\/2024\/02\/gaspard-morell-fotografia-dudosa1.jpg\"><img loading=\"lazy\" decoding=\"async\" class=\"size-full wp-image-1552\" src=\"https:\/\/nuevaprensaamerica.com\/wp-content\/uploads\/2024\/02\/gaspard-morell-fotografia-dudosa1.jpg\" alt=\"\" width=\"1200\" height=\"762\" srcset=\"https:\/\/nuevaprensaamerica.com\/wp-content\/uploads\/2024\/02\/gaspard-morell-fotografia-dudosa1.jpg 1200w, https:\/\/nuevaprensaamerica.com\/wp-content\/uploads\/2024\/02\/gaspard-morell-fotografia-dudosa1-300x191.jpg 300w, https:\/\/nuevaprensaamerica.com\/wp-content\/uploads\/2024\/02\/gaspard-morell-fotografia-dudosa1-1024x650.jpg 1024w, https:\/\/nuevaprensaamerica.com\/wp-content\/uploads\/2024\/02\/gaspard-morell-fotografia-dudosa1-768x488.jpg 768w\" sizes=\"auto, (max-width: 1200px) 100vw, 1200px\" \/><\/a><figcaption id=\"caption-attachment-1552\" class=\"wp-caption-text\">Chamel y Jos\u00e9 Gaspard Morell<\/figcaption><\/figure>\n<p>En fecha 8 de enero de 2024, la misma Direcci\u00f3n de Investigaciones de Interpol comunic\u00f3 al Ministerio P\u00fablico que funcionarios de la Oficina Central Nacional Panam\u00e1 hab\u00edan realizado la aprehensi\u00f3n del ciudadano Jos\u00e9 Gaspard Morell, quien presentaba notificaci\u00f3n roja por Interpol, por los delitos de estafa agravada y asociaci\u00f3n para delinquir.<\/p>\n<p>En virtud de lo anterior, el Ministerio P\u00fablico solicit\u00f3 al Tribunal D\u00e9cimo Segundo de Primera Instancia Estadal en Funciones de Control del Circuito Judicial Penal del \u00c1rea Metropolitana de Caracas, el inicio del procedimiento de extradici\u00f3n activa del ciudadano Jos\u00e9 Gaspard Morell, por, seg\u00fan el dictamen judicial, encontrarse detenido en la Rep\u00fablica de Panam\u00e1.<\/p>\n<p>Sin embargo, fuentes judiciales paname\u00f1as se\u00f1alaron que Jos\u00e9 Gaspard Morell se encuentra en libertad en Panam\u00e1, tras haber sido detenido, despu\u00e9s que un tribunal paname\u00f1o estableciera el pago de una fianza para decretar su puesta en libertad.<\/p>\n<h3>La decisi\u00f3n del TSJ<\/h3>\n<p>En fecha 9 de enero de 2024, el referido tribunal acord\u00f3 el inicio del procedimiento de extradici\u00f3n activa y la inmediata remisi\u00f3n de las actuaciones a la Sala de Casaci\u00f3n Penal del Tribunal Supremo de Justicia, por su esencia, para el conocimiento directo, en \u00fanica instancia, de la extradici\u00f3n activa del ciudadano Jos\u00e9 Gaspard Morell.<\/p>\n<div>\n<div style=\"left: 0; width: 100%; height: 0; position: relative; padding-bottom: 64.2857%; padding-top: 120px;\"><iframe title=\"Chamel y Jos\u00e9 Gaspard Morell, venezolanos acusados de estafa y lavado de dinero, se refugian en Panam\u00e1 mientras son seguidos por la Interpol\" src=\"\/\/if-cdn.com\/qit81sn?maxheight=960&#038;app=1\" style=\"top: 0; left: 0; width: 100%; height: 100%; position: absolute; border: 0;\" allowfullscreen><\/iframe><\/div>\n<\/div>\n<p><script async src=\"\/\/if-cdn.com\/embed.js\" charset=\"utf-8\"><\/script><script type=\"text\/javascript\">window.addEventListener(\"message\",function(e){\n                window.parent.postMessage(e.data,\"*\");\n            },false);<\/script><\/p>\n<p>En fecha 18 de enero de 2024, la Secretar\u00eda de la Sala de Casaci\u00f3n Penal emiti\u00f3 los oficios correspondientes al Fiscal General de la Rep\u00fablica Bolivariana de Venezuela, al Director General del Servicio Administrativo de Identificaci\u00f3n, Migraci\u00f3n y Extranjer\u00eda (SAIME), y al Director de Asuntos Internacionales del Ministerio P\u00fablico, a los fines de dar cumplimiento a lo establecido en el art\u00edculo 111, numeral 16, del C\u00f3digo Org\u00e1nico Procesal Penal.<\/p>\n<p>El 22 de enero de 2024, se recibi\u00f3 v\u00eda correspondencia, el escrito contentivo de la opini\u00f3n fiscal, suscrito por el Fiscal General de la Rep\u00fablica Bolivariana de Venezuela, en el cual se solicit\u00f3 se declarara la procedencia de la extradici\u00f3n activa del ciudadano Jos\u00e9 Gaspard Morell, por concurrir todos los requerimientos formales y sustanciales necesarios para la procedencia extradicional propuesta.<\/p>\n<p>La Sala de Casaci\u00f3n Penal, luego de verificar los requisitos necesarios para sustentar la solicitud de extradici\u00f3n activa, declar\u00f3 procedente la misma, de conformidad con lo dispuesto en la Convenci\u00f3n Interamericana sobre Extradici\u00f3n, suscrita por la Rep\u00fablica de Panam\u00e1 y la Rep\u00fablica Bolivariana de Venezuela, en la Conferencia Especializada Interamericana sobre Extradici\u00f3n, celebrada en la ciudad de Caracas, del 16 al 25 de febrero de 1981.<\/p>\n<p>La Sala de Casaci\u00f3n Penal consider\u00f3 que los delitos por los cuales se requiere la extradici\u00f3n del ciudadano Jos\u00e9 Gaspard Morell est\u00e1n tipificados en ambas legislaciones, con una pena privativa de libertad superior a un a\u00f1o, y que las acciones penales no se encuentran prescritas, conforme a lo establecido en los art\u00edculos 1 y 2 de la mencionada Convenci\u00f3n.<\/p>\n<h3>La orden al Ejecutivo Nacional venezolano<\/h3>\n<p>Asimismo, la Sala de Casaci\u00f3n Penal orden\u00f3 la remisi\u00f3n de las actuaciones al Ejecutivo Nacional, por \u00f3rgano del Ministerio del Poder Popular para Relaciones Exteriores, a los fines de que se realicen las gestiones pertinentes para la extradici\u00f3n del ciudadano Jos\u00e9 Gaspard Morell, de conformidad con lo previsto en el art\u00edculo 385 del C\u00f3digo Org\u00e1nico Procesal Penal.<\/p>\n<p>Finalmente, la Sala de Casaci\u00f3n Penal exhort\u00f3 al Ejecutivo Nacional venezolano a solicitar la detenci\u00f3n preventiva con fines de extradici\u00f3n del ciudadano Chamel Gaspard Morell, de nacionalidad venezolana, quien se encuentra en la misma situaci\u00f3n que su hermano Jos\u00e9 Gaspard Morell, y a iniciar el correspondiente procedimiento de extradici\u00f3n activa, de conformidad con lo establecido en el art\u00edculo 384 del C\u00f3digo Org\u00e1nico Procesal Penal.<\/p>\n<p>De igual modo, se espera un pr\u00f3ximo pronunciamiento por parte de las autoridades de Panam\u00e1, en torno a solicitud de extradici\u00f3n realizada por el m\u00e1ximo tribunal de justicia de Venezuela.<\/p>\n<p><iframe loading=\"lazy\" class=\"scribd_iframe_embed\" tabindex=\"0\" title=\"TSJ de Venezuela Solicita Extradici\u00f3n de Hermanos Chamell y Jose Gaspard Morell\" src=\"https:\/\/www.scribd.com\/embeds\/703278533\/content?start_page=1&amp;view_mode=scroll&amp;access_key=key-6yNyTFerRo0pitTs2p7p\" width=\"100%\" height=\"600\" frameborder=\"0\" scrolling=\"no\" data-auto-height=\"true\" data-aspect-ratio=\"0.7080062794348508\" data-mce-fragment=\"1\"><\/iframe><\/p>\n<p style=\"margin: 12px auto 6px auto; font-family: Helvetica,Arial,Sans-serif; font-style: normal; font-variant: normal; font-weight: normal; font-size: 14px; line-height: normal; font-size-adjust: none; font-stretch: normal; -x-system-font: none; display: block;\"><a style=\"text-decoration: underline;\" title=\"View TSJ de Venezuela Solicita Extradici\u00f3n de Hermanos Chamell y Jose Gaspard Morell on Scribd\" href=\"https:\/\/www.scribd.com\/document\/703278533\/TSJ-de-Venezuela-Solicita-Extradicion-de-Hermanos-Chamell-y-Jose-Gaspard-Morell#from_embed\">TSJ de Venezuela Solicita E&#8230;<\/a> by <a style=\"text-decoration: underline;\" title=\"View Presents 360's profile on Scribd\" href=\"https:\/\/www.scribd.com\/user\/451698204\/Presents-360#from_embed\">Presents 360<\/a><\/p>\n","protected":false},"excerpt":{"rendered":"<p>La Sala de Casaci\u00f3n Penal del Tribunal Supremo de Justicia (TSJ) declar\u00f3 procedente, el pasado jueves 1 de febrero, la solicitud de extradici\u00f3n activa de [&hellip;]<\/p>\n","protected":false},"author":1,"featured_media":1554,"comment_status":"open","ping_status":"open","sticky":false,"template":"","format":"standard","meta":{"h5ap_radio_sources":[],"_FSMCFIC_featured_image_caption":"","_FSMCFIC_featured_image_nocaption":"","_FSMCFIC_featured_image_hide":"","_jetpack_memberships_contains_paid_content":false,"footnotes":""},"categories":[5],"tags":[],"class_list":["post-1546","post","type-post","status-publish","format-standard","has-post-thumbnail","hentry","category-internacionales"],"aioseo_notices":[],"jetpack_featured_media_url":"https:\/\/nuevaprensaamerica.com\/wp-content\/uploads\/2024\/02\/chamel-jose-gaspard1.jpg","jetpack_sharing_enabled":true,"_links":{"self":[{"href":"https:\/\/nuevaprensaamerica.com\/index.php\/wp-json\/wp\/v2\/posts\/1546","targetHints":{"allow":["GET"]}}],"collection":[{"href":"https:\/\/nuevaprensaamerica.com\/index.php\/wp-json\/wp\/v2\/posts"}],"about":[{"href":"https:\/\/nuevaprensaamerica.com\/index.php\/wp-json\/wp\/v2\/types\/post"}],"author":[{"embeddable":true,"href":"https:\/\/nuevaprensaamerica.com\/index.php\/wp-json\/wp\/v2\/users\/1"}],"replies":[{"embeddable":true,"href":"https:\/\/nuevaprensaamerica.com\/index.php\/wp-json\/wp\/v2\/comments?post=1546"}],"version-history":[{"count":6,"href":"https:\/\/nuevaprensaamerica.com\/index.php\/wp-json\/wp\/v2\/posts\/1546\/revisions"}],"predecessor-version":[{"id":1555,"href":"https:\/\/nuevaprensaamerica.com\/index.php\/wp-json\/wp\/v2\/posts\/1546\/revisions\/1555"}],"wp:featuredmedia":[{"embeddable":true,"href":"https:\/\/nuevaprensaamerica.com\/index.php\/wp-json\/wp\/v2\/media\/1554"}],"wp:attachment":[{"href":"https:\/\/nuevaprensaamerica.com\/index.php\/wp-json\/wp\/v2\/media?parent=1546"}],"wp:term":[{"taxonomy":"category","embeddable":true,"href":"https:\/\/nuevaprensaamerica.com\/index.php\/wp-json\/wp\/v2\/categories?post=1546"},{"taxonomy":"post_tag","embeddable":true,"href":"https:\/\/nuevaprensaamerica.com\/index.php\/wp-json\/wp\/v2\/tags?post=1546"}],"curies":[{"name":"wp","href":"https:\/\/api.w.org\/{rel}","templated":true}]}}