{"id":1557,"date":"2024-02-04T07:16:54","date_gmt":"2024-02-04T07:16:54","guid":{"rendered":"https:\/\/nuevaprensaamerica.com\/?p=1557"},"modified":"2024-02-04T07:19:23","modified_gmt":"2024-02-04T07:19:23","slug":"investigacion-revela-encubrimiento-por-parte-de-martha-mancera-vicefiscal-general-de-colombia-a-francisco-martinez-ardila-alias-pacho-malo-funcionario-del-cti-senalado-de-nexos-co","status":"publish","type":"post","link":"https:\/\/nuevaprensaamerica.com\/index.php\/2024\/02\/04\/investigacion-revela-encubrimiento-por-parte-de-martha-mancera-vicefiscal-general-de-colombia-a-francisco-martinez-ardila-alias-pacho-malo-funcionario-del-cti-senalado-de-nexos-co\/","title":{"rendered":"Investigaci\u00f3n revela encubrimiento por parte de Martha Mancera, vicefiscal general de Colombia, a Francisco Mart\u00ednez Ardila, alias \u201cPacho Malo\u201d, funcionario del CTI se\u00f1alado de nexos con el narcotr\u00e1fico"},"content":{"rendered":"<p>Un reciente destape period\u00edstico de la Revista RAYA ha puesto al descubierto las acciones ocultas de la vicefiscal de Colombia, Martha Mancera, al intentar proteger a un alto funcionario del Cuerpo T\u00e9cnico de Investigaci\u00f3n (CTI) involucrado en operaciones de narcotr\u00e1fico. El epicentro de esta controversia es un informe redactado por el agente del CTI Mario Fernando Herrera, asesinado en Cauca, que se\u00f1ala directamente a Francisco Javier Mart\u00ednez Ardila, director del CTI de la Fiscal\u00eda de Buenaventura, conocido en el bajo mundo como &#8220;Pacho Malo&#8221;.<\/p>\n<h3>La investigaci\u00f3n encubierta y su fatal desenlace<\/h3>\n<p>El agente Herrera, en su \u00faltima misi\u00f3n encubierta, logr\u00f3 infiltrarse en la red de narcotr\u00e1fico para desenmascarar las operaciones dirigidas por &#8220;Pacho Malo&#8221;. El informe de seis p\u00e1ginas, fechado el 25 de marzo de 2021, detalla la funci\u00f3n cr\u00edtica de este director en la organizaci\u00f3n criminal, situ\u00e1ndolo en una posici\u00f3n dominante dentro del esquema delictivo. &#8220;Pacho&#8221; era la pieza clave en la corrupci\u00f3n de procedimientos en el puerto del Pac\u00edfico, encarg\u00e1ndose de la exportaci\u00f3n de coca\u00edna hacia destinos en Centroam\u00e9rica, Guatemala, M\u00e9xico y hasta el continente europeo, espec\u00edficamente a Espa\u00f1a y Francia. Los precios fluctuaban entre 8 y 9 millones de pesos por kilogramo, operando con cargas que variaban de 40 a 300 kilos.<\/p>\n<figure id=\"attachment_1562\" aria-describedby=\"caption-attachment-1562\" style=\"width: 2000px\" class=\"wp-caption aligncenter\"><a href=\"https:\/\/nuevaprensaamerica.com\/wp-content\/uploads\/2024\/02\/pacho-malo-11.jpg\"><img loading=\"lazy\" decoding=\"async\" class=\"size-full wp-image-1562\" src=\"https:\/\/nuevaprensaamerica.com\/wp-content\/uploads\/2024\/02\/pacho-malo-11.jpg\" alt=\"\" width=\"2000\" height=\"1125\" srcset=\"https:\/\/nuevaprensaamerica.com\/wp-content\/uploads\/2024\/02\/pacho-malo-11.jpg 2000w, https:\/\/nuevaprensaamerica.com\/wp-content\/uploads\/2024\/02\/pacho-malo-11-300x169.jpg 300w, https:\/\/nuevaprensaamerica.com\/wp-content\/uploads\/2024\/02\/pacho-malo-11-1024x576.jpg 1024w, https:\/\/nuevaprensaamerica.com\/wp-content\/uploads\/2024\/02\/pacho-malo-11-768x432.jpg 768w, https:\/\/nuevaprensaamerica.com\/wp-content\/uploads\/2024\/02\/pacho-malo-11-1536x864.jpg 1536w\" sizes=\"auto, (max-width: 2000px) 100vw, 2000px\" \/><\/a><figcaption id=\"caption-attachment-1562\" class=\"wp-caption-text\">Facs\u00edmil del documento revelado en donde aparece la firma del investigador asesinado, Mario Herrera, y en el que se describe toda la informaci\u00f3n recaudada sobre alias \u201cPacho Malo\u201d.<\/figcaption><\/figure>\n<p>A solo dos d\u00edas de haber redactado este informe crucial, y en medio de una operaci\u00f3n para dar con los cabecillas de disidencias de las Farc en el norte de Cauca, la vida de Mario Herrera fue abruptamente truncada. El asesinato del investigador dej\u00f3 muchas preguntas sin respuesta y signos de interrogaci\u00f3n sobre la verdadera causa de su muerte.<\/p>\n<h3>Desentra\u00f1ando la red criminal<\/h3>\n<p>El detallado archivo compilado por Herrera no solo revelaba la implicaci\u00f3n de &#8220;Pacho Malo&#8221; sino que tambi\u00e9n expon\u00eda sus conexiones con otros criminales. Se mencionan alias como &#8220;Wito&#8221; en Cali y &#8220;Cacho o Caliche&#8221; en Medell\u00edn, identificados por sus n\u00fameros telef\u00f3nicos. Adem\u00e1s, se encontr\u00f3 que Jos\u00e9 Oliverio Rivas Caicedo, conocido como &#8220;Wito&#8221;, figuraba como due\u00f1o de Industrias Textiles del Valle S.A.S, y hab\u00eda comenzado a emerger como empresario en 2018.<\/p>\n<p>Adem\u00e1s, el informe describe que \u201cPacho\u201d ten\u00eda el control total del puerto, con la complicidad de polic\u00edas y trabajadores. Tambi\u00e9n menciona a sus socios en Cali y Medell\u00edn, alias \u201cWito\u201d y alias \u201cCacho o Caliche\u201d, y a sus subalternos en Buenaventura, alias \u201cEl Ingeniero\u201d y alias \u201cEl Canoso\u201d, con quienes cobraba el impuesto por la entrada de la droga.<\/p>\n<figure id=\"attachment_1568\" aria-describedby=\"caption-attachment-1568\" style=\"width: 2000px\" class=\"wp-caption aligncenter\"><a href=\"https:\/\/nuevaprensaamerica.com\/wp-content\/uploads\/2024\/02\/rivas-caicedo1.jpg\"><img loading=\"lazy\" decoding=\"async\" class=\"size-full wp-image-1568\" src=\"https:\/\/nuevaprensaamerica.com\/wp-content\/uploads\/2024\/02\/rivas-caicedo1.jpg\" alt=\"\" width=\"2000\" height=\"1125\" srcset=\"https:\/\/nuevaprensaamerica.com\/wp-content\/uploads\/2024\/02\/rivas-caicedo1.jpg 2000w, https:\/\/nuevaprensaamerica.com\/wp-content\/uploads\/2024\/02\/rivas-caicedo1-300x169.jpg 300w, https:\/\/nuevaprensaamerica.com\/wp-content\/uploads\/2024\/02\/rivas-caicedo1-1024x576.jpg 1024w, https:\/\/nuevaprensaamerica.com\/wp-content\/uploads\/2024\/02\/rivas-caicedo1-768x432.jpg 768w, https:\/\/nuevaprensaamerica.com\/wp-content\/uploads\/2024\/02\/rivas-caicedo1-1536x864.jpg 1536w\" sizes=\"auto, (max-width: 2000px) 100vw, 2000px\" \/><\/a><figcaption id=\"caption-attachment-1568\" class=\"wp-caption-text\">Esta es la c\u00e9dula de alias \u2018Wito\u2019, supuesto socio criminal de \u2018Pacho Malo\u2019<\/figcaption><\/figure>\n<p>Se trataba de &#8220;El Ingeniero&#8221;, capturado con drogas y armamento, y a &#8220;El Canoso&#8221;, cuyos detalles se estaban investigando. Seg\u00fan el agente Herrera, ambos controlaban la zona del puerto de Buenaventura y coordinaban el pago de sobornos para permitir el ingreso de la mercanc\u00eda ilegal.<\/p>\n<h3>Las contradicciones de la Vicefiscal<\/h3>\n<p>Lo m\u00e1s alarmante de este caso es la postura de la vicefiscal general Martha Janeth Mancera, quien neg\u00f3 en una entrevista con la revista Semana el conocimiento previo de los investigadores sobre la infiltraci\u00f3n de narcotraficantes en la Fiscal\u00eda. Esta declaraci\u00f3n contradice el informe entregado al fiscal 51 de la Direcci\u00f3n Especializada contra el Narcotr\u00e1fico, Jaime Hern\u00e1n Ocampo L\u00f3pez, que claramente describ\u00eda la participaci\u00f3n de un servidor p\u00fablico en actividades il\u00edcitas. La vicefiscal Mancera, quien ahora aspira a ocupar el cargo de Fiscal General de la Naci\u00f3n de manera encargada, ha mostrado una desconexi\u00f3n preocupante con los hechos reportados por sus subordinados.<\/p>\n<p>La vicefiscal general Martha Janeth Mancera ha sido la encargada de defender a \u201cPacho Malo\u201d y de desmentir el informe de Mario. En una entrevista con la revista Semana el 20 de noviembre del a\u00f1o pasado, Mancera afirm\u00f3 que los agentes encubiertos nunca le informaron al fiscal del caso que hab\u00eda un servidor p\u00fablico involucrado en el narcotr\u00e1fico. \u201cEsos agentes no dicen nada en sus informes ante el fiscal de que hay un supuesto servidor p\u00fablico en Buenaventura que est\u00e1 realizando actividades (de narcotr\u00e1fico), que conocieron de ese hecho como agentes encubiertos, pero nunca se lo dijeron al pa\u00eds, al fiscal que ten\u00eda el caso\u201d, dijo Mancera.<\/p>\n<div style=\"left: 0; width: 100%; height: 0; position: relative; padding-bottom: 56.25%;\"><iframe style=\"top: 0; left: 0; width: 100%; height: 100%; position: absolute; border: 0;\" src=\"https:\/\/www.youtube.com\/embed\/go1BoN4krY0?rel=0\" scrolling=\"no\" allowfullscreen=\"allowfullscreen\"><\/iframe><\/div>\n<p>&nbsp;<\/p>\n<p>Esta versi\u00f3n contradice el documento que Mario entreg\u00f3 un d\u00eda antes de su asesinato, en el que claramente identifica a \u201cPacho Malo\u201d como el director del CTI de Buenaventura. \u00bfPor qu\u00e9 Mancera niega los hechos? \u00bfQu\u00e9 intereses tiene en proteger a \u201cPacho Malo\u201d? \u00bfQu\u00e9 sabe ella de la muerte de Mario? Estas son algunas de las preguntas que surgen ante la actitud de la vicefiscal, quien hoy aspira a ser la fiscal en propiedad, si la Corte Suprema de Justicia no elige pronto a la persona que ocupar\u00e1 el cargo entre la terna de mujeres presentada por el presidente Gustavo Petro.<\/p>\n<p>La Revista RAYA ha compartido evidencia contundente como fotograf\u00edas, audios, chats y documentos oficiales que corroboran el informe del agente Herrera. El testimonio del agente ca\u00eddo y su compa\u00f1ero Fabio Gonz\u00e1lez incluye la fotograf\u00eda de &#8220;Pacho&#8221;, situ\u00e1ndolo en el n\u00facleo del organigrama delictivo, y resalta su afiliaci\u00f3n a &#8220;la empresa tuya&#8221;, una clara referencia a la Fiscal\u00eda General de la Naci\u00f3n. La misi\u00f3n inconclusa consist\u00eda en infiltrar m\u00e1s agentes para identificar con precisi\u00f3n a los miembros de la organizaci\u00f3n, sus centros de operaciones y los nexos corruptos dentro de las autoridades portuarias y fiscales.<\/p>\n<p>Con la entrega del informe a la Fiscal\u00eda General de la Naci\u00f3n, los agentes Herrera y Gonz\u00e1lez buscaban profundizar la investigaci\u00f3n, realizando b\u00fasquedas selectivas en bases de datos para determinar la antig\u00fcedad y el rango de &#8220;Pacho&#8221; dentro de la instituci\u00f3n. Sin embargo, el tr\u00e1gico fin de Herrera ha puesto en relieve la peligrosidad de estas indagaciones y la importancia de continuarlas para esclarecer la verdad.<\/p>\n<figure id=\"attachment_1575\" aria-describedby=\"caption-attachment-1575\" style=\"width: 2000px\" class=\"wp-caption aligncenter\"><a href=\"https:\/\/nuevaprensaamerica.com\/wp-content\/uploads\/2024\/02\/ManceraPachoMalo31.jpg\"><img loading=\"lazy\" decoding=\"async\" class=\"size-full wp-image-1575\" src=\"https:\/\/nuevaprensaamerica.com\/wp-content\/uploads\/2024\/02\/ManceraPachoMalo31.jpg\" alt=\"\" width=\"2000\" height=\"1125\" srcset=\"https:\/\/nuevaprensaamerica.com\/wp-content\/uploads\/2024\/02\/ManceraPachoMalo31.jpg 2000w, https:\/\/nuevaprensaamerica.com\/wp-content\/uploads\/2024\/02\/ManceraPachoMalo31-300x169.jpg 300w, https:\/\/nuevaprensaamerica.com\/wp-content\/uploads\/2024\/02\/ManceraPachoMalo31-1024x576.jpg 1024w, https:\/\/nuevaprensaamerica.com\/wp-content\/uploads\/2024\/02\/ManceraPachoMalo31-768x432.jpg 768w, https:\/\/nuevaprensaamerica.com\/wp-content\/uploads\/2024\/02\/ManceraPachoMalo31-1536x864.jpg 1536w\" sizes=\"auto, (max-width: 2000px) 100vw, 2000px\" \/><\/a><figcaption id=\"caption-attachment-1575\" class=\"wp-caption-text\">Francisco Javier Mart\u00ednez Adrila, alias \u201cPacho Malo\u201d, exdirector del CTI en Buenaventura se\u00f1alado de trabajar con narcos.<\/figcaption><\/figure>\n<p>La aspiraci\u00f3n de Mancera al puesto de Fiscal General suscita preocupaci\u00f3n, tanto m\u00e1s si la Corte Suprema de Justicia posterga la elecci\u00f3n del fiscal en propiedad. El futuro de la justicia y la lucha contra la corrupci\u00f3n en Colombia podr\u00eda depender de la resoluci\u00f3n de estos entramados de poder y delitos.<\/p>\n<p>En definitiva, la Revista RAYA ha desvelado un cuadro sombr\u00edo de connivencia y encubrimiento en los niveles m\u00e1s altos de la justicia colombiana. Con la muerte de Mario Herrera y las pruebas en su poder, queda claro que la batalla contra el narcotr\u00e1fico y la corrupci\u00f3n a\u00fan enfrenta grandes desaf\u00edos en el pa\u00eds.<\/p>\n<p>Este escenario plantea interrogantes sobre la eficacia de los mecanismos internos de control y la transparencia dentro de las entidades encargadas de hacer cumplir la ley. La informaci\u00f3n contenida en el informe de Herrera deber\u00eda haber iniciado una cadena de acciones judiciales contra los involucrados; sin embargo, la muerte del investigador y las declaraciones de la vicefiscal parecen haber creado un velo de incertidumbre y un obst\u00e1culo para la justicia.<\/p>\n<h3><strong>La emboscada<\/strong><\/h3>\n<p>Toda esta informaci\u00f3n fue reportada el 25 de marzo de 2021 al fiscal 51 de la Direcci\u00f3n Especializada contra el Narcotr\u00e1fico, Jaime Hern\u00e1n Ocampo L\u00f3pez. Lo hicieron luego de que estuvieron en Buenaventura recaudando y corroborando la \u00faltima informaci\u00f3n sobre alias \u201cPacho Malo\u201d, la cual qued\u00f3 consignada en este documento. Esa misma noche los tres agentes encubiertos, Mario Herrera, Fabio Gonz\u00e1lez y Pablo Bola\u00f1os, viajaron desde Cali al norte del Cauca, pues al d\u00eda siguiente, 26 de marzo, iban a infiltrar nuevamente a la banda dedicada a la comercializaci\u00f3n de marihuana y coca\u00edna.<\/p>\n<p>Mario y Fabio son dos exagentes del DAS, al igual que alias \u201cPacho Malo\u201d, quienes pasaron a ser investigadores de la Fiscal\u00eda tras el cierre de esa entidad. Sin embargo, \u201cPacho\u201d corri\u00f3 con mayor suerte, pues pas\u00f3 de investigador en el puerto desde 2012 a director del CTI en 2021, cuando Martha Mancera ya era la vicefiscal.<\/p>\n<p>En su recorrido hacia Corinto, durante la operaci\u00f3n encubierta, dos de los tres investigadores que viajaban en veh\u00edculos oficiales, lograron pasar un primer ret\u00e9n donde se toparon con un grupo de 30 militares. Tres kil\u00f3metros m\u00e1s adelante, sorpresivamente, los detuvieron m\u00e1s de siete hombres armados con brazaletes con la bandera de Colombia y las iniciales EMC: Estado Mayor Central de las disidencias del proceso de paz con las Farc.<\/p>\n<p>En medio de esos retenes sucedi\u00f3 el secuestro y posterior homicidio del investigador Mario Fernando Herrera, y la hu\u00edda veloz de los agentes Fabio Gonz\u00e1lez y Pablo Bola\u00f1os, quienes escaparon en medio de una persecuci\u00f3n cuando se percataron de que quienes los segu\u00edan en motos y una camioneta eran miembros de las disidencias de las FARC. Los agentes sobrevivientes lograron llegar hasta la estaci\u00f3n de Polic\u00eda de Corinto (Cauca), en donde se refugiaron. S\u00f3lo el 27 de marzo pudieron salir fuertemente escoltados hasta la ciudad de Cali.<\/p>\n<p>All\u00ed, al d\u00eda siguiente, el 28 de marzo, Gonzalez y Bola\u00f1os deb\u00edan hablar con el fiscal general de la Naci\u00f3n, Francisco Barbosa, y con la vicefiscal Martha Janeth Mancera. As\u00ed sucedi\u00f3 y prueba de ello es un audio que revela la Revista RAYA en el que se escucha la voz de las dos cabezas m\u00e1s importantes de la Fiscal\u00eda.<\/p>\n<p>El saludo del fiscal Barbosa fue efusivo, conmovedor y de total respaldo de la instituci\u00f3n a la labor que desempe\u00f1aban los investigadores, que estaban a la espera de los preparativos para el velorio y la despedida de Mario, su compa\u00f1ero: \u201cyo s\u00e9 el trabajo que ustedes hacen y se lo manifest\u00e9 al Presidente, al Ministro de Defensa, a las Fuerzas Militares. Cuenten con la instituci\u00f3n, cuenten con nosotros, cuenten con la se\u00f1ora vicefiscal, con el director seccional, con la delegada para la seguridad ciudadana, con todo el cuerpo directivo [&#8230;] Ustedes son parte de la instituci\u00f3n, esta instituci\u00f3n los respalda, los cobija, toda la entidad est\u00e1 rode\u00e1ndolos [&#8230;] Hoy m\u00e1s que nunca queda en alto el nombre del CTI, es un cuerpo muy importante\u201d, se escucha en el audio que dura 40 minutos y el cual, en su integridad, est\u00e1 en poder de la revista.<\/p>\n<div style=\"left: 0; width: 100%; height: 0; position: relative; padding-bottom: 56.25%;\"><iframe style=\"top: 0; left: 0; width: 100%; height: 100%; position: absolute; border: 0;\" src=\"https:\/\/www.youtube.com\/embed\/gf_ySsiwq3c?rel=0\" scrolling=\"no\" allowfullscreen=\"allowfullscreen\"><\/iframe><\/div>\n<p>&nbsp;<\/p>\n<p>Despu\u00e9s, la vicefiscal Mancera tom\u00f3 la palabra y les hizo un interrogatorio detallado sobre todos los procesos que llevaban, cada una de las actividades realizadas hasta la fecha, tambi\u00e9n relacionadas con el difunto Mario en su tarea de desarticular las siguientes bandas criminales: \u201cLa Frontera\u201d y \u201cBanda del Pueblo\u201d, que delinquen en Manizales y Chinchin\u00e1 (Caldas); \u201cLa Cordillera\u201d, con injerencia en Risaralda, Caldas y Valle; Los Pachelly, en Bello (Antioquia), cuyos integrantes est\u00e1n dedicados al narcotr\u00e1fico nacional e internacional, dice la resoluci\u00f3n de la Fiscal\u00eda que autoriz\u00f3 a los investigadores para actuar como agentes encubiertos, firmada por el fiscal Ocampo, de la Direcci\u00f3n Especializada contra el Narcotr\u00e1fico. (Ver facs\u00edmil)<\/p>\n<p><a href=\"https:\/\/nuevaprensaamerica.com\/wp-content\/uploads\/2024\/02\/ManceraPachoMalo51.jpg\"><img loading=\"lazy\" decoding=\"async\" class=\"aligncenter size-full wp-image-1587\" src=\"https:\/\/nuevaprensaamerica.com\/wp-content\/uploads\/2024\/02\/ManceraPachoMalo51.jpg\" alt=\"\" width=\"2000\" height=\"1125\" srcset=\"https:\/\/nuevaprensaamerica.com\/wp-content\/uploads\/2024\/02\/ManceraPachoMalo51.jpg 2000w, https:\/\/nuevaprensaamerica.com\/wp-content\/uploads\/2024\/02\/ManceraPachoMalo51-300x169.jpg 300w, https:\/\/nuevaprensaamerica.com\/wp-content\/uploads\/2024\/02\/ManceraPachoMalo51-1024x576.jpg 1024w, https:\/\/nuevaprensaamerica.com\/wp-content\/uploads\/2024\/02\/ManceraPachoMalo51-768x432.jpg 768w, https:\/\/nuevaprensaamerica.com\/wp-content\/uploads\/2024\/02\/ManceraPachoMalo51-1536x864.jpg 1536w\" sizes=\"auto, (max-width: 2000px) 100vw, 2000px\" \/><\/a><\/p>\n<div style=\"left: 0; width: 100%; height: 0; position: relative; padding-bottom: 56.25%;\"><iframe style=\"top: 0; left: 0; width: 100%; height: 100%; position: absolute; border: 0;\" src=\"https:\/\/www.youtube.com\/embed\/w4ah5twcDxI?rel=0\" scrolling=\"no\" allowfullscreen=\"allowfullscreen\"><\/iframe><\/div>\n<p>&nbsp;<\/p>\n<p>As\u00ed los interrog\u00f3 la vicefiscal Martha Mancera: \u201c\u00bfQu\u00e9 llevaba Mario? \u00bfCelulares? [&#8230;] \u00bf\u00c9l ten\u00eda comunicaciones con quienes? \u00bfQui\u00e9n era el agente encubierto? \u00bf\u00c9l? \u00bfCon qui\u00e9n iba la fuente? [&#8230;] \u00bfCu\u00e1l era la funci\u00f3n exacta de la fuente en esta oportunidad?\u201d<\/p>\n<p>A varias de esas preguntas los agentes Fabio y Pablo respondieron con un contexto de sus investigaciones: \u201cAh\u00ed hay una subestructura que trafica todo el tema de la droga que les dicen \u201clos Primos\u201d; est\u00e1 liderada por el \u2018Negro An\u00edbal\u2019, al cual ya tenemos identificado, es muy amigo y muy parcero de \u00e9l [la fuente], porque cuando \u00e9l estuvo capturado por un estupefaciente como en el 2009, \u00e9l conoci\u00f3 a alias \u201cPereira\u201d, quien fue uno de los cabecillas de \u201cLa Cordillera\u201d.<\/p>\n<p>Alias \u201cPereira\u201d o \u201cDon A\u201d es el actual l\u00edder de esa organizaci\u00f3n criminal, el mismo personaje que figura en un organigrama oculto en la Fiscal\u00eda y\u00a0el cual revel\u00f3 la Revista RAYA en octubre de 2023. Esta denuncia es clave, pues entonces lo que revela es que la Fiscal\u00eda no avanza en las investigaciones contra \u201cLa Cordillera\u201d y que, por el contrario, \u201cla gente prestante de la regi\u00f3n (Risaralda)\u201d impide que eso prospere.<\/p>\n<h4><strong>Encubrimiento<\/strong><\/h4>\n<p>Seg\u00fan el testimonio de los investigadores Fabio Gonz\u00e1lez y Pablo Bola\u00f1os, ellos le comentaron a la vicefiscal Mancera ese d\u00eda en Cali sobre sus hallazgos del funcionario del CTI de Buenaventura. No obstante, ella se mostr\u00f3 sorprendida cuando le mostraron la foto de alias \u201cPacho Malo\u201d: \u201cYo le muestro la foto de \u201cPacho\u201d a ella, que \u00e9l est\u00e1 con la novia, y ella en ese momento es como si hubiera visto al diablo. \u00bfQu\u00e9 nos dice? Nos vemos ma\u00f1ana\u201d, cont\u00f3 uno de los investigadores..<\/p>\n<p>Mancera nunca profundiz\u00f3 sobre esa informaci\u00f3n, que obtuvo en marzo del 2021. En cambio, lo que vino fue la persecuci\u00f3n contra los investigadores que terminaron se\u00f1alados de robar droga incautada a los nacos. Entonces, Mancera design\u00f3 horas despu\u00e9s al fiscal Daniel Hern\u00e1ndez, quien les abri\u00f3 una investigaci\u00f3n a trav\u00e9s de una denuncia an\u00f3nima que, supuestamente, lleg\u00f3 al buz\u00f3n de la Fiscal\u00eda el 30 de marzo a la 1:47 pm., justo cuando se desarrollaba el velorio del agente asesinado Mario Herrera, y dos d\u00edas despu\u00e9s de que los agentes sobrevivientes le hubieran contado a Mancera de sus hallazgos sobre \u201cPacho Malo\u201d.<\/p>\n<p>Dicha denuncia y una entrevista posterior a la supuesta fuente an\u00f3nima fue recibida por un enviado de la vicefiscal Mancera a Manizales, ciudad donde los investigadores ten\u00edan su base de operaciones y donde quedar\u00eda sepultado Mario. Ese enviado era el jefe de Polic\u00eda Judicial V\u00edctor Forero, un funcionario de alto nivel, muy cercano a Mancera, y a su mano derecha Luisa Obando, que adem\u00e1s sostiene una relaci\u00f3n sentimental con Forero. Este funcionario, igualmente, es el investigador del caso del hijo del presidente Gustavo Petro.<\/p>\n<p>Pero lo extra\u00f1o de aquella denuncia an\u00f3nima, que supuestamente lleg\u00f3 a la Fiscal\u00eda, es que aport\u00f3 unas fotograf\u00edas tomadas de las cartas decadactilares de uno de los investigadores, documentos que s\u00f3lo tienen en su poder la Registradur\u00eda o la Fiscal\u00eda General de la Naci\u00f3n.<\/p>\n<p>La vicefiscal ha afirmado una y otra vez que ella no conoc\u00eda la informaci\u00f3n sobre alias \u201cPacho Malo\u201d y con este argumento ha tratado de zafarse del esc\u00e1ndalo y los se\u00f1alamientos de que, desde que se enter\u00f3 de las andanzas del director del CTI en el puerto m\u00e1s importante del pa\u00eds, ha tratado de encubrirlo y, en cambio, desencaden\u00f3 una persecuci\u00f3n judicial contra los investigadores, incluido el difunto Mario.<\/p>\n<p>Pero los hechos posteriores la contradicen. RAYA accedi\u00f3 a las extracciones judiciales de varios chats que confirman que desde la direcci\u00f3n central de la Fiscal\u00eda la vicefiscal Mancera presion\u00f3 al fiscal 51, Jaime Ocampo, para que cerrar\u00e1 la operaci\u00f3n encubierta y as\u00ed los investigadores no pudieran seguir actuando en ese caso. Seg\u00fan el testimonio de Fabio y Pablo, ya estaban proyectando un operativo con el Ej\u00e9rcito contra \u201cPacho\u201d, que deb\u00eda planearse despu\u00e9s de una reuni\u00f3n de coordinaci\u00f3n el 9 de abril de 2021 (Ver facs\u00edmil).\u00a0 Pero la operaci\u00f3n encubierta se cancel\u00f3 dos d\u00edas antes, el 7 de abril, porque Mancera as\u00ed lo solicit\u00f3, dice el audio que revela RAYA, con la voz del fiscal Ocampo, enviado al investigador Pablo.<\/p>\n<p><a href=\"https:\/\/nuevaprensaamerica.com\/wp-content\/uploads\/2024\/02\/ManceraPachoMalo61.jpg\"><img loading=\"lazy\" decoding=\"async\" class=\"aligncenter size-full wp-image-1600\" src=\"https:\/\/nuevaprensaamerica.com\/wp-content\/uploads\/2024\/02\/ManceraPachoMalo61.jpg\" alt=\"\" width=\"2000\" height=\"1125\" srcset=\"https:\/\/nuevaprensaamerica.com\/wp-content\/uploads\/2024\/02\/ManceraPachoMalo61.jpg 2000w, https:\/\/nuevaprensaamerica.com\/wp-content\/uploads\/2024\/02\/ManceraPachoMalo61-300x169.jpg 300w, https:\/\/nuevaprensaamerica.com\/wp-content\/uploads\/2024\/02\/ManceraPachoMalo61-1024x576.jpg 1024w, https:\/\/nuevaprensaamerica.com\/wp-content\/uploads\/2024\/02\/ManceraPachoMalo61-768x432.jpg 768w, https:\/\/nuevaprensaamerica.com\/wp-content\/uploads\/2024\/02\/ManceraPachoMalo61-1536x864.jpg 1536w\" sizes=\"auto, (max-width: 2000px) 100vw, 2000px\" \/><\/a><\/p>\n<p>Los mensajes que demuestran que hab\u00eda un inter\u00e9s desde Bogot\u00e1 para cerrar la operaci\u00f3n encubierta ocurrieron entre el 30 de marzo y el 7 de abril de 2021, cuando finalmente se clausur\u00f3 la operaci\u00f3n. En ellos se lee (chats) y se escucha (audio) c\u00f3mo el fiscal Ocampo le explica al agente Pablo Bola\u00f1os que desde el nivel central le est\u00e1n pidiendo un informe para cerrar r\u00e1pido la figura de agentes encubiertos.<\/p>\n<p>Seg\u00fan el investigador Fabio Gonz\u00e1lez, al fiscal Ocampo lo sacaron del velorio de Mario Herrera, en Manizales el 29 de marzo de 2021, para afanar el cierre inminente de esa investigaci\u00f3n y para desactivar las labores investigativas de los agentes. Esto le da plena veracidad a las conversaciones de WhatsApp que sostuvo el fiscal Ocampo con el investigador Pablo Bola\u00f1os. Igualmente, un audio en el que Ocampo le dice a Pablo que la vicefiscal est\u00e1 \u201cencima&#8221; para cancelar eso. Revelamos chats y audio.<\/p>\n<p><a href=\"https:\/\/nuevaprensaamerica.com\/wp-content\/uploads\/2024\/02\/ManceraPachoMalo71.jpg\"><img loading=\"lazy\" decoding=\"async\" class=\"aligncenter size-full wp-image-1603\" src=\"https:\/\/nuevaprensaamerica.com\/wp-content\/uploads\/2024\/02\/ManceraPachoMalo71.jpg\" alt=\"\" width=\"2000\" height=\"1125\" srcset=\"https:\/\/nuevaprensaamerica.com\/wp-content\/uploads\/2024\/02\/ManceraPachoMalo71.jpg 2000w, https:\/\/nuevaprensaamerica.com\/wp-content\/uploads\/2024\/02\/ManceraPachoMalo71-300x169.jpg 300w, https:\/\/nuevaprensaamerica.com\/wp-content\/uploads\/2024\/02\/ManceraPachoMalo71-1024x576.jpg 1024w, https:\/\/nuevaprensaamerica.com\/wp-content\/uploads\/2024\/02\/ManceraPachoMalo71-768x432.jpg 768w, https:\/\/nuevaprensaamerica.com\/wp-content\/uploads\/2024\/02\/ManceraPachoMalo71-1536x864.jpg 1536w\" sizes=\"auto, (max-width: 2000px) 100vw, 2000px\" \/><\/a><\/p>\n<div style=\"left: 0; width: 100%; height: 0; position: relative; padding-bottom: 56.25%;\"><iframe style=\"top: 0; left: 0; width: 100%; height: 100%; position: absolute; border: 0;\" src=\"https:\/\/www.youtube.com\/embed\/Jt-AUo9q67U?rel=0\" scrolling=\"no\" allowfullscreen=\"allowfullscreen\"><\/iframe><\/div>\n<p>&nbsp;<\/p>\n<p>Por eso, cuando ya hab\u00edan corrido m\u00e1s de dos a\u00f1os de estos hechos, el 20 de noviembre de 2023, un d\u00eda despu\u00e9s de que los investigadores denunciaran p\u00fablicamente a Mancera, la Revista Semana la entrevist\u00f3 y ella respondi\u00f3 de forma desencajada ante el esc\u00e1ndalo: \u201c\u00bfHoy [el Presidente Petro] me va a decir que yo soy la mafiosa? \u00bfSupuestamente protegiendo a un investigador criminal\u00edstico que ni siquiera es directivo?\u201d. A quien la vicefiscal se refer\u00eda despectivamente como un investigador que \u201cni siquiera es directivo\u201d era a \u201cPacho Malo\u201d, quien en efecto si ten\u00eda un cargo directivo, pues se trataba del coordinador del CTI de la Fiscal\u00eda en Buenaventura.<\/p>\n<p>Mancera en cambio arremeti\u00f3 contra Fabio Gonz\u00e1lez y Pablo Bola\u00f1os, los mismos a los que ella y el fiscal Barbosa hab\u00edan halagado antes en Cali, despu\u00e9s del asesinato de Mario Herrera. En la entrevista con Semana la vicefiscal reconoci\u00f3 que los agentes ten\u00edan la orden de un fiscal (el doctor Jaime Ocampo) de penetrar unas estructuras criminales, pero que ellos no dijeron nada en sus informes ante Ocampo \u201cde que hay un supuesto servidor p\u00fablico en Buenaventura que est\u00e1 realizando actividades (de narcotr\u00e1fico)\u2026pero nunca se lo dijeron al fiscal que ten\u00eda el caso\u201d.<\/p>\n<p>Sin embargo, se corrobora que la vicefiscal Mancera est\u00e1 mintiendo, porque los agentes s\u00ed reportaron sus hallazgos y varios documentos prueban que sostuvieron con el fiscal Jaime Ocampo una videollamada el mismo d\u00eda de su viaje, es decir, el 25 de marzo de 2021, para contarle de los hallazgos recientes en Buenaventura.<\/p>\n<p>A rengl\u00f3n seguido, en esa misma entrevista con Semana, Mancera afirm\u00f3: \u201choy entonces dicen que la vicefiscal conoc\u00eda, y que como conoc\u00eda, entonces la que est\u00e1 protegiendo a los criminales es Martha Mancera, \u00bfqu\u00e9 voy a esperar? \u00bfQue me judicialicen con solo declarantes y con suposiciones? \u00bfMe van a llevar con una declaraci\u00f3n de un tercero? \u00bfMe van a judicializar sin pruebas, con testigos falsos?\u201d<\/p>\n<p>Adem\u00e1s, Mancera sostuvo que el viaje posterior de los agentes encubiertos al Cauca no ten\u00eda autorizaci\u00f3n del fiscal y que se hab\u00eda hecho sin su conocimiento, pero RAYA obtuvo un oficio que demuestra lo contrario. Se trata del plan de trabajo elaborado por los tres agentes, donde advierten que iban a tomar contacto con traficantes de droga en Santander de Quilichao en una operaci\u00f3n encubierta autorizada y supervisada por el fiscal Ocampo.<\/p>\n<p><a href=\"https:\/\/nuevaprensaamerica.com\/wp-content\/uploads\/2024\/02\/ManceraPachoMalo81.jpg\"><img loading=\"lazy\" decoding=\"async\" class=\"aligncenter size-full wp-image-1608\" src=\"https:\/\/nuevaprensaamerica.com\/wp-content\/uploads\/2024\/02\/ManceraPachoMalo81.jpg\" alt=\"\" width=\"2000\" height=\"1125\" srcset=\"https:\/\/nuevaprensaamerica.com\/wp-content\/uploads\/2024\/02\/ManceraPachoMalo81.jpg 2000w, https:\/\/nuevaprensaamerica.com\/wp-content\/uploads\/2024\/02\/ManceraPachoMalo81-300x169.jpg 300w, https:\/\/nuevaprensaamerica.com\/wp-content\/uploads\/2024\/02\/ManceraPachoMalo81-1024x576.jpg 1024w, https:\/\/nuevaprensaamerica.com\/wp-content\/uploads\/2024\/02\/ManceraPachoMalo81-768x432.jpg 768w, https:\/\/nuevaprensaamerica.com\/wp-content\/uploads\/2024\/02\/ManceraPachoMalo81-1536x864.jpg 1536w\" sizes=\"auto, (max-width: 2000px) 100vw, 2000px\" \/><\/a><\/p>\n<p>La vicefiscal ha sido insistente, tanto en la entrevista con Semana como en una entrevista al d\u00eda siguiente con el periodista Daniel Coronell, en que ambos agentes, Pablo Andr\u00e9s Bola\u00f1os y Fabio Gonz\u00e1lez \u201cno dijeron nada de Francisco Mart\u00ednez Ardila, alias \u201cPacho Malo\u201d, guardaron silencio\u201d.<\/p>\n<p>Esto tampoco es cierto. En una declaraci\u00f3n rendida ante el investigador Juan Camilo L\u00f3pez Linares, el 20 de abril de 2021, ambos explicaron la informaci\u00f3n que ten\u00edan sobre alias \u201cPacho Malo\u201d y c\u00f3mo hab\u00edan llegado a \u00e9l. Esta, justamente, fue la declaraci\u00f3n que el investigador V\u00edctor Forero pidi\u00f3 a ambos funcionarios que modificaran en presencia suya para sacar de ella cualquier menci\u00f3n a \u201cPacho Malo\u201d. As\u00ed qued\u00f3 registrado en un audio de 40 minutos, en poder de RAYA en su integridad, donde se escucha el desespero de Forero por pretender cumplir su cometido: \u201cYo no es que quiera proteger a ese man\u2026yo s\u00e9 qui\u00e9n es ese man\u201d.<\/p>\n<p>Siga leyendo en la <strong><a href=\"https:\/\/revistaraya.com\/vicefiscal-marta-mancera-si-encubre-a-directivo-del-cti-senalado-de-narco-y-estas-son-las-pruebas\" target=\"_blank\" rel=\"noopener\">Revista RAYA<\/a><\/strong><\/p>\n","protected":false},"excerpt":{"rendered":"<p>Un reciente destape period\u00edstico de la Revista RAYA ha puesto al descubierto las acciones ocultas de la vicefiscal de Colombia, Martha Mancera, al intentar proteger [&hellip;]<\/p>\n","protected":false},"author":1,"featured_media":1615,"comment_status":"open","ping_status":"open","sticky":false,"template":"","format":"standard","meta":{"h5ap_radio_sources":[],"_FSMCFIC_featured_image_caption":"","_FSMCFIC_featured_image_nocaption":"","_FSMCFIC_featured_image_hide":"","_jetpack_memberships_contains_paid_content":false,"footnotes":""},"categories":[12],"tags":[],"class_list":["post-1557","post","type-post","status-publish","format-standard","has-post-thumbnail","hentry","category-colombia"],"aioseo_notices":[],"jetpack_featured_media_url":"https:\/\/nuevaprensaamerica.com\/wp-content\/uploads\/2024\/02\/Marta-Mancera-Francisco-Martinez-Ardila-Pacho-Malo1.jpg","jetpack_sharing_enabled":true,"_links":{"self":[{"href":"https:\/\/nuevaprensaamerica.com\/index.php\/wp-json\/wp\/v2\/posts\/1557","targetHints":{"allow":["GET"]}}],"collection":[{"href":"https:\/\/nuevaprensaamerica.com\/index.php\/wp-json\/wp\/v2\/posts"}],"about":[{"href":"https:\/\/nuevaprensaamerica.com\/index.php\/wp-json\/wp\/v2\/types\/post"}],"author":[{"embeddable":true,"href":"https:\/\/nuevaprensaamerica.com\/index.php\/wp-json\/wp\/v2\/users\/1"}],"replies":[{"embeddable":true,"href":"https:\/\/nuevaprensaamerica.com\/index.php\/wp-json\/wp\/v2\/comments?post=1557"}],"version-history":[{"count":52,"href":"https:\/\/nuevaprensaamerica.com\/index.php\/wp-json\/wp\/v2\/posts\/1557\/revisions"}],"predecessor-version":[{"id":1617,"href":"https:\/\/nuevaprensaamerica.com\/index.php\/wp-json\/wp\/v2\/posts\/1557\/revisions\/1617"}],"wp:featuredmedia":[{"embeddable":true,"href":"https:\/\/nuevaprensaamerica.com\/index.php\/wp-json\/wp\/v2\/media\/1615"}],"wp:attachment":[{"href":"https:\/\/nuevaprensaamerica.com\/index.php\/wp-json\/wp\/v2\/media?parent=1557"}],"wp:term":[{"taxonomy":"category","embeddable":true,"href":"https:\/\/nuevaprensaamerica.com\/index.php\/wp-json\/wp\/v2\/categories?post=1557"},{"taxonomy":"post_tag","embeddable":true,"href":"https:\/\/nuevaprensaamerica.com\/index.php\/wp-json\/wp\/v2\/tags?post=1557"}],"curies":[{"name":"wp","href":"https:\/\/api.w.org\/{rel}","templated":true}]}}