{"id":1676,"date":"2024-02-05T23:43:14","date_gmt":"2024-02-05T23:43:14","guid":{"rendered":"https:\/\/nuevaprensaamerica.com\/?p=1676"},"modified":"2024-02-05T23:46:15","modified_gmt":"2024-02-05T23:46:15","slug":"disponible-en-las-librerias-de-colombia-la-segunda-edicion-de-la-artilleria-de-la-libertad","status":"publish","type":"post","link":"https:\/\/nuevaprensaamerica.com\/index.php\/2024\/02\/05\/disponible-en-las-librerias-de-colombia-la-segunda-edicion-de-la-artilleria-de-la-libertad\/","title":{"rendered":"Disponible en las librer\u00edas de Colombia la segunda edici\u00f3n de La artiller\u00eda de la libertad, el libro del periodista Gonzalo Guill\u00e9n que ofrece un recorrido por algunos de los episodios m\u00e1s oscuros del pa\u00eds"},"content":{"rendered":"<p>El periodista colombiano Gonzalo Guill\u00e9n ha publicado la segunda edici\u00f3n de su libro <strong>La artiller\u00eda de la libertad<\/strong>, una colecci\u00f3n de cr\u00f3nicas que recorren casi medio siglo de su trayectoria profesional. El libro, que se agot\u00f3 r\u00e1pidamente en su primera edici\u00f3n, ya est\u00e1 disponible en todas las librer\u00edas de Colombia, tanto f\u00edsicas como virtuales.<\/p>\n<h3>Un testimonio de valor y compromiso<\/h3>\n<p>Guill\u00e9n es uno de los grandes reporteros de investigaci\u00f3n de Colombia, reconocido por su valent\u00eda y su rigor. En este libro, nos ofrece un testimonio de su experiencia como periodista, que lo llev\u00f3 a recorrer todo el territorio nacional, enfrentando todo tipo de retos y peligros. En sus propias palabras: \u00abCamin\u00e9, vol\u00e9 y navegu\u00e9 todo el pa\u00eds cargando mi m\u00e1quina de escribir port\u00e1til Olivetti, el diccionario Larousse Ilustrado de un kilogramo de peso (el Google de ese tiempo), mis mayores esperanzas, media resma de cuartillas y un par de hojas de papel carb\u00f3n para conservar copias de los escritos que tecleaba a la sombra de los \u00e1rboles de parques municipales, plazas de mercado, hoteles o en las oficinas de concesionarios que el diario manten\u00eda en todos los pueblos y ciudades para administrar la veloz y poderosa distribuci\u00f3n de sus ejemplares. Transit\u00e9 Colombia entera\u00bb.<\/p>\n<p>El libro, de editorial Planeta, re\u00fane algunas de las cr\u00f3nicas m\u00e1s destacadas de Guill\u00e9n, que abarcan diversos temas y estilos period\u00edsticos. Algunas de ellas son in\u00e9ditas, como \u00abUn mundo obsoleto\u00bb, que refleja la relaci\u00f3n del autor con lo que narra, su grado de implicaci\u00f3n y su visi\u00f3n cr\u00edtica. Las cr\u00f3nicas son tambi\u00e9n un recorrido por la historia de Colombia, que ilumina algunos de los episodios m\u00e1s oscuros y complejos del pa\u00eds.<\/p>\n<h3>Un libro para promover la libertad<\/h3>\n<p><strong>La artiller\u00eda de la libertad<\/strong> es un libro que no solo muestra el talento y la trayectoria de Guill\u00e9n, sino que tambi\u00e9n es un aporte a la defensa de la libertad de expresi\u00f3n y de prensa, valores fundamentales para la democracia y la paz. El libro es una invitaci\u00f3n a leer, a reflexionar y a actuar con conciencia y responsabilidad.<\/p>\n<blockquote class=\"twitter-tweet\" data-dnt=\"true\">\n<p dir=\"ltr\" lang=\"es\">Ya est\u00e1 en todas las librer\u00edas de Colombia (f\u00edsicas y virtuales) la segunda edici\u00f3n de mi libro <a href=\"https:\/\/twitter.com\/hashtag\/LaArtiller%C3%ADaDeLaLibertad?src=hash&amp;ref_src=twsrc%5Etfw\">#LaArtiller\u00edaDeLaLibertad<\/a> La primera edici\u00f3n se agot\u00f3 en pocos d\u00edas. <a href=\"https:\/\/t.co\/YLeDBvjcP1\">pic.twitter.com\/YLeDBvjcP1<\/a><\/p>\n<p>\u2014 Gonzalo Guill\u00e9n (@HELIODOPTERO) <a href=\"https:\/\/twitter.com\/HELIODOPTERO\/status\/1754571770999259188?ref_src=twsrc%5Etfw\">February 5, 2024<\/a><\/p><\/blockquote>\n<p><script async src=\"https:\/\/platform.twitter.com\/widgets.js\" charset=\"utf-8\"><\/script><\/p>\n","protected":false},"excerpt":{"rendered":"<p>El periodista colombiano Gonzalo Guill\u00e9n ha publicado la segunda edici\u00f3n de su libro La artiller\u00eda de la libertad, una colecci\u00f3n de cr\u00f3nicas que recorren casi [&hellip;]<\/p>\n","protected":false},"author":1,"featured_media":1686,"comment_status":"open","ping_status":"open","sticky":false,"template":"","format":"standard","meta":{"h5ap_radio_sources":[],"_FSMCFIC_featured_image_caption":"","_FSMCFIC_featured_image_nocaption":"","_FSMCFIC_featured_image_hide":"","_jetpack_memberships_contains_paid_content":false,"footnotes":""},"categories":[12],"tags":[],"class_list":["post-1676","post","type-post","status-publish","format-standard","has-post-thumbnail","hentry","category-colombia"],"aioseo_notices":[],"jetpack_featured_media_url":"https:\/\/nuevaprensaamerica.com\/wp-content\/uploads\/2024\/02\/gonzalo-guillen-laartilleria-de-la-libertad1.jpg","jetpack_sharing_enabled":true,"_links":{"self":[{"href":"https:\/\/nuevaprensaamerica.com\/index.php\/wp-json\/wp\/v2\/posts\/1676","targetHints":{"allow":["GET"]}}],"collection":[{"href":"https:\/\/nuevaprensaamerica.com\/index.php\/wp-json\/wp\/v2\/posts"}],"about":[{"href":"https:\/\/nuevaprensaamerica.com\/index.php\/wp-json\/wp\/v2\/types\/post"}],"author":[{"embeddable":true,"href":"https:\/\/nuevaprensaamerica.com\/index.php\/wp-json\/wp\/v2\/users\/1"}],"replies":[{"embeddable":true,"href":"https:\/\/nuevaprensaamerica.com\/index.php\/wp-json\/wp\/v2\/comments?post=1676"}],"version-history":[{"count":16,"href":"https:\/\/nuevaprensaamerica.com\/index.php\/wp-json\/wp\/v2\/posts\/1676\/revisions"}],"predecessor-version":[{"id":1693,"href":"https:\/\/nuevaprensaamerica.com\/index.php\/wp-json\/wp\/v2\/posts\/1676\/revisions\/1693"}],"wp:featuredmedia":[{"embeddable":true,"href":"https:\/\/nuevaprensaamerica.com\/index.php\/wp-json\/wp\/v2\/media\/1686"}],"wp:attachment":[{"href":"https:\/\/nuevaprensaamerica.com\/index.php\/wp-json\/wp\/v2\/media?parent=1676"}],"wp:term":[{"taxonomy":"category","embeddable":true,"href":"https:\/\/nuevaprensaamerica.com\/index.php\/wp-json\/wp\/v2\/categories?post=1676"},{"taxonomy":"post_tag","embeddable":true,"href":"https:\/\/nuevaprensaamerica.com\/index.php\/wp-json\/wp\/v2\/tags?post=1676"}],"curies":[{"name":"wp","href":"https:\/\/api.w.org\/{rel}","templated":true}]}}