{"id":182,"date":"2023-07-30T02:49:02","date_gmt":"2023-07-30T02:49:02","guid":{"rendered":"https:\/\/nuevaprensaamerica.com\/?p=182"},"modified":"2023-07-30T02:54:59","modified_gmt":"2023-07-30T02:54:59","slug":"182","status":"publish","type":"post","link":"https:\/\/nuevaprensaamerica.com\/index.php\/2023\/07\/30\/182\/","title":{"rendered":"As\u00ed recuerdan la militancia comunista y anarquista de Omar Andr\u00e9s Camacho, el nuevo Ministro de Minas de Colombia"},"content":{"rendered":"<p>El gobierno de Gustavo Petro nombr\u00f3 como nuevo Ministro de Minas a Omar Andr\u00e9s Camacho, un militante comunista y anarquista que ha formado parte del grupo violento de skinheads RASH. As\u00ed lo revel\u00f3 un video exclusivo del medio colombiano <a href=\"https:\/\/elexpediente.co\/el-expediente-revela-video-de-omar-andres-camacho-candidato-a-ministro-de-minas-como-vocalista-y-militante-del-grupo-de-cabezas-rapadas-rash\/\" target=\"_blank\" rel=\"noopener\">El Expediente<\/a>, donde se ve a Camacho cantando como vocalista de ese grupo, junto a Fredy Alexander Ram\u00edrez, implicado en el asesinato de un menor de edad en 2008.<\/p>\n<h3>\u00bfQui\u00e9n es Omar Andr\u00e9s Camacho?<\/h3>\n<p>Camacho es un pol\u00edtico de izquierda que ha mostrado su afinidad con el r\u00e9gimen chavista y con el fallecido Hugo Ch\u00e1vez. Se ha formado en el partido de las FARC y tiene una estrecha relaci\u00f3n con la Congresista Mar\u00eda Jos\u00e9 Pizarro, hija del fundador del M 19. Su pensamiento radical ha sido cuestionado por algunos medios de comunicaci\u00f3n, pero lo que no se conoc\u00eda hasta ahora era su pertenencia al grupo de skinheads RASH.<\/p>\n<h3>\u00bfQu\u00e9 es RASH?<\/h3>\n<p>RASH son las siglas de Red &amp; Anarchist Skin Heads (Cabezas Rapadas Rojos y Anarquistas), una facci\u00f3n extremista y violenta del comunismo y la izquierda. Se autodefinen como \u2018antirracistas\u2019 y se enfrentan a otros grupos nacionalistas o de derecha. RASH ha protagonizado episodios de terror en las calles de Bogot\u00e1 durante a\u00f1os, como el asesinato del joven Felipe Toquica en 2008, apu\u00f1alado por 15 miembros de ese grupo.<\/p>\n<div style=\"max-width: 1714px;\">\n<div style=\"left: 0; width: 100%; height: 0; position: relative; padding-bottom: 56.0081%;\"><iframe title=\"\u041a\u0430\u043d\u0434\u0438\u0434\u0430\u0442 \u043d\u0430 \u043f\u043e\u0441\u0442 \u043c\u0438\u043d\u0438\u0441\u0442\u0440\u0430 \u0432 \u041a\u043e\u043b\u0443\u043c\u0431\u0438\u0438, \u043a\u043e\u0433\u0434\u0430 \u043e\u043d \u043f\u0440\u0438\u043d\u0430\u0434\u043b\u0435\u0436\u0430\u043b \u043a \u043c\u0443\u0437\u044b\u043a\u0430\u043b\u044c\u043d\u043e\u0439 \u0433\u0440\" src=\"\/\/if-cdn.com\/ElVoomq?maxheight=960\" style=\"top: 0; left: 0; width: 100%; height: 100%; position: absolute; border: 0;\" allowfullscreen scrolling=\"no\" allow=\"encrypted-media *;\"><\/iframe><\/div>\n<\/div>\n<p><script type=\"text\/javascript\">window.addEventListener(\"message\",function(e){\n                window.parent.postMessage(e.data,\"*\");\n            },false);<\/script><\/p>\n<h3>\u00bfQu\u00e9 implicaciones tiene su posible nombramiento?<\/h3>\n<p>El sector minero es crucial para la econom\u00eda y la estabilidad de Colombia, por lo que la designaci\u00f3n de Camacho como Ministro de Minas genera\u00a0 preocupaci\u00f3n e incertidumbre. A juicio de algunas opiniones, su pasado violento y radical podr\u00eda afectar su capacidad para gestionar un sector tan sensible y estrat\u00e9gico. Ante la evidencia del video, el gobierno de Petro deber\u00eda hacer una revisi\u00f3n exhaustiva del historial de Camacho y aclarar cualquier duda sobre su v\u00ednculo con RASH antes de ratificar su nombramiento.<\/p>\n","protected":false},"excerpt":{"rendered":"<p>El gobierno de Gustavo Petro nombr\u00f3 como nuevo Ministro de Minas a Omar Andr\u00e9s Camacho, un militante comunista y anarquista que ha formado parte del [&hellip;]<\/p>\n","protected":false},"author":1,"featured_media":184,"comment_status":"open","ping_status":"open","sticky":false,"template":"","format":"standard","meta":{"h5ap_radio_sources":[],"_FSMCFIC_featured_image_caption":"","_FSMCFIC_featured_image_nocaption":"","_FSMCFIC_featured_image_hide":"","_jetpack_memberships_contains_paid_content":false,"footnotes":""},"categories":[12],"tags":[],"class_list":["post-182","post","type-post","status-publish","format-standard","has-post-thumbnail","hentry","category-colombia"],"aioseo_notices":[],"jetpack_featured_media_url":"https:\/\/nuevaprensaamerica.com\/wp-content\/uploads\/2023\/07\/Omar-Andres-Camacho1.jpg","jetpack_sharing_enabled":true,"_links":{"self":[{"href":"https:\/\/nuevaprensaamerica.com\/index.php\/wp-json\/wp\/v2\/posts\/182","targetHints":{"allow":["GET"]}}],"collection":[{"href":"https:\/\/nuevaprensaamerica.com\/index.php\/wp-json\/wp\/v2\/posts"}],"about":[{"href":"https:\/\/nuevaprensaamerica.com\/index.php\/wp-json\/wp\/v2\/types\/post"}],"author":[{"embeddable":true,"href":"https:\/\/nuevaprensaamerica.com\/index.php\/wp-json\/wp\/v2\/users\/1"}],"replies":[{"embeddable":true,"href":"https:\/\/nuevaprensaamerica.com\/index.php\/wp-json\/wp\/v2\/comments?post=182"}],"version-history":[{"count":7,"href":"https:\/\/nuevaprensaamerica.com\/index.php\/wp-json\/wp\/v2\/posts\/182\/revisions"}],"predecessor-version":[{"id":191,"href":"https:\/\/nuevaprensaamerica.com\/index.php\/wp-json\/wp\/v2\/posts\/182\/revisions\/191"}],"wp:featuredmedia":[{"embeddable":true,"href":"https:\/\/nuevaprensaamerica.com\/index.php\/wp-json\/wp\/v2\/media\/184"}],"wp:attachment":[{"href":"https:\/\/nuevaprensaamerica.com\/index.php\/wp-json\/wp\/v2\/media?parent=182"}],"wp:term":[{"taxonomy":"category","embeddable":true,"href":"https:\/\/nuevaprensaamerica.com\/index.php\/wp-json\/wp\/v2\/categories?post=182"},{"taxonomy":"post_tag","embeddable":true,"href":"https:\/\/nuevaprensaamerica.com\/index.php\/wp-json\/wp\/v2\/tags?post=182"}],"curies":[{"name":"wp","href":"https:\/\/api.w.org\/{rel}","templated":true}]}}