{"id":1926,"date":"2024-04-02T20:34:39","date_gmt":"2024-04-02T20:34:39","guid":{"rendered":"https:\/\/nuevaprensaamerica.com\/?p=1926"},"modified":"2024-04-02T20:37:44","modified_gmt":"2024-04-02T20:37:44","slug":"periodista-gonzalo-guillen-pide-al-locutor-juan-pablo-calvas-poveda-responder","status":"publish","type":"post","link":"https:\/\/nuevaprensaamerica.com\/index.php\/2024\/04\/02\/periodista-gonzalo-guillen-pide-al-locutor-juan-pablo-calvas-poveda-responder\/","title":{"rendered":"Periodista Gonzalo Guill\u00e9n pide al locutor Juan Pablo Calv\u00e1s\/Poveda responder por aparente uso de doble identidad en contratos con el Estado colombiano"},"content":{"rendered":"<p>El panorama medi\u00e1tico colombiano se ha vuelto a ver sacudido por las recientes revelaciones que ponen en tela de juicio la identidad del locutor y periodista Juan Pablo Calv\u00e1s, figura reconocida de W Radio y quien aparentemente ha llevado a cabo una serie de contratos con la Radio Televisi\u00f3n Nacional de Colombia (RTVC) bajo dos identidades distintas. Fuentes de La Nueva Prensa han destapado el uso de dos c\u00e9dulas de ciudadan\u00eda, una bajo el nombre &#8220;Juan Pablo Calv\u00e1s Negr\u00f3n&#8221; y otra como &#8220;Juan Pablo Poveda Negr\u00f3n&#8221;, para formalizar su vinculaci\u00f3n con RTVC mediante diversos contratos de prestaci\u00f3n de servicios y uno en calidad de empleado de planta.<\/p>\n<h3><strong>Inconsistencias en la identidad<\/strong><\/h3>\n<p>La confusi\u00f3n no se limita a RTVC. La Procuradur\u00eda y la Polic\u00eda Nacional discrepan tambi\u00e9n en cuanto a su registro, identific\u00e1ndolo cada una bajo uno de los dos nombres, aunque ambos documentos poseen id\u00e9ntica fecha de expedici\u00f3n. La trama se complica con la detecci\u00f3n de anotaciones manuscritas que suscitan sospechas en una p\u00f3liza de cumplimiento, as\u00ed como desacuerdos en los apellidos que figuran en documentos oficiales como los certificados del Registro \u00danico Tributario y de pasado judicial.<\/p>\n<p>RTVC, por su parte, mantiene una postura de silencio frente a las acusaciones y no ha brindado explicaciones que arrojen luz sobre las razones que habr\u00edan llevado a Calv\u00e1s a recurrir a dos nombres diferentes en sus relaciones contractuales con la entidad. Este silencio ha provocado que el editor de La Nueva Prensa, Gonzalo Guill\u00e9n, inste al comunicador a ofrecer una aclaraci\u00f3n formal, aunque hasta el momento solo ha obtenido respuestas incompletas y muestras de descontento por parte del locutor.<\/p>\n<blockquote class=\"wp-embedded-content\" data-secret=\"88tblvasgU\"><p><a href=\"https:\/\/nuevaprensaamerica.com\/index.php\/2024\/04\/01\/juan-pablo-calvas-o-juan-pablo-poveda-la-polemica\/\">\u00bfJuan Pablo Calv\u00e1s o Juan Pablo Poveda?: la pol\u00e9mica que envuelve al locutor colombiano en sus contratos con la RTVC<\/a><\/p><\/blockquote>\n<p><iframe loading=\"lazy\" title=\"&#8220;\u00bfJuan Pablo Calv\u00e1s o Juan Pablo Poveda?: la pol\u00e9mica que envuelve al locutor colombiano en sus contratos con la RTVC&#8221; &#8212; PRENSA AM\u00c9RICA\" sandbox=\"allow-scripts\" security=\"restricted\" src=\"https:\/\/nuevaprensaamerica.com\/index.php\/2024\/04\/01\/juan-pablo-calvas-o-juan-pablo-poveda-la-polemica\/embed\/#?secret=88tblvasgU\" width=\"600\" height=\"338\" data-secret=\"88tblvasgU\" frameborder=\"0\" marginwidth=\"0\" marginheight=\"0\" scrolling=\"no\" class=\"wp-embedded-content\"><\/iframe><script>\/*! This file is auto-generated *\/!function(d,l){\"use strict\";l.querySelector&&d.addEventListener&&\"undefined\"!=typeof URL&&(d.wp=d.wp||{},d.wp.receiveEmbedMessage||(d.wp.receiveEmbedMessage=function(e){var t=e.data;if((t||t.secret||t.message||t.value)&&!\/[^a-zA-Z0-9]\/.test(t.secret)){for(var s,r,n,a=l.querySelectorAll('iframe[data-secret=\"'+t.secret+'\"]'),o=l.querySelectorAll('blockquote[data-secret=\"'+t.secret+'\"]'),c=new RegExp(\"^https?:$\",\"i\"),i=0;i<o.length;i++)o[i].style.display=\"none\";for(i=0;i<a.length;i++)s=a[i],e.source===s.contentWindow&#038;&#038;(s.removeAttribute(\"style\"),\"height\"===t.message?(1e3<(r=parseInt(t.value,10))?r=1e3:~~r<200&#038;&#038;(r=200),s.height=r):\"link\"===t.message&#038;&#038;(r=new URL(s.getAttribute(\"src\")),n=new URL(t.value),c.test(n.protocol))&#038;&#038;n.host===r.host&#038;&#038;l.activeElement===s&#038;&#038;(d.top.location.href=t.value))}},d.addEventListener(\"message\",d.wp.receiveEmbedMessage,!1),l.addEventListener(\"DOMContentLoaded\",function(){for(var e,t,s=l.querySelectorAll(\"iframe.wp-embedded-content\"),r=0;r<s.length;r++)(t=(e=s[r]).getAttribute(\"data-secret\"))||(t=Math.random().toString(36).substring(2,12),e.src+=\"#?secret=\"+t,e.setAttribute(\"data-secret\",t)),e.contentWindow.postMessage({message:\"ready\",secret:t},\"*\")},!1)))}(window,document);<\/script><\/p>\n<h3><strong>La pol\u00e9mica en redes sociales<\/strong><\/h3>\n<p>El 1 de abril de 2024, Gonzalo Guill\u00e9n, a trav\u00e9s de su cuenta en la red social X, antes conocida como Twitter, extendi\u00f3 una \"gentil invitaci\u00f3n\" a Juan Pablo Calv\u00e1s, o Juan Pablo Poveda, para esclarecer \"datos muy sencillos y de evidente inter\u00e9s p\u00fablico\" que no fueron aclarados durante su emotiva intervenci\u00f3n radial en \"defensa de su abuela\", a quien Guill\u00e9n aclara no haber conocido ni mencionado.<\/p>\n<p>En una carta abierta publicada en la misma plataforma, Guill\u00e9n dirige su atenci\u00f3n a los aspectos legales y contractuales de la carrera del locutor con el Estado colombiano. Pregunta sobre la validez de su graduaci\u00f3n en el Liceo Franc\u00e9s Luis Pasteur, la autenticidad de una p\u00f3liza asociada a un contrato del a\u00f1o 2005, y la veracidad de las acreditaciones de experiencia laboral requeridas para su cargo en RTVC. Adem\u00e1s, cuestiona la legalidad en torno al cambio de nombre y la declaraci\u00f3n de bienes y rentas. Guill\u00e9n recalca que su inter\u00e9s se centra en los aspectos p\u00fablicos y legales, desvincul\u00e1ndose de cualquier imputaci\u00f3n de delito que Calv\u00e1s haya inferido de sus palabras.<\/p>\n<p>En su carta, el periodista se\u00f1ala:<\/p>\n<blockquote><p><strong>Se\u00f1or Juan Pablo Poveda o Calv\u00e1s:<\/strong><br \/>\n<strong>Bogot\u00e1, abril 1 de 2024.<\/strong><\/p>\n<p>Por ser de absoluto y evidente inter\u00e9s p\u00fablico y tratarse de contrataciones suyas con el Estado colombiano -pagadas con nuestro dinero-, lo invito a esclarecer los siguientes y escasos puntos, si as\u00ed lo quiere, pues en su intervenci\u00f3n radial de este 1 de abril apel\u00f3 a la compasi\u00f3n p\u00fablica pero no los aclar\u00f3. Ninguno de los puntos siguientes se refiere a nada relacionado con su intimidad ni con su abuelita (temas que yo no he mencionado ni me interesan), como lo se\u00f1al\u00f3 usted falsa y maliciosamente.<br \/>\n-\u00bfReconoce que se gradu\u00f3 en 2002 en el Liceo Franc\u00e9s Luis Pasteur con el nombre de Juan Pablo CALV\u00c1S, identidad que entonces, seg\u00fan su propio dicho, no ten\u00eda, pues, seg\u00fan usted mismo, en ese tiempo se llamaba Juan Pablo POVEDA?<br \/>\n-\u00bfReconoce que el contrato CPS 371-2005, suscrito por usted con el Estado colombiano a trav\u00e9s de RTVC, lo ampar\u00f3 con una p\u00f3liza que est\u00e1 adulterada, cuyo n\u00famero es 1003438?<br \/>\n-\u00bfReconoce usted que se postul\u00f3 y adquiri\u00f3 el cargo de Editor General en RTVC sin llenar el requisito de ley sobre su experiencia laboral, pues solamente acredit\u00f3 24 meses, teniendo en cuenta que el m\u00ednimo requerido por la ley es de 36 meses? \u00bfSi acredit\u00f3 36, puede demostrarlo?<br \/>\n-\u00bfReconoce que no le notific\u00f3 a RTVC el documento legal por medio del cual usted sostiene que cambi\u00f3 de nombre? \u00bfPuede demostrar que s\u00ed aport\u00f3 la correspondiente escritura p\u00fablica?<br \/>\n-\u00bfPuede usted decir cu\u00e1l son el n\u00famero y la fecha de la escritura p\u00fablica por medio de la cual se cambi\u00f3 el nombre y en que notar\u00eda est\u00e1 sentada?<br \/>\n-\u00bfReconoce usted que cuando estuvo vinculado a RTVC durante m\u00e1s de tres a\u00f1os como servidor p\u00fablico s\u00f3lo hizo una declaraci\u00f3n juramentada de bienes y rentas: la de ingreso, en la cual se\u00f1al\u00f3 haber ganado salarios, pero no report\u00f3 las cesant\u00edas ni los intereses a estas? \u00bfPuede demostrar que, por el contrario, s\u00ed hizo todas las declaraciones a las que estaba obligado por la ley?<br \/>\nPor \u00faltimo, quiero dejarle en claro que nunca he dicho que cambiarse el nombre sea un delito, como usted me lo atribuy\u00f3 en su lagrimera intervenci\u00f3n p\u00fablica de este lunes. Lo que usted deduzca falsamente de mi escrito, movido por su imaginaci\u00f3n, es de su exclusiva responsabilidad y no de la m\u00eda.<\/p>\n<p>Atentamente,<br \/>\n<strong>Gonzalo Guill\u00e9n<\/strong><\/p><\/blockquote>\n<p>&nbsp;<\/p>\n<blockquote class=\"twitter-tweet\" data-dnt=\"true\">\n<p dir=\"ltr\" lang=\"es\">Comparto esta gentil invitaci\u00f3n que le hago a Juan Pablo Calvos o Juan Pablo Poveda, de la emisora WRadio, para que aclare datos muy sencillos y de evidente inter\u00e9s p\u00fablico que no despej\u00f3 en su lagrimira intervenci\u00f3n de este lunes en defensa de su abuelita, a quien yo jam\u00e1s\u2026 <a href=\"https:\/\/t.co\/jGrbxcDxxg\">pic.twitter.com\/jGrbxcDxxg<\/a><\/p>\n<p>\u2014 Gonzalo Guill\u00e9n (@HELIODOPTERO) <a href=\"https:\/\/twitter.com\/HELIODOPTERO\/status\/1774988257236799510?ref_src=twsrc%5Etfw\">April 2, 2024<\/a><\/p><\/blockquote>\n<p><script async src=\"https:\/\/platform.twitter.com\/widgets.js\" charset=\"utf-8\"><\/script><\/p>\n<p><a href=\"https:\/\/nuevaprensaamerica.com\/wp-content\/uploads\/2024\/04\/Gonzalo-Guillen100.jpg\"><img loading=\"lazy\" decoding=\"async\" class=\"aligncenter size-full wp-image-1941\" src=\"https:\/\/nuevaprensaamerica.com\/wp-content\/uploads\/2024\/04\/Gonzalo-Guillen100.jpg\" alt=\"\" width=\"1200\" height=\"1207\" srcset=\"https:\/\/nuevaprensaamerica.com\/wp-content\/uploads\/2024\/04\/Gonzalo-Guillen100.jpg 1200w, https:\/\/nuevaprensaamerica.com\/wp-content\/uploads\/2024\/04\/Gonzalo-Guillen100-298x300.jpg 298w, https:\/\/nuevaprensaamerica.com\/wp-content\/uploads\/2024\/04\/Gonzalo-Guillen100-1018x1024.jpg 1018w, https:\/\/nuevaprensaamerica.com\/wp-content\/uploads\/2024\/04\/Gonzalo-Guillen100-150x150.jpg 150w, https:\/\/nuevaprensaamerica.com\/wp-content\/uploads\/2024\/04\/Gonzalo-Guillen100-768x772.jpg 768w\" sizes=\"auto, (max-width: 1200px) 100vw, 1200px\" \/><\/a><\/p>\n","protected":false},"excerpt":{"rendered":"<p>El panorama medi\u00e1tico colombiano se ha vuelto a ver sacudido por las recientes revelaciones que ponen en tela de juicio la identidad del locutor y [&hellip;]<\/p>\n","protected":false},"author":1,"featured_media":1945,"comment_status":"open","ping_status":"open","sticky":false,"template":"","format":"standard","meta":{"h5ap_radio_sources":[],"_FSMCFIC_featured_image_caption":"","_FSMCFIC_featured_image_nocaption":"","_FSMCFIC_featured_image_hide":"","_jetpack_memberships_contains_paid_content":false,"footnotes":""},"categories":[12],"tags":[],"class_list":["post-1926","post","type-post","status-publish","format-standard","has-post-thumbnail","hentry","category-colombia"],"aioseo_notices":[],"jetpack_featured_media_url":"https:\/\/nuevaprensaamerica.com\/wp-content\/uploads\/2024\/04\/juan-pablo-calvas1.jpg","jetpack_sharing_enabled":true,"_links":{"self":[{"href":"https:\/\/nuevaprensaamerica.com\/index.php\/wp-json\/wp\/v2\/posts\/1926","targetHints":{"allow":["GET"]}}],"collection":[{"href":"https:\/\/nuevaprensaamerica.com\/index.php\/wp-json\/wp\/v2\/posts"}],"about":[{"href":"https:\/\/nuevaprensaamerica.com\/index.php\/wp-json\/wp\/v2\/types\/post"}],"author":[{"embeddable":true,"href":"https:\/\/nuevaprensaamerica.com\/index.php\/wp-json\/wp\/v2\/users\/1"}],"replies":[{"embeddable":true,"href":"https:\/\/nuevaprensaamerica.com\/index.php\/wp-json\/wp\/v2\/comments?post=1926"}],"version-history":[{"count":20,"href":"https:\/\/nuevaprensaamerica.com\/index.php\/wp-json\/wp\/v2\/posts\/1926\/revisions"}],"predecessor-version":[{"id":1948,"href":"https:\/\/nuevaprensaamerica.com\/index.php\/wp-json\/wp\/v2\/posts\/1926\/revisions\/1948"}],"wp:featuredmedia":[{"embeddable":true,"href":"https:\/\/nuevaprensaamerica.com\/index.php\/wp-json\/wp\/v2\/media\/1945"}],"wp:attachment":[{"href":"https:\/\/nuevaprensaamerica.com\/index.php\/wp-json\/wp\/v2\/media?parent=1926"}],"wp:term":[{"taxonomy":"category","embeddable":true,"href":"https:\/\/nuevaprensaamerica.com\/index.php\/wp-json\/wp\/v2\/categories?post=1926"},{"taxonomy":"post_tag","embeddable":true,"href":"https:\/\/nuevaprensaamerica.com\/index.php\/wp-json\/wp\/v2\/tags?post=1926"}],"curies":[{"name":"wp","href":"https:\/\/api.w.org\/{rel}","templated":true}]}}