{"id":198,"date":"2023-07-31T05:16:45","date_gmt":"2023-07-31T05:16:45","guid":{"rendered":"https:\/\/nuevaprensaamerica.com\/?p=198"},"modified":"2023-07-31T05:18:04","modified_gmt":"2023-07-31T05:18:04","slug":"puigdemont-inclina-la-balanza-hacia-pedro-sanchez-y-pone-contra-las-cuerdas-a-feijoo-mientras-vox-se-resiste-a-apoyar-al-lider-del-pp","status":"publish","type":"post","link":"https:\/\/nuevaprensaamerica.com\/index.php\/2023\/07\/31\/puigdemont-inclina-la-balanza-hacia-pedro-sanchez-y-pone-contra-las-cuerdas-a-feijoo-mientras-vox-se-resiste-a-apoyar-al-lider-del-pp\/","title":{"rendered":"Puigdemont inclina la balanza en Espa\u00f1a hacia Pedro S\u00e1nchez y pone contra las cuerdas a Feij\u00f3o, mientras Vox se resiste a apoyar al l\u00edder del PP"},"content":{"rendered":"<p>El panorama pol\u00edtico espa\u00f1ol se encuentra en un momento de incertidumbre, tras las elecciones celebradas el pasado 23 de julio, que no arrojaron una mayor\u00eda clara para ninguno de los dos principales candidatos a la presidencia del gobierno: el socialista Pedro S\u00e1nchez y el popular Alberto N\u00fa\u00f1ez Feij\u00f3o. Ambos no consiguen la mayor\u00eda de los esca\u00f1os para gobernar, y necesitan el apoyo de otras fuerzas pol\u00edticas para lograr la investidura.<\/p>\n<p>En este contexto, el papel de los independentistas catalanes se vuelve decisivo, ya que pueden inclinar la balanza hacia un lado u otro. El eurodiputado Carles Puigdemont, l\u00edder del partido Junts per Catalunya, ha anunciado que su formaci\u00f3n apoyar\u00e1 a Pedro S\u00e1nchez, siempre y cuando se abra una mesa de di\u00e1logo sobre el conflicto catal\u00e1n y se respete el derecho a la autodeterminaci\u00f3n.<\/p>\n<h3>Isabel D\u00edaz Ayuso, la gran triunfadora de las elecciones<\/h3>\n<p>Mientras tanto, en el seno del Partido Popular se vive una situaci\u00f3n de divisi\u00f3n interna, provocada por el ascenso mete\u00f3rico de Isabel D\u00edaz Ayuso, la presidenta de la Comunidad de Madrid. D\u00edaz Ayuso se ha convertido en la l\u00edder indiscutible del PP en Madrid, y muchos ven en ella a la futura candidata a la presidencia del gobierno por el partido conservador. El 23J, incluso, muchos miembros del PP vitoreaban a D\u00edaz Ayuso, y no a Feij\u00f3o.<\/p>\n<h3>Santiago Abascal retira su apoyo a N\u00fa\u00f1ez Feij\u00f3o<\/h3>\n<p>Por si fuera poco, N\u00fa\u00f1ez Feij\u00f3o tambi\u00e9n ha recibido un duro golpe por parte de Santiago Abascal, el l\u00edder del partido ultraderechista Vox, que ha sido clave para sostener al PP en varias comunidades aut\u00f3nomas. Abascal ha declarado que no le da el visto bueno a Feij\u00f3o como candidato a la presidencia del gobierno, y ha insinuado que hay otro liderazgo dentro del PP que le resulta m\u00e1s af\u00edn. Aunque no lo ha mencionado expl\u00edcitamente, todo apunta a que se refiere a D\u00edaz Ayuso.<\/p>\n","protected":false},"excerpt":{"rendered":"<p>El panorama pol\u00edtico espa\u00f1ol se encuentra en un momento de incertidumbre, tras las elecciones celebradas el pasado 23 de julio, que no arrojaron una mayor\u00eda [&hellip;]<\/p>\n","protected":false},"author":1,"featured_media":201,"comment_status":"open","ping_status":"open","sticky":false,"template":"","format":"standard","meta":{"h5ap_radio_sources":[],"_FSMCFIC_featured_image_caption":"","_FSMCFIC_featured_image_nocaption":"","_FSMCFIC_featured_image_hide":"","_jetpack_memberships_contains_paid_content":false,"footnotes":""},"categories":[5],"tags":[],"class_list":["post-198","post","type-post","status-publish","format-standard","has-post-thumbnail","hentry","category-internacionales"],"aioseo_notices":[],"jetpack_featured_media_url":"https:\/\/nuevaprensaamerica.com\/wp-content\/uploads\/2023\/07\/Puigdemont-Pedro-Sanchez-Nunez-Feijoo-Abascal1.jpg","jetpack_sharing_enabled":true,"_links":{"self":[{"href":"https:\/\/nuevaprensaamerica.com\/index.php\/wp-json\/wp\/v2\/posts\/198","targetHints":{"allow":["GET"]}}],"collection":[{"href":"https:\/\/nuevaprensaamerica.com\/index.php\/wp-json\/wp\/v2\/posts"}],"about":[{"href":"https:\/\/nuevaprensaamerica.com\/index.php\/wp-json\/wp\/v2\/types\/post"}],"author":[{"embeddable":true,"href":"https:\/\/nuevaprensaamerica.com\/index.php\/wp-json\/wp\/v2\/users\/1"}],"replies":[{"embeddable":true,"href":"https:\/\/nuevaprensaamerica.com\/index.php\/wp-json\/wp\/v2\/comments?post=198"}],"version-history":[{"count":4,"href":"https:\/\/nuevaprensaamerica.com\/index.php\/wp-json\/wp\/v2\/posts\/198\/revisions"}],"predecessor-version":[{"id":203,"href":"https:\/\/nuevaprensaamerica.com\/index.php\/wp-json\/wp\/v2\/posts\/198\/revisions\/203"}],"wp:featuredmedia":[{"embeddable":true,"href":"https:\/\/nuevaprensaamerica.com\/index.php\/wp-json\/wp\/v2\/media\/201"}],"wp:attachment":[{"href":"https:\/\/nuevaprensaamerica.com\/index.php\/wp-json\/wp\/v2\/media?parent=198"}],"wp:term":[{"taxonomy":"category","embeddable":true,"href":"https:\/\/nuevaprensaamerica.com\/index.php\/wp-json\/wp\/v2\/categories?post=198"},{"taxonomy":"post_tag","embeddable":true,"href":"https:\/\/nuevaprensaamerica.com\/index.php\/wp-json\/wp\/v2\/tags?post=198"}],"curies":[{"name":"wp","href":"https:\/\/api.w.org\/{rel}","templated":true}]}}