{"id":209,"date":"2023-08-05T00:02:30","date_gmt":"2023-08-05T00:02:30","guid":{"rendered":"https:\/\/nuevaprensaamerica.com\/?p=209"},"modified":"2023-08-05T00:02:39","modified_gmt":"2023-08-05T00:02:39","slug":"periodista-gonzalo-guillen-celebra-el-nombramiento-de-juan-david-correa-como-ministro-de-cultura-de-colombia-y-anuncia-el-lanzamiento-de-su-nuevo-libro-la-artilleria-de-la-libertad","status":"publish","type":"post","link":"https:\/\/nuevaprensaamerica.com\/index.php\/2023\/08\/05\/periodista-gonzalo-guillen-celebra-el-nombramiento-de-juan-david-correa-como-ministro-de-cultura-de-colombia-y-anuncia-el-lanzamiento-de-su-nuevo-libro-la-artilleria-de-la-libertad\/","title":{"rendered":"Periodista Gonzalo Guill\u00e9n celebra el nombramiento de Juan David Correa como ministro de Cultura de Colombia y anuncia el lanzamiento de su nuevo libro &#8220;La artiller\u00eda de la libertad&#8221;"},"content":{"rendered":"<p>El reconocido periodista colombiano Gonzalo Guill\u00e9n expres\u00f3 su satisfacci\u00f3n por el nombramiento de Juan David Correa como nuevo ministro de Cultura de Colombia.<\/p>\n<p>Guill\u00e9n, director del portal de noticias La Nueva Prensa, utiliz\u00f3 su cuenta de Twitter (@HELIODOPTERO) para felicitar a Correa y agradecerle por haberle pedido y editado su nuevo libro, titulado &#8220;La artiller\u00eda de la libertad&#8221;, que estar\u00e1 en librer\u00edas a finales de agosto.<\/p>\n<p>Adem\u00e1s, Guill\u00e9n revel\u00f3 que su obra ser\u00e1 presentada por la actriz, cantante y columnista Margarita Rosa de Francisco, a quien calific\u00f3 como &#8220;la sin par&#8221;.<\/p>\n<p>Juan David Correa es un periodista y escritor que se ha desempe\u00f1ado como director de la revista Arcadia.<\/p>\n<p>Correa fue designado como ministro de Cultura por el presidente Iv\u00e1n Duque el pasado 3 de agosto, en reemplazo de Jorge Zorro.<\/p>\n<blockquote class=\"twitter-tweet\" data-dnt=\"true\">\n<p dir=\"ltr\" lang=\"es\">Celebro y saludo el nombramiento de <a href=\"https:\/\/twitter.com\/jdcorreau?ref_src=twsrc%5Etfw\">@jdcorreau<\/a> como <a href=\"https:\/\/twitter.com\/Mineduc?ref_src=twsrc%5Etfw\">@Mineduc<\/a>. A \u00e9l le agradezco haberme pedido y editado mi nuevo libro, \u201cLa artiller\u00eda de la libertad\u201d, que estar\u00e1 en librer\u00edas a finales de agosto. Adem\u00e1s, ser\u00e1 presentado por la sin par Margarita Rosa de Francisco. <a href=\"https:\/\/t.co\/RXq7w2Mwpm\">pic.twitter.com\/RXq7w2Mwpm<\/a><\/p>\n<p>\u2014 Gonzalo Guill\u00e9n (@HELIODOPTERO) <a href=\"https:\/\/twitter.com\/HELIODOPTERO\/status\/1686851053809995776?ref_src=twsrc%5Etfw\">August 2, 2023<\/a><\/p><\/blockquote>\n<p><script async src=\"https:\/\/platform.twitter.com\/widgets.js\" charset=\"utf-8\"><\/script><\/p>\n","protected":false},"excerpt":{"rendered":"<p>El reconocido periodista colombiano Gonzalo Guill\u00e9n expres\u00f3 su satisfacci\u00f3n por el nombramiento de Juan David Correa como nuevo ministro de Cultura de Colombia. Guill\u00e9n, director [&hellip;]<\/p>\n","protected":false},"author":1,"featured_media":211,"comment_status":"open","ping_status":"open","sticky":false,"template":"","format":"standard","meta":{"h5ap_radio_sources":[],"_FSMCFIC_featured_image_caption":"","_FSMCFIC_featured_image_nocaption":"","_FSMCFIC_featured_image_hide":"","_jetpack_memberships_contains_paid_content":false,"footnotes":""},"categories":[12],"tags":[],"class_list":["post-209","post","type-post","status-publish","format-standard","has-post-thumbnail","hentry","category-colombia"],"aioseo_notices":[],"jetpack_featured_media_url":"https:\/\/nuevaprensaamerica.com\/wp-content\/uploads\/2023\/08\/gonzalo-guillen-juan-david-correa1.jpg","jetpack_sharing_enabled":true,"_links":{"self":[{"href":"https:\/\/nuevaprensaamerica.com\/index.php\/wp-json\/wp\/v2\/posts\/209","targetHints":{"allow":["GET"]}}],"collection":[{"href":"https:\/\/nuevaprensaamerica.com\/index.php\/wp-json\/wp\/v2\/posts"}],"about":[{"href":"https:\/\/nuevaprensaamerica.com\/index.php\/wp-json\/wp\/v2\/types\/post"}],"author":[{"embeddable":true,"href":"https:\/\/nuevaprensaamerica.com\/index.php\/wp-json\/wp\/v2\/users\/1"}],"replies":[{"embeddable":true,"href":"https:\/\/nuevaprensaamerica.com\/index.php\/wp-json\/wp\/v2\/comments?post=209"}],"version-history":[{"count":2,"href":"https:\/\/nuevaprensaamerica.com\/index.php\/wp-json\/wp\/v2\/posts\/209\/revisions"}],"predecessor-version":[{"id":212,"href":"https:\/\/nuevaprensaamerica.com\/index.php\/wp-json\/wp\/v2\/posts\/209\/revisions\/212"}],"wp:featuredmedia":[{"embeddable":true,"href":"https:\/\/nuevaprensaamerica.com\/index.php\/wp-json\/wp\/v2\/media\/211"}],"wp:attachment":[{"href":"https:\/\/nuevaprensaamerica.com\/index.php\/wp-json\/wp\/v2\/media?parent=209"}],"wp:term":[{"taxonomy":"category","embeddable":true,"href":"https:\/\/nuevaprensaamerica.com\/index.php\/wp-json\/wp\/v2\/categories?post=209"},{"taxonomy":"post_tag","embeddable":true,"href":"https:\/\/nuevaprensaamerica.com\/index.php\/wp-json\/wp\/v2\/tags?post=209"}],"curies":[{"name":"wp","href":"https:\/\/api.w.org\/{rel}","templated":true}]}}