{"id":2168,"date":"2024-04-21T15:04:54","date_gmt":"2024-04-21T15:04:54","guid":{"rendered":"https:\/\/nuevaprensaamerica.com\/?p=2168"},"modified":"2024-04-21T15:56:21","modified_gmt":"2024-04-21T15:56:21","slug":"empresarios-chavistas-controlarian-alcaldia-y-ciudad-de-doral-en-estados-unidos","status":"publish","type":"post","link":"https:\/\/nuevaprensaamerica.com\/index.php\/2024\/04\/21\/empresarios-chavistas-controlarian-alcaldia-y-ciudad-de-doral-en-estados-unidos\/","title":{"rendered":"Empresarios Chavistas controlar\u00edan alcald\u00eda y Ciudad de Doral en Estados Unidos"},"content":{"rendered":"<p><\/p>\r\n<p><span style=\"vertical-align: inherit\"><span style=\"vertical-align: inherit\">Quien imaginaria que el chavismo disfrazado de &#8220;empresarios&#8221;, que en realidad son los testaferros de la revoluci\u00f3n estar\u00edan gobernando la alcald\u00eda de Doral, en Estados Unidos.<\/span><\/span><\/p>\r\n<p>\r\n\r\n<\/p>\r\n<h2 class=\"wp-block-heading\"><em><strong><span style=\"vertical-align: inherit\"><span style=\"vertical-align: inherit\">LA LISTA ES LARGA, EMPECEMOS POR LOS M\u00c1S ESC\u00c1NDALOSOS<\/span><\/span><\/strong><\/em><\/h2>\r\n<p>\r\n\r\n<\/p>\r\n<p><span style=\"vertical-align: inherit\"><span style=\"vertical-align: inherit\">Uno de ellos es Carlos Alaimo, supuesto &#8220;empresario venezolano&#8221; pero que en realidad es un chavista, due\u00f1o de un centro comercial entero en la ciudad de Doral (En la Av 107 Av con 58 donde opera un reconocido supermercado de la cadena S\u00c9DANOS) aparte de muchas otras propiedades.<\/span><\/span><\/p>\r\n<p>\r\n\r\n<\/p>\r\n<p><strong><em><span style=\"vertical-align: inherit\"><span style=\"vertical-align: inherit\">\u00bfQUI\u00c9N ES CARLOS ALAIMO?<\/span><\/span><\/em><\/strong><\/p>\r\n<p>\r\n\r\n<\/p>\r\n<figure class=\"wp-block-image size-full is-resized\"><img decoding=\"async\" class=\"wp-image-43911\" src=\"https:\/\/dateado.com\/wp-content\/uploads\/2024\/04\/70cab21a-b187-423f-b05e-69d1f895ea80.jpg\" alt=\"\" \/>\r\n<figcaption class=\"wp-element-caption\"><span style=\"vertical-align: inherit\"><span style=\"vertical-align: inherit\">Nicol\u00e1s Maduro junto a Carlos Alaimo<\/span><\/span><\/figcaption>\r\n<\/figure>\r\n<p>\r\n\r\n<\/p>\r\n<p><span style=\"vertical-align: inherit\"><span style=\"vertical-align: inherit\">Alaimo ha desarrollado negocios en Venezuela, principalmente en el estado Zulia, donde fue presidente del equipo de f\u00fatbol Zulia FC, Tambi\u00e9n ha incursionado en \u00e1reas como la salud, donde es propietario de una de las cl\u00ednicas privadas m\u00e1s grandes del estado Zulia y tambi\u00e9n de algunos hoteles. <\/span><\/span><br \/><span style=\"vertical-align: inherit\"><span style=\"vertical-align: inherit\">Todo esto en la \u00e9poca que vivi\u00f3 en Venezuela, antes de fijar residencia en la ciudad de Doral, Florida, Estados Unidos, revel\u00f3 Prensa Am\u00e9rica.<\/span><\/span><\/p>\r\n<p>\r\n\r\n<\/p>\r\n<p><span style=\"vertical-align: inherit\"><span style=\"vertical-align: inherit\">En Florida ha practicado el apoyo a campa\u00f1as candidaturas y una de esas campa\u00f1as fue la del excandidato a la silla del consejo de la ciudad de Doral, Oscar Puig.<\/span><\/span><\/p>\r\n<p>\r\n\r\n<\/p>\r\n<p><span style=\"vertical-align: inherit\"><span style=\"vertical-align: inherit\">Los aspirantes a cargos gubernamentales en los Estados Unidos no pueden recibir financiamiento por m\u00e1s de 1000 d\u00f3lares, bien sea de personas o empresas. Pues bien, en los registros p\u00fablicos se puede ver que Alaimo realiz\u00f3 una serie de donaciones con diferentes nombres de empresas, pero con la misma direcci\u00f3n, a \u00d3scar Puig.<\/span><\/span><\/p>\r\n<p>\r\n\r\n<\/p>\r\n<figure class=\"wp-block-image size-full\"><img decoding=\"async\" class=\"wp-image-43805\" src=\"https:\/\/dateado.com\/wp-content\/uploads\/2024\/04\/Sin-titulo-52.png\" alt=\"\" \/>\r\n<figcaption class=\"wp-element-caption\"><span style=\"vertical-align: inherit\"><span style=\"vertical-align: inherit\">Izquierda Oscar Puig-Corve, Derecha Carlos Alaimo<\/span><\/span><\/figcaption>\r\n<\/figure>\r\n<p>\r\n\r\n<\/p>\r\n<p><span style=\"vertical-align: inherit\"><span style=\"vertical-align: inherit\">Oscar Puig pertenece al c\u00edrculo del exalcalde de Doral, Juan Carlos Berm\u00fadez.<\/span><\/span><\/p>\r\n<p>\r\n\r\n<\/p>\r\n<figure class=\"wp-block-image size-large\"><img decoding=\"async\" class=\"wp-image-43912\" src=\"https:\/\/dateado.com\/wp-content\/uploads\/2024\/04\/86a6f74a-c345-41ac-89ce-da850af40a66-1-1024x576.jpg\" alt=\"\" \/>\r\n<figcaption class=\"wp-element-caption\"><span style=\"vertical-align: inherit\"><span style=\"vertical-align: inherit\">Juan Carlos Berm\u00fadez, exalcalde de Doral<\/span><\/span><\/figcaption>\r\n<\/figure>\r\n<p>\r\n\r\n<\/p>\r\n<p><span style=\"vertical-align: inherit\"><span style=\"vertical-align: inherit\">Estos pol\u00edticos reciben financiamiento de empresarios que, como Alaimo, se han beneficiado de sus relaciones con el chavismo en Venezuela.<\/span><\/span><\/p>\r\n<p>\r\n\r\n<\/p>\r\n<figure class=\"wp-block-image size-full\"><img decoding=\"async\" class=\"wp-image-43883\" src=\"https:\/\/dateado.com\/wp-content\/uploads\/2024\/04\/59266732-32a3-417e-a770-ad1651fab14a-2.jpg\" alt=\"\" \/>\r\n<figcaption class=\"wp-element-caption\"><span style=\"vertical-align: inherit\"><span style=\"vertical-align: inherit\">Arias C\u00e1rdenas y Carlos Alaimo.<\/span><\/span><\/figcaption>\r\n<\/figure>\r\n<p>\r\n\r\n<\/p>\r\n<p><span style=\"vertical-align: inherit\"><span style=\"vertical-align: inherit\">Carlos Alaimo es adem\u00e1s conocido por haber sido consuegro y mantener amistad con el exgobernador chavista de Zulia, Francisco Arias C\u00e1rdenas, quien en 2012, seg\u00fan asegurara un periodista venezolano, le ofreci\u00f3 al empresario ser candidato del chavismo a la alcald\u00eda de Maracaibo, ciudad capital de la provincia de Zulia, donde ha sido dirigente de la organizaci\u00f3n pol\u00edtica Partido Independiente del Zulia y miembro del voluntariado \u201cPasi\u00f3n por Maracaibo\u201d. Sin embargo, en 2017 se postul\u00f3 como alcalde de Maracaibo con el respaldo del Partido Independiente del Zulia (PIZ).<\/span><\/span><\/p>\r\n<p>\r\n\r\n<\/p>\r\n<p>&nbsp;<\/p>\r\n<p>\r\n\r\n<\/p>\r\n<p><span style=\"vertical-align: inherit\"><span style=\"vertical-align: inherit\">En el a\u00f1o 2015 las redes sociales estallaron ante el abuso de Carlos Alaimo cuando golpe\u00f3 a inocentes vendedores de jugos que solo quer\u00edan trabajar y poder poner un plato de comida en sus hogares, hecho que ocurri\u00f3 en el estado Zulia.<\/span><\/span><\/p>\r\n<p>\r\n\r\n<\/p>\n\n<p>\n\r\n\r\n<\/p>\r\n<p>&nbsp;<\/p>\r\n<p>\r\n\r\n<\/p>\r\n<p><strong><em><span style=\"vertical-align: inherit\"><span style=\"vertical-align: inherit\">LA POL\u00cdTICA Y LA CORRUPCI\u00d3N NECESITAN LA GENERACI\u00d3N DE RELEVO PARA PODER SEGUIR ADELANTE<\/span><\/span><\/em><\/strong><\/p>\r\n<p>\r\n\r\n<\/p>\r\n<p><span style=\"vertical-align: inherit\"><span style=\"vertical-align: inherit\">Alaimo esta usando nuevas fichas como lo es su pupilo <\/span><\/span><strong><em><span style=\"vertical-align: inherit\"><span style=\"vertical-align: inherit\">Samuel Aldana,<\/span><\/span><\/em><\/strong><span style=\"vertical-align: inherit\"><span style=\"vertical-align: inherit\"> joven que apareci\u00f3 recientemente en el mundo pol\u00edtico del Doral impulsado por una conocida relacionista p\u00fablica que se encuentran tratando de retomar el control pol\u00edtico que perdi\u00f3 el exalcalde Juan Carlos Berm\u00fadez.<\/span><\/span><\/p>\r\n<p>\r\n\r\n<\/p>\r\n<figure class=\"wp-block-image size-full\"><img decoding=\"async\" class=\"wp-image-43918\" src=\"https:\/\/dateado.com\/wp-content\/uploads\/2024\/04\/samuelaldanaversionfinal.jpg\" alt=\"\" \/>\r\n<figcaption class=\"wp-element-caption\"><span style=\"vertical-align: inherit\"><span style=\"vertical-align: inherit\">Samuel Aldana<\/span><\/span><\/figcaption>\r\n<\/figure>\r\n<p>\r\n\r\n<\/p>\r\n<p>&nbsp;<\/p>\r\n<p>\r\n\r\n<\/p>\r\n<p><span style=\"vertical-align: inherit\"><span style=\"vertical-align: inherit\">Aldana viene de intentar abrirse camino pol\u00edtico desde muy joven en el estado Zulia y se vende como independiente cuando en realidad es una ficha de este empresario chavista Carlos Alaimo como se muestra en un reportaje, <\/span><\/span><strong><em><span style=\"vertical-align: inherit\"><span style=\"vertical-align: inherit\">donde lo alab\u00f3<\/span><\/span><\/em><\/strong><span style=\"vertical-align: inherit\"><span style=\"vertical-align: inherit\"> reconoce su gesti\u00f3n y lo felicita, entre otras cosas , <\/span><\/span><strong><em><span style=\"vertical-align: inherit\"><span style=\"vertical-align: inherit\">Aldana es reconocido en el estado Zulia como un traidor a los movimientos de resistencia y de calle,<\/span><\/span><\/em><\/strong><span style=\"vertical-align: inherit\"><span style=\"vertical-align: inherit\"> ya que mientras miles de j\u00f3venes protestaban en las calles exigiendo un cambio de gobierno por la v\u00eda de la protesta pac\u00edfica este se encarg\u00f3 de hacer llamados y acciones para enfriar la calle y condenar las protestas y cierres avenidas.<\/span><\/span><\/p>\r\n<p>\r\n\r\n<\/p>\r\n<p><span style=\"vertical-align: inherit\"><span style=\"vertical-align: inherit\">La relaci\u00f3n de Alaimo y Aldana siempre fue estrecha, pero fue en el a\u00f1o 2016 cuando dicha relaci\u00f3n estrach\u00f3 aun m\u00e1s sus lazos, cuando Aldana ve que su futuro puede cambiar dr\u00e1sticamente para bien y es cuando se une con la fundaci\u00f3n por un motivo clave: \u201c <\/span><\/span><strong><a href=\"https:\/\/versionfinal.com.ve\/politica-dinero\/estudiantes-emprendedores-necesitan-atencion-primaria\/\"><span style=\"vertical-align: inherit\"><span style=\"vertical-align: inherit\">El doctor Carlos Alaimo es un empresario motivador<\/span><\/span><\/a><\/strong><span style=\"vertical-align: inherit\"><span style=\"vertical-align: inherit\"> , que hastas ese momento se habia dedicado su voluntad para ayudar a las comunidades\u201d, expresa Aldana, quien demostr\u00f3 que\u00a0 <\/span><\/span><strong><span style=\"vertical-align: inherit\"><span style=\"vertical-align: inherit\">solo de la mano de gente que piensa en rescatar la ciudadan\u00eda se puede avanzar e impulsar el pa\u00eds.<\/span><\/span><\/strong><span style=\"vertical-align: inherit\"><span style=\"vertical-align: inherit\"> , auqnue el pa\u00eds nunca avanz\u00f3, Aldana si lo hizo, catapultandose del Zulia a Miami, y ostentando una voda de nuevo millonario.<\/span><\/span><\/p>\r\n<p>\r\n\r\n<\/p>\r\n<h2 class=\"wp-block-heading\"><strong><em><span style=\"vertical-align: inherit\"><span style=\"vertical-align: inherit\">LOS RESTAURANTES SON LA LAVANDER\u00cdA PERFECTA<\/span><\/span><\/em><\/strong><\/h2>\r\n<p>\r\n\r\n<\/p>\r\n<p>&nbsp;<\/p>\r\n<p>\r\n\r\n<\/p>\r\n<h2 class=\"wp-block-heading\"><strong><em><span style=\"vertical-align: inherit\"><span style=\"vertical-align: inherit\">Leopoldo Jos\u00e9 Brice\u00f1o Punceles y su cadena de restaurantes<\/span><\/span><\/em><\/strong><\/h2>\r\n<p>\r\n\r\n<\/p>\r\n<p>&nbsp;<\/p>\r\n<p>\r\n\r\n<\/p>\r\n<figure class=\"wp-block-image size-full\"><img decoding=\"async\" class=\"wp-image-43839\" src=\"https:\/\/dateado.com\/wp-content\/uploads\/2024\/04\/store6.png\" alt=\"\" \/>\r\n<figcaption class=\"wp-element-caption\"><span style=\"vertical-align: inherit\"><span style=\"vertical-align: inherit\">Barra de sushi de soja<\/span><\/span><\/figcaption>\r\n<\/figure>\r\n<p>\r\n\r\n<\/p>\r\n<figure class=\"wp-block-image size-full is-resized\"><img decoding=\"async\" class=\"wp-image-43843\" src=\"https:\/\/dateado.com\/wp-content\/uploads\/2024\/04\/images-1-5.jpg\" alt=\"\" \/>\r\n<figcaption class=\"wp-element-caption\"><span style=\"vertical-align: inherit\"><span style=\"vertical-align: inherit\">Sushi Bar Doral<\/span><\/span><\/figcaption>\r\n<\/figure>\r\n<p>\r\n\r\n<\/p>\r\n<p>&nbsp;<\/p>\r\n<p>\r\n\r\n<\/p>\r\n<p><span style=\"vertical-align: inherit\"><span style=\"vertical-align: inherit\">Otro empresario tambi\u00e9n chavista ser\u00eda <\/span><\/span><em><strong><span style=\"vertical-align: inherit\"><span style=\"vertical-align: inherit\">Leopoldo Jos\u00e9 Brice\u00f1o Punceles<\/span><\/span><\/strong><\/em><span style=\"vertical-align: inherit\"><span style=\"vertical-align: inherit\"> , due\u00f1o de otra cadena de restaurantes en la ciudad del Doral llamada Soya Sushi Bar el cual fue denunciado por el activista pol\u00edtico Jos\u00e9 Colina Durante el a\u00f1o 2019.<\/span><\/span><\/p>\r\n<p>\r\n\r\n<\/p>\r\n<figure class=\"wp-block-image size-full is-resized\"><img decoding=\"async\" class=\"wp-image-43842\" src=\"https:\/\/dateado.com\/wp-content\/uploads\/2024\/04\/images-3-2.jpg\" alt=\"\" \/><\/figure>\r\n<p>\r\n\r\n<\/p>\r\n<blockquote class=\"twitter-tweet\">\r\n<p dir=\"ltr\" lang=\"es\"><span style=\"vertical-align: inherit\"><span style=\"vertical-align: inherit\">Tal como lo revelar\u00e1 la investigaci\u00f3n del Nuevo Herald, el local Soya Sushi Bar, ubicado en el Doral es de un enchufado venezolano. Nadie debe asistir a ese local. Si lampolicia del Doral nos da permiso, haremos el respectivo escrache!<\/span><\/span><\/p>\r\n<span style=\"vertical-align: inherit\"><span style=\"vertical-align: inherit\">\u2014 Jos\u00e9 Antonio Colina (@JoseColinaP) <\/span><\/span><a href=\"https:\/\/twitter.com\/JoseColinaP\/status\/1144298654402064387?ref_src=twsrc%5Etfw\"><span style=\"vertical-align: inherit\"><span style=\"vertical-align: inherit\">27 de junio de 2019<\/span><\/span><\/a><\/blockquote>\r\n<p>\r\n\r\n<\/p>\r\n<p>&nbsp;<\/p>\r\n<p>\r\n\r\n<\/p>\r\n<p><span style=\"vertical-align: inherit\"><span style=\"vertical-align: inherit\">Leopoldo Jos\u00e9 Brice\u00f1o Punceles, es el due\u00f1o oficial de la empresa Cresswell Overseas. Seg\u00fan la Justicia portuguesa y suiza detr\u00e1s de \u00e9l est\u00e1 la esposa de El Troudi.<\/span><\/span><\/p>\r\n<p>\r\n\r\n<\/p>\r\n<p>&nbsp;<\/p>\r\n<p>\r\n\r\n<\/p>\r\n<figure class=\"wp-block-image size-full\"><img decoding=\"async\" class=\"wp-image-43841\" src=\"https:\/\/dateado.com\/wp-content\/uploads\/2024\/04\/soya_1ff00c82-5056-a36a-07109451ca0341e7.jpg\" alt=\"\" \/>\r\n<figcaption class=\"wp-element-caption\"><span style=\"vertical-align: inherit\"><span style=\"vertical-align: inherit\">Soya Syshi Bar &amp; Grill<\/span><\/span><\/figcaption>\r\n<\/figure>\r\n<p>\r\n\r\n<\/p>\r\n<figure class=\"wp-block-image size-full is-resized\"><img decoding=\"async\" class=\"wp-image-43840\" src=\"https:\/\/dateado.com\/wp-content\/uploads\/2024\/04\/348s.jpg\" alt=\"\" \/>\r\n<figcaption class=\"wp-element-caption\"><span style=\"vertical-align: inherit\"><span style=\"vertical-align: inherit\">Instalaciones internas de uno de los restaurantes de la cadena de restaurantes Soya Sushi Bar<\/span><\/span><\/figcaption>\r\n<\/figure>\r\n<p>\r\n\r\n<\/p>\r\n<p><strong><em><span style=\"vertical-align: inherit\"><span style=\"vertical-align: inherit\">Leopoldo Jos\u00e9 Brice\u00f1o Punceles<\/span><\/span><\/em><\/strong><span style=\"vertical-align: inherit\"><span style=\"vertical-align: inherit\"> tambi\u00e9n es el beneficiario de Cresswell Overseas SA, una sociedad registrada en Panam\u00e1 creada en 2012 y que sigue activa, sin embargo en Panam\u00e1 han publicado con fecha 15 de junio de 2023, un<\/span><\/span><strong><em><a href=\"https:\/\/www.prensa.com\/comunicados\/aviso-legal-para-cresswell-overseas-sa-y-leopoldo-jose-briceno-punceles\/\"><span style=\"vertical-align: inherit\"><span style=\"vertical-align: inherit\"> Aviso legal para Cresswell Overseas SA y Leopoldo Jos\u00e9 Brice\u00f1o Punceles<\/span><\/span><\/a><\/em><\/strong><span style=\"vertical-align: inherit\"><span style=\"vertical-align: inherit\"> .<\/span><\/span><\/p>\r\n<p>\r\n\r\n<\/p>\r\n<p>El Fiscal General de Antigua y Barbuda ha presentado una demanda para la recuperaci\u00f3n de fondos y valores en posesi\u00f3n de Cresswell Overseas SA en Meinl Bank (Antigua) Ltd. (Antigua). (En proceso de administraci\u00f3n judicial). La demanda es la que se expone a continuaci\u00f3n. El Escrito de la Demanda y el C\u00f3digo de Autorizaci\u00f3n con el que puede presentar un Acuse de Recibo de la Notificaci\u00f3n y una Contestaci\u00f3n pueden obtenerse en la Secretar\u00eda del Tribunal Superior<\/p>\r\n<p>\r\n\r\n<\/p>\r\n<figure class=\"wp-block-image size-large\"><img decoding=\"async\" class=\"wp-image-43845\" src=\"https:\/\/dateado.com\/wp-content\/uploads\/2024\/04\/Sin-titulo-54-1024x449.png\" alt=\"\" \/><\/figure>\r\n<p>\r\n\r\n<\/p>\r\n<figure class=\"wp-block-image size-large\"><img decoding=\"async\" class=\"wp-image-43844\" src=\"https:\/\/dateado.com\/wp-content\/uploads\/2024\/04\/Sin-titulo-53-1024x472.png\" alt=\"\" \/><\/figure>\r\n<p>\r\n\r\n<\/p>\r\n<p>&nbsp;<\/p>\r\n<p>\r\n\r\n<\/p>\r\n<figure class=\"wp-block-image size-large\"><img decoding=\"async\" class=\"wp-image-43846\" src=\"https:\/\/dateado.com\/wp-content\/uploads\/2024\/04\/RE2MDGCRUJF5NHTEZCOWCKRFMI-524x1024.jpg\" alt=\"\" \/><\/figure>\r\n<p>\r\n\r\n<\/p>\r\n<p>Poco se sabe de este hombre, que mantiene una presencia discreta en las redes sociales. Registros p\u00fablicos muestran que Brice\u00f1o Punceles aparece como agente registrado de al menos tres compa\u00f1\u00edas en el sur de la Florida: una de compraventa de propiedades, un negocio de fotograf\u00eda y un restaurante en Doral, ciudad que ha crecido impulsada por la emigraci\u00f3n venezolana.<\/p>\r\n<p>\r\n\r\n<\/p>\r\n<p>Seg\u00fan las transacciones archivadas en el sistema Drousys, entre 2012 y 2014, Cresswell Overseas recibi\u00f3 al menos $92 millones en transferencias de Odebrecht relacionadas con la ampliaci\u00f3n del Metro de Caracas, el Cabletren Petare\u00f1o, y el Metro de Guarenas-Guatire, todas obras inconclusas pese a los millones gastados.<\/p>\r\n<p>\r\n\r\n<\/p>\r\n<p>Mientras tanto, entre 2013 y 2015, Brice\u00f1o Punceles adquiri\u00f3 discretamente tres condominios en Miami por un poco m\u00e1s de $1 mill\u00f3n. En 2018, adquiri\u00f3 una cuarta propiedad, para un total de $1.2 millones invertidos en propiedades en el sur de la Florida.<\/p>\r\n<p>\r\n\r\n<\/p>\r\n<p>La mayor parte de los pagos realizados a Cresswell Overseas est\u00e1n relacionados con la l\u00ednea cinco del Metro de Caracas. Los recibos de las transacciones incluyen el monto y la fecha, as\u00ed como informaci\u00f3n sobre la ruta del dinero y el misterioso nombre en clave \u201cCamelo\u201d. En todos los casos, la Divisi\u00f3n se tom\u00f3 el trabajo de hacer los pagos a trav\u00e9s de otras compa\u00f1\u00edas fantasma creadas para este fin.<\/p>\r\n<p>\r\n\r\n<\/p>\r\n<p>La fiscal\u00eda brasile\u00f1a obtuvo copias de algunos de estos contratos ficticios que la Divisi\u00f3n de Operaciones Estructuradas disfraz\u00f3 como supuestas labores de asesor\u00eda y otros servicios entre varias compa\u00f1\u00edas offshore, incluidas Cresswell Overseas, Kleinfeld Services Ltd, Fincastle, Alfa International Corporation e Innovation Research Engineering and Development LTD, entre otras.<\/p>\r\n<p>\r\n\r\n<\/p>\r\n<p>Varios recibos de los pagos entre estas empresas los identifican como pagos por asesor\u00eda. En una sola transacci\u00f3n de diciembre del 2014, la cuenta de Cresswell Overseas en el Meinl Bank, un banco en Antigua y Barbuda adquirido por Odebrecht para facilitar los pagos ilegales, recibi\u00f3 $2 millones por concepto de \u201ccontrato con Fincastle\u201d, una de las compa\u00f1\u00edas fantasma de Odebrecht. Entre junio y octubre de 2013, Cresswell Overseas hab\u00eda recibido cerca de $13.8 millones en una cuenta en el Banco Espirito Santo, en Madeira, Portugal. Y entre septiembre y diciembre de 2012, Cresswell Overseas recibi\u00f3 cerca de $34 millones en nueve transferencias de Kleinfeld Serv<\/p>\r\n<p>\r\n\r\n<\/p>\r\n<h2 class=\"wp-block-heading\"><strong><em>LOS HERMANOS DI GRAZIA NO POD\u00cdAN FALTAR<\/em><\/strong><\/h2>\r\n<p>\r\n\r\n<\/p>\r\n<p>Pr\u00e1ctica que se ha hecho habitual entre este tipo de empresarios, los cuales poseen riquezas de dudosa procedencia. C\u00f3mo es el caso de los hermanos De Grazia que financian algunas candidaturas de concejales y funcionarios de la tambi\u00e9n alcald\u00eda del Doral. Estos hermanos recientemente fueron detenidos y acusados de lavado y robo millonario en Venezuela, pero curiosamente las autoridades en los Estados Unidos no act\u00faan en su contra, muy posiblemente porque estos funcionarios desde exalcaldes, concejales y otros los encubren y evitan investigaciones en su contra.<\/p>\r\n<p>\r\n\r\n<\/p>\r\n<figure class=\"wp-block-image size-large\"><img decoding=\"async\" class=\"wp-image-43803\" src=\"https:\/\/dateado.com\/wp-content\/uploads\/2024\/04\/a22019e0-426a-4410-8316-68551cb9d6a9-939x1024.jpg\" alt=\"\" \/>\r\n<figcaption class=\"wp-element-caption\">Hermanos Di Grazia, hoy detenidos por el gobierno venezolano<\/figcaption>\r\n<\/figure>\r\n<p>\r\n\r\n<\/p>\r\n<p>&nbsp;<\/p>\r\n<p>\r\n\r\n<\/p>\r\n<p>Los hermanos <strong><em>Daniel Jos\u00e9, Levin Salvatore y Carmelo De Grazia Su\u00e1rez <\/em><\/strong>fueron detenidos el viernes por agentes adscritos a la Divisi\u00f3n de B\u00fasqueda y Captura del Cicpc.<\/p>\r\n<p>\r\n\r\n<\/p>\r\n<p>El Ministerio P\u00fablico imputar\u00e1 traici\u00f3n a la patria a los hermanos Daniel Jos\u00e9, Levin Salvatore y Carmelo De Grazia Su\u00e1rez, quienes fueron detenidos el viernes por agentes adscritos a la Divisi\u00f3n de B\u00fasqueda y Captura del Cicpc.<\/p>\r\n<p>\r\n\r\n<\/p>\r\n<p>Los hermanos De Grazia no son empresarios desconocidos. Son propietarios de las cadenas de restaurantes Bocas House, Bocas Grill, La Fontana y Francisca, agrupadas bajo el nombre Bocas Group, con sede en Miami y otras ciudades estadounidenses. La supuesta conexi\u00f3n de estos influyentes empresarios con el caso PDVSA-Cripto sugiere que las tent\u00e1culos de la corrupci\u00f3n podr\u00edan haber trascendido las fronteras venezolanas.<\/p>\r\n<p>\r\n\r\n<\/p>\r\n<figure class=\"wp-block-image size-full is-resized\"><img decoding=\"async\" class=\"wp-image-43884\" src=\"https:\/\/dateado.com\/wp-content\/uploads\/2024\/04\/image.jpg\" alt=\"\" \/>\r\n<figcaption class=\"wp-element-caption\">Bocas House &#8211; Coral Gables<\/figcaption>\r\n<\/figure>\r\n<p>\r\n\r\n<\/p>\r\n<figure class=\"wp-block-image size-full is-resized\"><img decoding=\"async\" class=\"wp-image-43885\" src=\"https:\/\/dateado.com\/wp-content\/uploads\/2024\/04\/348s-1.jpg\" alt=\"\" \/>\r\n<figcaption class=\"wp-element-caption\">BOCAS GRILL KENDALL\u00a0<\/figcaption>\r\n<\/figure>\r\n<p>\r\n\r\n<\/p>\r\n<figure class=\"wp-block-image size-full\"><img decoding=\"async\" class=\"wp-image-43886\" src=\"https:\/\/dateado.com\/wp-content\/uploads\/2024\/04\/large.jpg\" alt=\"\" \/>\r\n<figcaption class=\"wp-element-caption\">La Fontana Ristorante<\/figcaption>\r\n<\/figure>\r\n<p>\r\n\r\n<\/p>\r\n<figure class=\"wp-block-image size-full is-resized\"><img decoding=\"async\" class=\"wp-image-43887\" src=\"https:\/\/dateado.com\/wp-content\/uploads\/2024\/04\/images-5-1.jpg\" alt=\"\" \/>\r\n<figcaption class=\"wp-element-caption\">FRANCISCA CHARCOAL CHICKEN &amp; MEATS \u00a0<\/figcaption>\r\n<\/figure>\r\n<p>\r\n\r\n<\/p>\r\n<p>&nbsp;<\/p>\r\n<p>\r\n\r\n<\/p>\r\n<h2 class=\"wp-block-heading\"><strong><em>EN LA ALCALD\u00cdA DE DORAL MANDAN LOS CHAVISTAS<\/em><\/strong><\/h2>\r\n<p>\r\n\r\n<\/p>\r\n<p>&nbsp;<\/p>\r\n<p>\r\n\r\n<\/p>\r\n<p>La actual alcaldesa del Doral, <strong><em>Cristi Fraga<\/em><\/strong>, no escapa de los tent\u00e1culos del chavismo, ya que ella tambi\u00e9n se ha visto infiltrada por la influencia del exdirector de la cruz roja venezolana y acusado de corrupci\u00f3n, <em><strong>Mario Villarroel<\/strong><\/em>. La alcaldesa de Doral, Christi Fraga, es una reconocida pol\u00edtica cubanoamericana que se ha opuesto al r\u00e9gimen castrista y a las ideolog\u00edas de izquierda. Sin embargo, su jefa de gabinete o asistente personal, la venezolana <strong><em>Marion Villarroel Sierralta<\/em><\/strong> quien pertenece a una familia que ha sido vinculada con el chavismo y el gobierno de Nicol\u00e1s Maduro en Venezuela, Mario Villarroel decidi\u00f3 poner a su hija como sombra de la alcaldesa Christy y hasta se rumora que dentro de la alcald\u00eda que era Marion Villarroel quien tomaba las decisiones de la ciudad.<\/p>\r\n<p>\r\n\r\n<\/p>\r\n<figure class=\"wp-block-image size-full\"><img decoding=\"async\" class=\"wp-image-43808\" src=\"https:\/\/dateado.com\/wp-content\/uploads\/2024\/04\/Christi-Fraga70408234501100.jpg\" alt=\"\" \/>\r\n<figcaption class=\"wp-element-caption\">Criti Fraga alcaldesa de Doral<\/figcaption>\r\n<\/figure>\r\n<p>\r\n\r\n<\/p>\r\n<figure class=\"wp-block-image size-full is-resized\"><img decoding=\"async\" class=\"wp-image-43807\" src=\"https:\/\/dateado.com\/wp-content\/uploads\/2024\/04\/Christi-Fraga-Marion-Villarroel20408234501100.jpg\" alt=\"\" \/>\r\n<figcaption class=\"wp-element-caption\">Mario Villlorel junto a Fidel Castro<\/figcaption>\r\n<\/figure>\r\n<p>\r\n\r\n<\/p>\r\n<figure class=\"wp-block-image size-full is-resized\"><img decoding=\"async\" class=\"wp-image-43877\" src=\"https:\/\/dateado.com\/wp-content\/uploads\/2024\/04\/images-4-2.jpg\" alt=\"\" \/>\r\n<figcaption class=\"wp-element-caption\">Marion Villarroel Sierralta, hija del Mario Villarroel acusado de corrupcion en la Cruz Roja Venezolana<\/figcaption>\r\n<\/figure>\r\n<p>\r\n\r\n<\/p>\r\n<p>&nbsp;<\/p>\r\n<p>\r\n\r\n<\/p>\r\n<h2 class=\"wp-block-heading\">\u00a0<\/h2>\r\n<p>\r\n\r\n<\/p>\r\n<h2 class=\"wp-block-heading\"><strong><em>APARECE EL MAGNATE DE LOS ENV\u00cdOS DE AUTOS LUJOSOS Y COMIDA GOURMET A VENEZUELA <\/em><\/strong><\/h2>\r\n<p>\r\n\r\n<\/p>\r\n<figure class=\"wp-block-image size-full\"><img decoding=\"async\" class=\"wp-image-43820\" src=\"https:\/\/dateado.com\/wp-content\/uploads\/2024\/04\/descarga-2.jpg\" alt=\"\" \/>\r\n<figcaption class=\"wp-element-caption\"><em><strong>Wilmer Escaray<\/strong><\/em><\/figcaption>\r\n<\/figure>\r\n<p>\r\n\r\n<\/p>\r\n<p>&nbsp;<\/p>\r\n<p>\r\n\r\n<\/p>\r\n<p>Otro caso escandaloso de la Ciudad del Doral ser\u00eda el del empresario chavista <em><strong>Wilmer Escaray<\/strong><\/em>, quien a su vez controla tambi\u00e9n varios locales comerciales, restaurantes de comida.<\/p>\r\n<p>\r\n\r\n<\/p>\r\n<figure class=\"wp-block-image size-large\"><img decoding=\"async\" class=\"wp-image-43821\" src=\"https:\/\/dateado.com\/wp-content\/uploads\/2024\/04\/999e11fb-f008-4e22-a989-0871221e585c-768x1024.jpg\" alt=\"\" \/><\/figure>\r\n<p>\r\n\r\n<\/p>\r\n<p>Wilmer Escaray, conocido en el mundo del chavismo como el magnate de los env\u00edos que surte de autom\u00f3viles a figuras del chavismo. Escaray ha sido identificado por activistas de las redes como proveedor y suplidor de autom\u00f3viles para figuras del gobierno chavista, adem\u00e1s ser quien cumple todos los caprichos a Diosdado Cabello, desde comida gourmet, pasando por electrodom\u00e9sticos con IA, semillas y fertilizantes para las siembras del segund\u00f3n de la revoluci\u00f3n, as\u00ed como toda la ropa, zapatos, relojes y cualquier otro detalle de marca de \u00e9l y su familia.<\/p>\r\n<p>\r\n\r\n<\/p>\r\n<p>Escaray es vinculado con el exvicepresidente del \u00e1rea econ\u00f3mica del chavismo Tareck El Aissami, hoy detenido por el gobierno venezolano, seg\u00fan referencias en la Internet, Escaray es due\u00f1o y CEO de la empresa WM IMPORT &amp; EXPORT, CORP, N\u00famero de documento P11000008596, registrada en los Estados Unidos en 2011 y activa hasta ahora, la cual se especializa en env\u00edos puerta a puerta, en env\u00edos a\u00e9reos y mar\u00edtimos, desde USA.<\/p>\r\n<p>\r\n\r\n<\/p>\r\n<p>Seg\u00fan reportes en las redes, la empresa WM Import &amp; Export Corp conjuntamente con Autos WM Corp se han encargado durante a\u00f1os de exportar autom\u00f3viles para el uso particular de El Aissami y para otros miembros del gobierno chavista, gracias a que sus contenedores tienen entrada libre a los puertos de las ciudades de Maracaibo y La Guaira en Venezuela.<\/p>\r\n<p>\r\n\r\n<\/p>\r\n<p>&nbsp;<\/p>\r\n<p>\r\n\r\n<\/p>\r\n<figure class=\"wp-block-image\"><a href=\"https:\/\/blogger.googleusercontent.com\/img\/b\/R29vZ2xl\/AVvXsEhx4cqs_HpLyecd8Nzu8z3BtS8bBI5g8hQZ-Wd_CxxFYP2KtMkFVYH2dfWbmc5kk9L1deRHFb2Ddj7U95ZcCvUahVW5qHUcLGFHd3HDB6dgkY81EXhwIjtcPSMhKWyQAEbP8jnVtZAXmF8\/s1200\/escaray04112019-20.jpg\"><img decoding=\"async\" src=\"https:\/\/blogger.googleusercontent.com\/img\/b\/R29vZ2xl\/AVvXsEhx4cqs_HpLyecd8Nzu8z3BtS8bBI5g8hQZ-Wd_CxxFYP2KtMkFVYH2dfWbmc5kk9L1deRHFb2Ddj7U95ZcCvUahVW5qHUcLGFHd3HDB6dgkY81EXhwIjtcPSMhKWyQAEbP8jnVtZAXmF8\/s16000\/escaray04112019-20.jpg\" alt=\"\" \/><\/a><\/figure>\r\n<p>\r\n\r\n<\/p>\r\n<figure class=\"wp-block-image\"><a href=\"https:\/\/blogger.googleusercontent.com\/img\/b\/R29vZ2xl\/AVvXsEihttu58k_9JPgvdBuQF_KPWCdAkBqLWqL_O85gd5op2Zb8o7_L_1jBrjMmf7A0i__NgXpjFhmKf84_z5kRzxBd8xWx3ipjUhoNG2lJE1uHNI9UIwwulYiYXkWe85gt7gwLTNNf0mO10NE\/s860\/escaray04112019-30.jpg\"><img decoding=\"async\" src=\"https:\/\/blogger.googleusercontent.com\/img\/b\/R29vZ2xl\/AVvXsEihttu58k_9JPgvdBuQF_KPWCdAkBqLWqL_O85gd5op2Zb8o7_L_1jBrjMmf7A0i__NgXpjFhmKf84_z5kRzxBd8xWx3ipjUhoNG2lJE1uHNI9UIwwulYiYXkWe85gt7gwLTNNf0mO10NE\/s16000\/escaray04112019-30.jpg\" alt=\"\" \/><\/a><\/figure>\r\n<p>\r\n\r\n<\/p>\r\n<figure class=\"wp-block-image\"><a href=\"https:\/\/blogger.googleusercontent.com\/img\/b\/R29vZ2xl\/AVvXsEjoQaGOGiJYKZnZiVRFYSECbOjF6DLx4w-RY0_J12s0EtA9EDmWGceZRCr7Ww8JP9d-pxR-ToFp7Ivrcx-72oyFtqC2VhoirOvL4DpOKoD59uz2xpNTUdaHYYN6fQEKPgrfjNLEXvuL0cc\/s1037\/escaray04112019-40.jpg\"><img decoding=\"async\" src=\"https:\/\/blogger.googleusercontent.com\/img\/b\/R29vZ2xl\/AVvXsEjoQaGOGiJYKZnZiVRFYSECbOjF6DLx4w-RY0_J12s0EtA9EDmWGceZRCr7Ww8JP9d-pxR-ToFp7Ivrcx-72oyFtqC2VhoirOvL4DpOKoD59uz2xpNTUdaHYYN6fQEKPgrfjNLEXvuL0cc\/s16000\/escaray04112019-40.jpg\" alt=\"\" \/><\/a><\/figure>\r\n<p>\r\n\r\n<\/p>\r\n<p>&nbsp;<\/p>\r\n<p>\r\n\r\n<\/p>\r\n<figure class=\"wp-block-image\"><a href=\"https:\/\/blogger.googleusercontent.com\/img\/b\/R29vZ2xl\/AVvXsEh2nupS9L0a_zlPdp_jwDoiwi7ePs51Nv5LtyjAKn6d5ftINTtIo5jqxETi-IeHb2ItljFPwh9KqFzp-O0T2KrAawtKXW-UuH5p1FqgBZk1LsbYYeEzulYG5c2K52CYBrMv0G4DqYAdHtQ\/s700\/escaray04112019-10.jpg\"><img decoding=\"async\" src=\"https:\/\/blogger.googleusercontent.com\/img\/b\/R29vZ2xl\/AVvXsEh2nupS9L0a_zlPdp_jwDoiwi7ePs51Nv5LtyjAKn6d5ftINTtIo5jqxETi-IeHb2ItljFPwh9KqFzp-O0T2KrAawtKXW-UuH5p1FqgBZk1LsbYYeEzulYG5c2K52CYBrMv0G4DqYAdHtQ\/s16000\/escaray04112019-10.jpg\" alt=\"\" \/><\/a><\/figure>\r\n<p>\r\n\r\n<\/p>\r\n<p>Una menci\u00f3n en la web\u00a0<a href=\"https:\/\/www.accesopublico.com\/wilmer-escaray-el-proveedor-de-tareck-el-aissami\/\" target=\"_blank\" rel=\"noreferrer noopener\">accesopublico.com<\/a>\u00a0se\u00f1ala que \u00abWilmer Escaray posee m\u00e1s de una decena de empresas en Estados Unidos, de las cuales se presume que pertenezcan a una red sofisticada de lavado de dinero tras proveer de comida gourmet a miembros del Cartel de los Soles\u00bb.<\/p>\r\n<p>\r\n\r\n<\/p>\r\n<figure class=\"wp-block-image\"><a href=\"https:\/\/blogger.googleusercontent.com\/img\/b\/R29vZ2xl\/AVvXsEjwYlNNKBCfkrTtSmZ3v_L0Is5WLo0YTdcoQvomEjQ37-lj_I7i4KF1dn61ioM4unJiXmbq_-Lo-bXluuMxAsIo1eTMBtIvZn3bYg2xk0ubYC2cYoJz4N8230G-gNlCTZ0gN4E2OnbEsSU\/s903\/escaray04112019-70.jpg\"><img decoding=\"async\" src=\"https:\/\/blogger.googleusercontent.com\/img\/b\/R29vZ2xl\/AVvXsEjwYlNNKBCfkrTtSmZ3v_L0Is5WLo0YTdcoQvomEjQ37-lj_I7i4KF1dn61ioM4unJiXmbq_-Lo-bXluuMxAsIo1eTMBtIvZn3bYg2xk0ubYC2cYoJz4N8230G-gNlCTZ0gN4E2OnbEsSU\/s16000\/escaray04112019-70.jpg\" alt=\"\" \/><\/a><\/figure>\r\n<p>\r\n\r\n<\/p>\r\n<figure class=\"wp-block-image\"><a href=\"https:\/\/blogger.googleusercontent.com\/img\/b\/R29vZ2xl\/AVvXsEjTCvpJg42ogtQNfjOTuDfQ-OMkRdQ1ZeStdrbdHt-RsMru0Hu76rw4VTbMMbVlOSk3BFHmGPm8arrfr9o5OIwFHdUMyTDi1esgAWlaI8y-MwXDNgDROJyKzTWrmrK0_dZV-jWtwTOhNG4\/s700\/escaray04112019-80.jpg\"><img decoding=\"async\" src=\"https:\/\/blogger.googleusercontent.com\/img\/b\/R29vZ2xl\/AVvXsEjTCvpJg42ogtQNfjOTuDfQ-OMkRdQ1ZeStdrbdHt-RsMru0Hu76rw4VTbMMbVlOSk3BFHmGPm8arrfr9o5OIwFHdUMyTDi1esgAWlaI8y-MwXDNgDROJyKzTWrmrK0_dZV-jWtwTOhNG4\/s16000\/escaray04112019-80.jpg\" alt=\"\" \/><\/a><\/figure>\r\n<p>\r\n\r\n<\/p>\r\n<figure class=\"wp-block-image\"><a href=\"https:\/\/blogger.googleusercontent.com\/img\/b\/R29vZ2xl\/AVvXsEhQqYGz3l-Ct3GCAWogWRVl4aHXinYAJCZPpRj2b5UftWyhEzWaNO7huQrIJDnAbEe6ZZObVuhJ7I7gBH2MnSCRJsdbbVTMVjlZolp-Q2-3GqA588mg_KA_unVhJxEX52Iz0fgikncYYMY\/s700\/escaray04112019-50.jpg\"><img decoding=\"async\" src=\"https:\/\/blogger.googleusercontent.com\/img\/b\/R29vZ2xl\/AVvXsEhQqYGz3l-Ct3GCAWogWRVl4aHXinYAJCZPpRj2b5UftWyhEzWaNO7huQrIJDnAbEe6ZZObVuhJ7I7gBH2MnSCRJsdbbVTMVjlZolp-Q2-3GqA588mg_KA_unVhJxEX52Iz0fgikncYYMY\/s16000\/escaray04112019-50.jpg\" alt=\"\" \/><\/a><\/figure>\r\n<p>\r\n\r\n<\/p>\r\n<p>&nbsp;<\/p>\r\n<p>\r\n\r\n<\/p>\r\n<h2 class=\"wp-block-heading\"><em><strong>&#8220;EL REY DE LA CABILLA Y EL REY DE LAS PASTILLAS PARA ADELGAZAR<\/strong><\/em><\/h2>\r\n<p>\r\n\r\n<\/p>\r\n<p>Luis An\u00edbal Vel\u00e1squez era el rey de la cabilla, quien controlaba la venta de hierro para construcciones en todo el T\u00e1chira y zona de frontera con Colombia, despu\u00e9s que su padrino, Jos\u00e9 Gregorio Vielma Mora, dej\u00f3 su impero a Freddy Bernal, estas dos hermanos se fueron para Miami a montar sus negocios de lavado de capitales, ah\u00ed es que empieza a saber de Carlos An\u00edbal Vel\u00e1squez Rosas que se dio a conocer como &#8220;El Nenecio&#8221; y de la nada se encumbr\u00f3 en la cocina gourmet de Miami, pensando que no ser\u00eda descubierto nunca, pero qu\u00e9 equivocado estaba.<\/p>\r\n<p>\r\n\r\n<\/p>\r\n<p>Otro de sus principales vinculados ser\u00eda el \u00abPrincipe de las Cabillas\u00bb Carlos Vel\u00e1zquez, tambi\u00e9n relacionado con El Aissami.<\/p>\r\n<p>\r\n\r\n<\/p>\r\n<figure class=\"wp-block-image size-full\"><img decoding=\"async\" class=\"wp-image-43878\" src=\"https:\/\/dateado.com\/wp-content\/uploads\/2024\/04\/f3ce9f48-31a2-4a7b-900e-55f9330fabaf-2.jpg\" alt=\"\" \/>\r\n<figcaption class=\"wp-element-caption\">Traeck El Aissam\u00ed (en el medio de la imagen), Carlos Vel\u00e1zquez (derecha de la imagen)<\/figcaption>\r\n<\/figure>\r\n<p>\r\n\r\n<\/p>\r\n<figure class=\"wp-block-image size-full is-resized\"><img decoding=\"async\" class=\"wp-image-43823\" src=\"https:\/\/dateado.com\/wp-content\/uploads\/2024\/04\/fb21b62b-adf6-4739-90c6-00c3771bb241-1.jpg\" alt=\"\" \/>\r\n<figcaption class=\"wp-element-caption\">Carlos y Luis Anibal Vel\u00e1zquez<\/figcaption>\r\n<\/figure>\r\n<p>\r\n\r\n<\/p>\r\n<p>Carlos An\u00edbal Vel\u00e1squez Rosas, conocido como &#8220;El Nenecio&#8221;, se ha convertido en el centro de las cr\u00edticas por haberse comprado un Porsche 911, el primero del 2024 en Estados Unidos. El veh\u00edculo, valorado en m\u00e1s de 260.000 d\u00f3lares, fue su &#8220;regalo&#8221; de cumplea\u00f1os, seg\u00fan \u00e9l mismo public\u00f3 en sus redes sociales, donde se presenta como &#8220;influencer&#8221; y vendedor de pastillas para adelgazar.<\/p>\r\n<p>\r\n\r\n<\/p>\r\n<figure class=\"wp-block-image size-full is-resized\"><img decoding=\"async\" class=\"wp-image-43824\" src=\"https:\/\/dateado.com\/wp-content\/uploads\/2024\/04\/Carlos-Anibal-Velasquez-Rosas21.jpg\" alt=\"\" \/><\/figure>\r\n<p>\r\n\r\n<\/p>\r\n<p>&nbsp;<\/p>\r\n<p>\r\n\r\n<\/p>\r\n<p>Un Carlos Vel\u00e1quez osado ahora quiere incursionar en el mundo de la farandula, parece que se olvida que va a estar en el ojo del huracan, y expuesto aun m\u00e1s a ser investigado por autoridades federales, pues es uin secreto a vox populi que es un testaferro de Tarek El Aissam\u00ed, el exviceprediente caido en desgracia por la justicia chavista.<\/p>\r\n<p>\r\n\r\n<\/p>\r\n<p>&nbsp;<\/p>\r\n<p>\r\n\r\n<\/p>\r\n<figure class=\"wp-block-image size-large\"><img decoding=\"async\" class=\"wp-image-43880\" src=\"https:\/\/dateado.com\/wp-content\/uploads\/2024\/04\/Sin-titulo-56-1024x436.png\" alt=\"\" \/><\/figure>\r\n<p>\r\n\r\n<\/p>\r\n<p>La loter\u00eda del T\u00e1chira fue un lavado de dinero por mucho tiempo y estos personajes Carlos y Luis An\u00edbal Vel\u00e1zquez si que se han beneficiado de todo este dinero.<\/p>\r\n<p>\r\n\r\n<\/p>\r\n<h2 class=\"wp-block-heading\"><strong><em> CAMBIO LA ISLA DE MARGARITA POR MIAMI<\/em><\/strong><\/h2>\r\n<p>\r\n\r\n<\/p>\r\n<p>Otro empresario que controlar\u00eda la alcald\u00eda y Ciudad de Doral en Estados Unidos, es <em><strong>Jes\u00fas Veroes Casadiego<\/strong><\/em>, un empresario chavista muy discreto chavista pasaba desapercibido tanto por los venezolanos como en los Estados Unidos, bueno eso creia Veroles Casadiago, sin embargo fue detenido en la ciudad de Doral Florida, Miami, Estados Unidos.<\/p>\r\n<p>\r\n\r\n<\/p>\r\n<p>En el a\u00f1o 2019, residentes de una urbanizaci\u00f3n muy distinguida de la ciudad de Miami, &#8220;despertaron de golpe&#8221;; todo por qu\u00e9 agentes del\u00a0FBI allanaban la residencia de Veroes Casadiego durante tres horas \u00aben busca de evidencias\u00bb, fuentes confirmaban la detenci\u00f3n de Jes\u00fas R. Veroes Casadiego en Doral, Florida.<\/p>\r\n<p>\r\n\r\n<\/p>\r\n<p>&nbsp;<\/p>\r\n<p>\r\n\r\n<\/p>\r\n<figure class=\"wp-block-image size-full\"><img decoding=\"async\" class=\"wp-image-43810\" src=\"https:\/\/dateado.com\/wp-content\/uploads\/2024\/04\/D1qb0YFXgAAV_3_.jpg\" alt=\"\" \/>\r\n<figcaption class=\"wp-element-caption\">Momento del allamaniento el 14 de marzo de 2019<\/figcaption>\r\n<\/figure>\r\n<p>\r\n\r\n<\/p>\r\n<p>Veroes es el\u00a0due\u00f1o de empresas Crash en la Isla de Margarita,\u00a0adem\u00e1s de otras compa\u00f1\u00edas en diversas zonas de Venezuela, Panam\u00e1, Costa Rica y Estados Unidos, por supuesto empresas financiadas por el dinero que le robaban al estado venezolano.<\/p>\r\n<p>\r\n\r\n<\/p>\r\n<p>Se supo en ese momento que el empresario Veroes Casadiego ten\u00eda relaci\u00f3n directa con el ministro de Energ\u00eda El\u00e9ctrica,\u00a0a cargo en ese entonces de <strong>Luis Motta Dom\u00ednguez<\/strong>, y con el presidente de la Asamblea Nacional Constituyente (ANC) al servicio de Nicol\u00e1s Maduro,\u00a0<strong>Diosdado Cabello.<\/strong><\/p>\r\n<p>\r\n\r\n<\/p>\r\n<p><strong>Autoridades de Estados Unidos liberaron al empresario margarite\u00f1o Jes\u00fas \u201cel Negro\u201d Veroes<\/strong><\/p>\r\n<p>\r\n\r\n<\/p>\r\n<p>Autoridades federales de Estados Unidos liberaron el 29 de septiembre al empresario margarite\u00f1o<strong>\u00a0Jes\u00fas \u201cel Negro\u201d Veroes<\/strong>, detenido el 14 de marzo de 2019 en Doral, Florida, acusado de pagar sobornos a funcionarios p\u00fablicos para recibir, junto a un socio,\u00a0<strong>contratos por m\u00e1s de 20 millones de<\/strong>\u00a0d\u00f3lares de\u00a0<strong>Corpoelec<\/strong>, durante la presidencia del general Luis Motta Dom\u00ednguez, quien tambi\u00e9n fue ministro de Energ\u00eda El\u00e9ctrica.<\/p>\r\n<p>\r\n\r\n<\/p>\r\n<p>El 18 de noviembre de 2019, Veroes fue sentenciado a 51 meses de prisi\u00f3n en el correccional D. Ray James, en Folkston, Georgia. Esto ocurri\u00f3 despu\u00e9s de que se declar\u00f3 culpable y colabor\u00f3 con la investigaci\u00f3n de la Fiscal\u00eda de Estados Unidos.<\/p>\r\n<p>\r\n\r\n<\/p>\r\n<p><strong>Las amistades de Veroes<\/strong><\/p>\r\n<p>\r\n\r\n<\/p>\r\n<p>La informaci\u00f3n que reposa en el expediente indica que entre los a\u00f1os 2016 y 2018,\u00a0<strong>Veroes y Chac\u00edn recibieron la adjudicaci\u00f3n de al menos 11 contratos\u00a0<\/strong>del Ministerio de Energ\u00eda El\u00e9ctrica y de Corpoelec por un monto aproximado de 20 millones de d\u00f3lares.<\/p>\r\n<p>\r\n\r\n<\/p>\r\n<p>Se\u00f1ala el documento que\u00a0<strong>estos empresarios vendieron al Estado venezolano<\/strong>\u00a0transformadores, generadores, montacargas y bombillos. Solamente en el caso de 40 montacargas comprados en Emiratos \u00c1rabes Unidos, Veroes y Luis Alberto Chac\u00edn Haddad obtuvieron un sobreprecio de 300%; mientras que por los bombillos, Corpolec firm\u00f3 un contrato de 5,7 millones de d\u00f3lares, de los cuales cancel\u00f3 cerca de 4,5 millones.<\/p>\r\n<p>\r\n\r\n<\/p>\r\n<p>Actualmente Veroes es due\u00f1o de innumerables propiedades y apartamentos de lujo en todo Miami, sin embargo su residencia principal tambi\u00e9n estaba en Doral y valorada en m\u00e1s de 1 mill\u00f3n y medio de d\u00f3lares.<\/p>\r\n<p>\r\n\r\n<\/p>\r\n<p>Los apartamentos que posee Veroles en lujosos condominios como Mint en Brickell ser\u00edan m\u00e1s de 6 y estar\u00edan valorados entre 2 y 6 millones de d\u00f3lares cada uno.<\/p>\r\n<p>\r\n\r\n<\/p>\r\n<h2 class=\"wp-block-heading\"><strong><em>ENTRA EN JUEGO EL DEPORTE REY <\/em><\/strong><\/h2>\r\n<p>\r\n\r\n<\/p>\r\n<p>La hija de Veroes Casadiego est\u00e1 casada con un el futbolista titular de la selecci\u00f3n Vinotinto venezolana Josef Mart\u00ednez.<\/p>\r\n<p>\r\n\r\n<\/p>\r\n<figure class=\"wp-block-image size-full is-resized\"><img decoding=\"async\" class=\"wp-image-43837\" src=\"https:\/\/dateado.com\/wp-content\/uploads\/2024\/04\/6088e140-6a72-4bfb-b267-0f2336e94d7f.jpg\" alt=\"\" \/>\r\n<figcaption class=\"wp-element-caption\">Joserf Martinez, su esposa y su suegro, Jesus Vereos casadiego<\/figcaption>\r\n<\/figure>\r\n<p>\r\n\r\n<\/p>\r\n<p>&nbsp;<\/p>\r\n<p>\r\n\r\n<\/p>\r\n<h2 class=\"wp-block-heading\"><strong><em>DEL REY DE LA CABILLA A LA CORONA DEL MISS VENEZUELA <\/em><\/strong><\/h2>\r\n<p>\r\n\r\n<\/p>\r\n<p>&nbsp;<\/p>\r\n<p>\r\n\r\n<\/p>\r\n<p>Poco despu\u00e9s de que se suicidara en su celda el multimillonario neoryorkino Jeffrey Epstein se supo que el empresario venezolano <strong><em>Oscar Far\u00eda<\/em><\/strong>, con m\u00faltiples negocios en Estados Unidos, le compr\u00f3 hace a\u00f1os su lujoso jet privado. Pero la fortuna de Far\u00eda, casado con la ex Miss Venezuela Veruzhka Ram\u00edrez, no comenz\u00f3 en las tierras del norte sino en Venezuela, de la mano del gobierno revolucionario -entre consejos comunales, el ex gobernador del T\u00e1chira y Petr\u00f3leos de Venezuela- para el que ha trabajado sin pausa y sin tapujos pavimentando carreteras con un producto mezclado que se asemeja al asfalto y fue un negocio redondo.<\/p>\r\n<p>\r\n\r\n<\/p>\r\n<figure class=\"wp-block-image size-full is-resized\"><img decoding=\"async\" class=\"wp-image-43838\" src=\"https:\/\/dateado.com\/wp-content\/uploads\/2024\/04\/RAMIREZ.jpg\" alt=\"\" \/>\r\n<figcaption class=\"wp-element-caption\">Veruska Ram\u00edrez junto a su esposo Oscar Faria<\/figcaption>\r\n<\/figure>\r\n<p>\r\n\r\n<\/p>\r\n<p><strong>\u201c\u00bfQui\u00e9n dice que no se puede?\u201d<\/strong><\/p>\r\n<p>\r\n\r\n<\/p>\r\n<p>As\u00ed se titul\u00f3 el libro que a mediados de septiembre public\u00f3 la ex reina de belleza venezolana Veruzhka Ram\u00edrez sobre su historia de superaci\u00f3n. Lo que comenz\u00f3 como una infancia dedicada al servicio dom\u00e9stico y con sus padres ausentes mut\u00f3 en \u00e9xito al ganar el certamen Miss Venezuela 1997 \u2014y quedar como primera finalista del Miss Universo 1998\u2014 en un ascenso que, hoy sin corona, sigue probando junto a su esposo Oscar Alberto Far\u00eda Garc\u00eda, un empresario venezolano y neoyorquino de 54 a\u00f1os de edad, con negocios en pa\u00edses de Am\u00e9rica y \u00c1frica que le permiten una vida acomodada entre Caracas y Doral, el suburbio de Miami virtualmente colonizado por venezolanos.<\/p>\r\n<p>\r\n\r\n<\/p>\r\n<p>A finales de 2013, Far\u00eda entr\u00f3 de lleno a la liga millonaria al comprar uno de los aviones privados de Jeffrey Epstein, un multimillonario estadounidense, amigo de presidentes de ese pa\u00eds como Donald Trump y Bill Clinton y encontrado sin vida el 10 de agosto de 2019 en su celda del Centro Penitenciario Metropolitano en Manhattan, donde enfrentar\u00eda un juicio por abusar de menores de edad y administrar una red de pedofilia en Estados Unidos.<\/p>\r\n<p>\r\n\r\n<\/p>\r\n<p>El aparato era un jet corporativo bimotor Gulfstream II color negro que comenz\u00f3 a volar para Epstein a partir de 1994, quien le hizo luego una elegante remodelaci\u00f3n de interiores en 2007. El costo de la venta es desconocido, pero las ganancias de las empresas de Far\u00eda le permitieron disfrutarlo durante a\u00f1os, hasta que lo puso en oferta al negarse a asumir la reparaci\u00f3n de una turbina da\u00f1ada, seg\u00fan declar\u00f3 al diario\u00a0<em>Miami Herald<\/em>. Seg\u00fan este medio, Far\u00eda tiene registradas al menos 16 empresas en Florida.<\/p>\r\n<p>\r\n\r\n<\/p>\r\n<p>Una adquisici\u00f3n que, combinada con su Mercedes Benz, de vez en cuando sirvi\u00f3 de\u00a0<em>backing<\/em>\u00a0para fotos que dej\u00f3 colar en su cuenta de Instagram entre decenas de im\u00e1genes que religiosamente publica, exhibiendo propiedades y la fe en s\u00ed mismo.<\/p>\r\n<p>\r\n\r\n<\/p>\r\n<p><strong><em>Chavista y contratista<\/em><\/strong><\/p>\r\n<p>\r\n\r\n<\/p>\r\n<p>Pero m\u00e1s all\u00e1 de su faceta empresarial en Estados Unidos, Far\u00eda exhibe un imponente historial de contratos con el Estado venezolano desde hace al menos cinco a\u00f1os. A pesar de la creciente impopularidad del chavismo, Far\u00eda no oculta su preferencia pol\u00edtica y se declara \u201cbolivariano\u201d y \u201crevolucionario\u201d en la biograf\u00eda de su cuenta de Twitter (@fariaoa). Una inclinaci\u00f3n que repite en la cuenta de su empresa Poly Flex (polyflexllc_5) en esta misma red social, repleta casi exclusivamente de mensajes de apoyo a la gesti\u00f3n de Nicol\u00e1s Maduro.<\/p>\r\n<p>\r\n\r\n<\/p>\r\n<p>Con esa inclinaci\u00f3n pol\u00edtica, jam\u00e1s ha negado sus trabajos con el gobierno. En entrevista con Vladimir Villegas en 2014, por el canal de noticias Globovisi\u00f3n, Far\u00eda confes\u00f3 su inter\u00e9s por la creaci\u00f3n de una empresa mixta con el Estado venezolano para el tratamiento y comercializaci\u00f3n de su producto estrella: polyflex.<\/p>\r\n<p>\r\n\r\n<\/p>\r\n<p>El polyflex resulta de la composici\u00f3n qu\u00edmica de parafinas, emulsionantes y estabilizadores a base de resina, que se terminan mezclando con la tierra del lugar a tratar y con algunos desechos pl\u00e1sticos, hasta que se tiene listo el producto para su aplicaci\u00f3n en la construcci\u00f3n de v\u00edas terrestres como alternativa al asfalto convencional.<\/p>\r\n<p>\r\n\r\n<\/p>\r\n<p>\u201cNuestra propuesta siempre ha sido instalar una planta de producci\u00f3n de polyflex en territorio venezolano, a fin de aprovechar la capacidad de exportaci\u00f3n a mercados internacionales que de hecho ya disponemos y estamos satisfaciendo\u201d, declar\u00f3 el empresario a\u00a0<em>El Venezolano,<\/em>\u00a0un impreso de la comunidad venezolana en Miami.<\/p>\r\n<p>\r\n\r\n<\/p>\r\n<h2 class=\"wp-block-heading\">\u00a0<\/h2>\r\n<p>\r\n\r\n<\/p>\r\n<p>ices Ltd., otra de las compa\u00f1\u00edas ofsshore de Odebrecht, seg\u00fan consta en los estados de cuenta en el Meinl Bank.<\/p>\r\n<p>\r\n\r\n<\/p>\r\n<h2 class=\"wp-block-heading\"><em><strong>LOS SPA REPUNTAN COMO FAVORITOS DE LOS CHAVISTAS EN MIAMI <\/strong><\/em><\/h2>\r\n<p>\r\n\r\n<\/p>\r\n<p>La proliferacion de estos de un dia a otro habia despertado la curiosidad de los residentes en Miami y Doral, hasta que estall\u00f3 el escandalo de la exdiputada del r\u00e9gimen chavista inaugura Spa en el Doral, Iroshima Bravo, radicada en Estados Unidos, inaugur\u00f3 este mes el spa &#8220;Pure Med Spa Miami&#8221;<\/p>\r\n<p>\r\n\r\n<\/p>\r\n<figure class=\"wp-block-image size-large\"><img decoding=\"async\" class=\"wp-image-43849\" src=\"https:\/\/dateado.com\/wp-content\/uploads\/2024\/04\/chavista-1024x576.jpg\" alt=\"\" \/>\r\n<figcaption class=\"wp-element-caption\">Iroshima Bravo (circilo rojo) junto al exalcal de Doral, Luigi Boria<\/figcaption>\r\n<\/figure>\r\n<p>\r\n\r\n<\/p>\r\n<p>&nbsp;<\/p>\r\n<p>\r\n\r\n<\/p>\r\n<figure class=\"wp-block-embed is-type-video is-provider-youtube wp-block-embed-youtube wp-embed-aspect-16-9 wp-has-aspect-ratio\">\r\n<div class=\"wp-block-embed__wrapper\">https:\/\/youtu.be\/ZQ2Q5PB4qPc<\/div>\r\n<\/figure>\r\n<p>\r\n\r\n<\/p>\r\n<p>&nbsp;<\/p>\r\n<p>\r\n\r\n<\/p>\r\n<h2 class=\"wp-block-heading\"><strong><em>VENEZOLANOS EN EL EXILIO ADVIRTIERON A POLITICOS DEL FINANCIAMIENTO CHAVISTA <\/em><\/strong><\/h2>\r\n<p>\r\n\r\n<\/p>\r\n<p>La ciudad del Doral desde la \u00e9poca de la oscura gesti\u00f3n del exalcalde Luigi Boria se ha convertido en la guarida preferida para los empresarios chavistas, familiares de altos funcionarios y testaferros de ministros del r\u00e9gimen Venezolano.<\/p>\r\n<p>\r\n\r\n<\/p>\r\n<p>Empresas de env\u00edos, restaurantes, propiedades , dealers de veh\u00edculos , financistas y productores de eventos se han convertido en sus principales fachadas de negocios en la ciudad , la cual ha experimentado uno de los crecimiento m\u00e1s acelerados de todas las ciudades de Estados Unidos gracias al dinero de dudosa procedencia Venezolano.<\/p>\r\n<p>\r\n\r\n<\/p>\r\n<p>Colina ha advertido sobre esta penosa pr\u00e1ctica a quienes ejercen la pol\u00edtica en la ciudad de Doral pero al parecer las ansias de poder y avaricia han logrado corromper hasta el \u00faltimo hueso de la ciudad.<\/p>\r\n<p>\r\n\r\n<\/p>\r\n<p>Para el a\u00f1o 2019 ya Jos\u00e9 Antonio Colina hacia una advertencia a los pol\u00edticos en Miami, donde asegur\u00f3 que debian tener mucho cuidado de quienes reciban donaciones de la comunidad venezolana, pues hay muchos enchufados todav\u00eda en Miami, dijo.<\/p>\r\n<p>\r\n\r\n<\/p>\r\n<blockquote class=\"twitter-tweet\">\r\n<p dir=\"ltr\" lang=\"es\">Los pol\u00edticos en Miami deben tener mucho cuidado de quienes reciban donaciones de la comunidad venezolana. Hay muchos enchufados todav\u00eda en Miami!<\/p>\r\n\u2014 Jose Antonio Colina (@JoseColinaP) <a href=\"https:\/\/twitter.com\/JoseColinaP\/status\/1443280136267304971?ref_src=twsrc%5Etfw\">September 29, 2021<\/a><\/blockquote>\r\n<p>\r\n\r\n<\/p>\r\n<p>Diferentes actividades se intentaron por parte de activistas para evitar y denunciar a estos personajes que operan libremente en la ciudad de Miami sin ning\u00fan tipo de temor ya que son protegidos por las mismas autoridades. Entre el tipo de negocios que estos han montado tambi\u00e9n est\u00e1n los denominados &#8220;Spa&#8221; los cuales muchos de estos spa, se estan convirtiendo en franquicias con crecimientos repentinos y ascelerados sin explicaci\u00f3n alguna, entre ellos el de una reconocida actris venezolana a quien su pareja le habria financiado un prestigioso spa en Miami.<\/p>\r\n<p>\r\n\r\n<\/p>\r\n<p>Existen muchos casos escandalosos que se observan en Miami como el del pol\u00e9mico empresario investigado por autoridades norte americanas y que realiz\u00f3 un gran desfalco en Venezuela junto a su familia de apellido <em><strong>Mawad <\/strong><\/em>quien posee uno de los Roof top m\u00e1s prestigiosos de la ciudad pero que incre\u00edblemente se convirti\u00f3 durante meses en un financista y prestatario de propiedades como apartamentos y autos de lujo a familiares del presidente interino venezolano Juan Guaid\u00f3.<\/p>\r\n<p>\r\n\r\n<\/p>\r\n<p>&nbsp;<\/p>\r\n<p>\r\n\r\n<\/p>\r\n<figure class=\"wp-block-image size-full\"><img decoding=\"async\" class=\"wp-image-43847\" src=\"https:\/\/dateado.com\/wp-content\/uploads\/2024\/04\/Dcc_HeXW0AEZ6NM.jpg\" alt=\"\" \/>\r\n<figcaption class=\"wp-element-caption\">Jhon de la Vega le habla a los participantes a la manifestaci\u00f3n en contra de los enchufados y corruptos<\/figcaption>\r\n<\/figure>\r\n<p>\r\n\r\n<\/p>\r\n<blockquote class=\"twitter-tweet\">\r\n<p dir=\"ltr\" lang=\"es\">Jhon de la Vega le habla a los participantes a la manifestaci\u00f3n en contra de los enchufados y corruptos realizada en la sede del Consulado de Venezuela en Miami. <a href=\"https:\/\/t.co\/BsVPICCsAf\">pic.twitter.com\/BsVPICCsAf<\/a><\/p>\r\n\u2014 Veppex (@Veppex1) <a href=\"https:\/\/twitter.com\/Veppex1\/status\/992831641813909509?ref_src=twsrc%5Etfw\">May 5, 2018<\/a><\/blockquote>\r\n<p>\r\n\r\n<\/p>\r\n<p><span style=\"vertical-align: inherit\"><span style=\"vertical-align: inherit\">Organizaciones de venezolanos en el exilio cesaron sus luchas en contra de este mal o plaga como lo han etiquetado algunos dirigentes al ver que el sistema estaba tan corrompido que hasta la misma familia del presidente del gobierno interino Juan Guiad\u00f3, cay\u00f3 tristemente en los tent\u00e1culos de estos mismos empresarios chavistas poderosos que hoy por hoy controlan el Doral y se mueven a sus anchas en otras ciudades y estados.<\/span><\/span><\/p>\r\n<p><\/p>","protected":false},"excerpt":{"rendered":"<p>Quien imaginaria que el chavismo disfrazado de &#8220;empresarios&#8221;, que en realidad son los testaferros de la revoluci\u00f3n estar\u00edan gobernando la alcald\u00eda de Doral, en Estados [&hellip;]<\/p>\n","protected":false},"author":2,"featured_media":2171,"comment_status":"open","ping_status":"open","sticky":false,"template":"","format":"standard","meta":{"h5ap_radio_sources":[],"_FSMCFIC_featured_image_caption":"","_FSMCFIC_featured_image_nocaption":"","_FSMCFIC_featured_image_hide":"","_jetpack_memberships_contains_paid_content":false,"footnotes":""},"categories":[17,2],"tags":[],"class_list":["post-2168","post","type-post","status-publish","format-standard","has-post-thumbnail","hentry","category-estados-unidos","category-venezuela"],"aioseo_notices":[],"jetpack_featured_media_url":"https:\/\/nuevaprensaamerica.com\/wp-content\/uploads\/2024\/04\/descarga-1.jpg","jetpack_sharing_enabled":true,"_links":{"self":[{"href":"https:\/\/nuevaprensaamerica.com\/index.php\/wp-json\/wp\/v2\/posts\/2168","targetHints":{"allow":["GET"]}}],"collection":[{"href":"https:\/\/nuevaprensaamerica.com\/index.php\/wp-json\/wp\/v2\/posts"}],"about":[{"href":"https:\/\/nuevaprensaamerica.com\/index.php\/wp-json\/wp\/v2\/types\/post"}],"author":[{"embeddable":true,"href":"https:\/\/nuevaprensaamerica.com\/index.php\/wp-json\/wp\/v2\/users\/2"}],"replies":[{"embeddable":true,"href":"https:\/\/nuevaprensaamerica.com\/index.php\/wp-json\/wp\/v2\/comments?post=2168"}],"version-history":[{"count":9,"href":"https:\/\/nuevaprensaamerica.com\/index.php\/wp-json\/wp\/v2\/posts\/2168\/revisions"}],"predecessor-version":[{"id":2180,"href":"https:\/\/nuevaprensaamerica.com\/index.php\/wp-json\/wp\/v2\/posts\/2168\/revisions\/2180"}],"wp:featuredmedia":[{"embeddable":true,"href":"https:\/\/nuevaprensaamerica.com\/index.php\/wp-json\/wp\/v2\/media\/2171"}],"wp:attachment":[{"href":"https:\/\/nuevaprensaamerica.com\/index.php\/wp-json\/wp\/v2\/media?parent=2168"}],"wp:term":[{"taxonomy":"category","embeddable":true,"href":"https:\/\/nuevaprensaamerica.com\/index.php\/wp-json\/wp\/v2\/categories?post=2168"},{"taxonomy":"post_tag","embeddable":true,"href":"https:\/\/nuevaprensaamerica.com\/index.php\/wp-json\/wp\/v2\/tags?post=2168"}],"curies":[{"name":"wp","href":"https:\/\/api.w.org\/{rel}","templated":true}]}}