{"id":2352,"date":"2024-04-28T00:29:27","date_gmt":"2024-04-28T00:29:27","guid":{"rendered":"https:\/\/nuevaprensaamerica.com\/?p=2352"},"modified":"2024-04-28T00:34:28","modified_gmt":"2024-04-28T00:34:28","slug":"lain-garcia-calvo-pierde-los-estribos-y-estalla-en-insultos-contra-kaizen-el-rey-delos-libros-por-asegurar-que-la-voz-de-tu-alma-es-una-copia-del-trabajo-de-otros-autores","status":"publish","type":"post","link":"https:\/\/nuevaprensaamerica.com\/index.php\/2024\/04\/28\/lain-garcia-calvo-pierde-los-estribos-y-estalla-en-insultos-contra-kaizen-el-rey-delos-libros-por-asegurar-que-la-voz-de-tu-alma-es-una-copia-del-trabajo-de-otros-autores\/","title":{"rendered":"La\u00edn Garc\u00eda Calvo pierde los estribos y estalla en insultos contra \u00abKaizen, El Rey de los Libros\u00bb por asegurar que \u00abLa voz de tu alma\u00bb es una copia del trabajo de otros autores"},"content":{"rendered":"\r\n<p>En el torbellino de las redes sociales y YouTube, una acalorada controversia ha estallado entre dos figuras hispanas. De un lado, La\u00edn Garc\u00eda Calvo, autor de libros de autoayuda; del otro, Jos\u00e9 Garc\u00eda, conocido como \u00abKaizen, El Rey de los Libros\u00bb, un reconocido youtuber dedicado a opinar sobre ese mismo g\u00e9nero literario. La chispa que encendi\u00f3 este enfrentamiento fue una cr\u00edtica mordaz que Jos\u00e9 Garc\u00eda verti\u00f3 en uno de sus videos, en su canal \u00abLibros de Autoayuda Web\u00ab, sobre el libro \u00abLa voz de tu alma\u00bb, escrito por el propio La\u00edn Garc\u00eda Calvo.<\/p>\r\n\r\n\r\n\r\n<figure class=\"wp-block-image size-full\"><img decoding=\"async\" class=\"wp-image-46893\" src=\"https:\/\/dateado.com\/wp-content\/uploads\/2024\/04\/Sin-titulo-84.png\" alt=\"\" \/>\r\n<figcaption class=\"wp-element-caption\">Jos\u00e9 Garc\u00eda (Kaizen, El Rey de los Libros)<\/figcaption>\r\n<\/figure>\r\n\r\n\r\n\r\n<p>Con el ejemplar en su mano, ostentando orgulloso el sello de \u00abbestseller n\u00famero 1\u00bb en su portada, Jos\u00e9 Garc\u00eda, residente en Asturias, expres\u00f3 sin ambages: \u00abLa voz de tu alma de La\u00edn tiene exactamente una hora para impresionarme o si no paso para el siguiente, amigos.<\/p>\r\n\r\n\r\n\r\n<p>Antes de empezar, normalmente si un libro pone lo de Bethseller n\u00famero 1 en su portada, mala se\u00f1al, suele ser un libro estafa. No lo s\u00e9 con este, tenemos una hora para comprobarlo. \u00a1Vamos all\u00e1!\u2026. Posteriormente el youtuber agreg\u00f3: \u00abGente llevo media hora y lo voy a dejar, es mal\u00edsimo\u00bb.<\/p>\r\n\r\n\r\n\r\n<p>Sus palabras fluyeron como una cascada de cr\u00edticas: \u00abMuy pesado, mirar aqu\u00ed. Se repet\u00eda la misma frase subrayada. Es una copia de todos los libros de metaf\u00edsica que hay. No hay por d\u00f3nde cogerlo, familia. Un buen libro que s\u00ed estoy leyendo de metaf\u00edsica y si os interesa pod\u00e9is escuchar el audio libro gratis con el enlace de mi perfil, me est\u00e1 encantando. Llevo la mitad y este s\u00ed es un buen libro de metaf\u00edsica, os lo recomiendo mucho: \u2018El juego de la vida y c\u00f3mo jugarlo&#8217;\u00bb, agreg\u00f3 el youtuber.<\/p>\r\n\r\n\r\n\r\n<h2 class=\"wp-block-heading\"><strong>La respuesta de La\u00edn Garc\u00eda Calvo<\/strong><\/h2>\r\n\r\n\r\n\r\n<figure class=\"wp-block-image size-full\"><img decoding=\"async\" class=\"wp-image-46895\" src=\"https:\/\/dateado.com\/wp-content\/uploads\/2024\/04\/Sin-titulo-86.png\" alt=\"\" \/><\/figure>\r\n\r\n\r\n\r\n<p>Las palabras de Jos\u00e9 Garc\u00eda no cayeron en saco roto, pues La\u00edn Garc\u00eda Calvo respondi\u00f3 con una ferocidad inusitada, defendiendo a capa y espada su obra literaria. En un video cargado de indignaci\u00f3n, el autor de \u00abLa voz de tu alma\u00bb arroj\u00f3 un desaf\u00edo contundente: \u00abQue si alguien cree que puede criticar la voz de tu alma tan tranquilamente y que yo me voy a quedar callado, lo lleva claro.<\/p>\r\n\r\n\r\n\r\n<p>Porque la voz de tu alma es una joya. Es una joya que est\u00e1 transformando la vida de millones de personas en todo el mundo y va a transformar a much\u00edsimas m\u00e1s millones de personas y esa joya hay que respetarla y hay que cuidarla\u00bb. Con un tono desafiante, Garc\u00eda Calvo descalific\u00f3 a su cr\u00edtico, tild\u00e1ndolo de figura insignificante que no merece atenci\u00f3n por carecer de logros relevantes. \u00abT\u00fa hay dos maneras de llamar la atenci\u00f3n.<\/p>\r\n\r\n\r\n\r\n<p>Una es haciendo cosas importantes, ganando un premio, escribiendo una obra de arte, haciendo una obra de arte, haciendo un logro importante, ganando una medalla ol\u00edmpica, yo que s\u00e9, haciendo cosas importantes. O puedes tener la atenci\u00f3n criticando al que ha hecho algo importante\u00bb, espet\u00f3.<\/p>\r\n\r\n\r\n\r\n<p>El autor no se anduvo con rodeos al tachar a su detractor de \u00abhater frustrado\u00bb y \u00abescritor frustrado que no ha escrito un libro en su vida\u00bb. Con desd\u00e9n, manifest\u00f3: \u00abCuando t\u00fa tienes la atenci\u00f3n criticando al que ha hecho algo importante, lo \u00fanico que vas a traer es a todos los haters y a todos los frustrados del planeta, o sea que no es una buena estrategia\u00bb.<\/p>\r\n\r\n\r\n\r\n<p>Lejos de aplacar las aguas, Garc\u00eda Calvo aviv\u00f3 a\u00fan m\u00e1s la hoguera al compararse con su \u00abmaestro m\u00e1s importante\u00bb, Jes\u00fas de Nazaret, arguyendo que al igual que el Mes\u00edas, \u00e9l defiende sus ideales al m\u00e1ximo. \u00abJes\u00fas de Nazaret, como no le gustara el tema o le tocaras lo m\u00e1s importante para \u00e9l se lo cargaba todo, \u00bfacordaos cuando estaba en el templo que le estaban vendiendo estatus de su padre? Y se mosque\u00f3 y empez\u00f3 a tirarlo todo por el suelo, porque no era una persona, o sea \u00e9l defend\u00eda sus ideales al m\u00e1ximo igual que lo hago yo\u00bb.<\/p>\r\n\r\n\r\n\r\n<h2 class=\"wp-block-heading\"><strong>La\u00edn Garc\u00eda Calvo se compara con Jes\u00fas y \u00abexpulsa\u00bb a sus cr\u00edticos<\/strong><\/h2>\r\n\r\n\r\n\r\n<p>En su despliegue arrollador de diatribas, La\u00edn Garc\u00eda Calvo no dud\u00f3 en equipararse con las figuras m\u00e1s emblem\u00e1ticas de la historia espiritual. Con un arrojo temerario, el autor estableci\u00f3 un paralelo entre su persona y nada menos que Jes\u00fas de Nazaret, el ic\u00f3nico maestro del cristianismo. \u00abJes\u00fas de Nazaret no era un corderito\u00bb, proclam\u00f3 con vehemencia, justificando su belicosa respuesta al aducir que, al igual que el Nazareno, \u00e9l defiende sus ideales \u00abal m\u00e1ximo\u00bb.<\/p>\r\n\r\n\r\n\r\n<p>No conforme con esta osada comparaci\u00f3n, Garc\u00eda Calvo se arrog\u00f3 tambi\u00e9n la investidura del m\u00edtico Conde de Saint Germain, una figura envuelta en leyendas de alquimia y misterio. Citando un supuesto encuentro entre el Conde y el aventurero Giacomo Casanova, el autor se abrog\u00f3 el derecho de expulsar a aquellos que osen cuestionar su sapiencia.<\/p>\r\n\r\n\r\n\r\n<p>\u00abEl Conde Maestro de Saint Germain estaba con Giacomo Casanova y transform\u00f3 una moneda de bronce en oro. Y el Giacomo Casanova dudaba y el Conde de Saint Germain le dijo que el que dude de mi conocimiento no merece estar conmigo y le mostr\u00f3 la puerta y lo ech\u00f3. Pues eso es lo que hago yo\u00bb, sentenci\u00f3 con arrogancia. Con una actitud implacable, Garc\u00eda Calvo desde\u00f1\u00f3 a sus detractores, tild\u00e1ndolos de \u00abmediocres fracasados\u00bb y \u00abescritores frustrados\u00bb.<\/p>\r\n\r\n\r\n\r\n<p>En un gesto desafiante, amenaz\u00f3 con bloquearlos y expulsarlos de su c\u00edrculo, priv\u00e1ndolos as\u00ed del acceso a su \u00abconocimiento transformador\u00bb. \u00abEl que dude de mi conocimiento no merece estar conmigo y lo bloqueo y no me vais a ver nunca m\u00e1s y os vais a perder un conocimiento que vosotros, los m\u00e1s perjudicados, vais a ser vosotros\u00bb, advirti\u00f3 con tono sentencioso. En un arrebato de soberbia, La\u00edn Garc\u00eda Calvo se revisti\u00f3 con los mantos de figuras sagradas, arrog\u00e1ndose el derecho de juzgar y expulsar a aquellos que osen desafiar su supuesta sabidur\u00eda.<\/p>\r\n\r\n\r\n\r\n<h2 class=\"wp-block-heading\"><strong>Las acusaciones de ser un charlat\u00e1n interesado solo en el dinero<\/strong><\/h2>\r\n\r\n\r\n\r\n<figure class=\"wp-block-image size-full\"><img decoding=\"async\" class=\"wp-image-46896\" src=\"https:\/\/dateado.com\/wp-content\/uploads\/2024\/04\/Sin-titulo-87.png\" alt=\"\" \/><\/figure>\r\n\r\n\r\n\r\n<p>Mientras La\u00edn Garc\u00eda Calvo se envuelve en un halo de grandeza espiritual, sus detractores no dejan de arrojar sombras de duda sobre sus verdaderas motivaciones. Voces cr\u00edticas han surgido, acus\u00e1ndolo de ser un mero charlat\u00e1n cuyo \u00fanico inter\u00e9s radica en obtener dinero de sus ingenuos seguidores, a quienes manipula con promesas ilusorias de transformaci\u00f3n personal.<\/p>\r\n\r\n\r\n\r\n<p>Estos esc\u00e9pticos se\u00f1alan con desd\u00e9n los eventos masivos que Garc\u00eda Calvo organiza, como el inminente \u00abVu\u00e9lvete Imparable\u00bb, programado para los d\u00edas 4 y 5 de mayo en el Hotel Meli\u00e1 Sitges de Barcelona. Con entradas que, lejos de ser asequibles, ostentan precios que van desde los 650 euros las generales, hasta los 900 euros las VIP y 1800 euros las denominadas \u00abS\u00faper VIP\u00bb, estas voces disidentes ven en tales eventos una mera maquinaria de enriquecimiento personal. Incluso se rumorea que, en el presente a\u00f1o, Garc\u00eda Calvo ha tenido dificultades para agotar las entradas con la rapidez de a\u00f1os anteriores.<\/p>\r\n\r\n\r\n\r\n<p>Este dato, seg\u00fan sus detractores, pondr\u00eda en evidencia las grietas que se han abierto en la imagen del autor, al que tildan de ser un \u00ab\u00eddolo con pies de barro\u00bb. Asimismo, se le acusa de mostrar una creciente irritabilidad y falta de control, rasgos que contrastan con la imagen de serenidad que intenta proyectar.<\/p>\r\n\r\n\r\n\r\n<p>Pero las acusaciones m\u00e1s severas apuntan a su pretensi\u00f3n de erigirse como una suerte de mes\u00edas o figura mesi\u00e1nica. Sus detractores aseguran que Garc\u00eda Calvo se cree nada menos que la reencarnaci\u00f3n de Jes\u00fas de Nazaret y del enigm\u00e1tico Conde de Saint Germain, un alquimista legendario. Esta supuesta megaloman\u00eda espiritual, arguyen, no ser\u00eda m\u00e1s que un ardid para seducir a incautos y alimentar su propio ego y codicia.<\/p>\r\n\r\n\r\n\r\n<h2 class=\"wp-block-heading\"><strong><a href=\"https:\/\/www.ciudadgoticanews.com\/index.php\/2023\/10\/29\/lain-garcia-calvo-y-su-negocio-redondo-para-vender-pseudoautoayuda-y-espiritualidad\/\">Lain Garc\u00eda Calvo y su negocio redondo para vender pseudoautoayuda y \u00abespiritualidad\u00bb<\/a><\/strong><\/h2>\r\n\r\n\r\n\r\n<p>&nbsp;<\/p>\r\n\r\n\r\n\r\n<p>Las voces disonantes pintan a La\u00edn Garc\u00eda Calvo como un charlat\u00e1n cuyo \u00fanico prop\u00f3sito es enriquecerse a costa de las ilusiones de sus seguidores, a quienes manipula con una ret\u00f3rica pseudoespiritual y pretensiones mesi\u00e1nicas carentes de sustento.<\/p>\r\n\r\n\r\n\r\n<h2 class=\"wp-block-heading\"><strong>La defensa ac\u00e9rrima de &#8220;La voz de tu alma&#8221;<\/strong><\/h2>\r\n\r\n\r\n\r\n<p>En medio de la tormenta de cr\u00edticas y acusaciones, La\u00edn Garc\u00eda Calvo ha erigido una fortaleza inexpugnable en torno a su obra cumbre, &#8220;La voz de tu alma&#8221;. Con tenacidad, el autor ha desenvainado su espada dial\u00e9ctica para defender este libro, al que considera su &#8220;hijo&#8221; y en el que vertir\u00eda m\u00e1s de dos d\u00e9cadas de conocimientos recopilados.<\/p>\r\n\r\n\r\n\r\n<p>Las palabras de Garc\u00eda Calvo resuenan como un trueno cuando proclama: &#8220;La voz de tu alma es como mi hijo, \u00bfvale? Es lo que yo he querido entregarle al mundo y son todos los conocimientos que yo he recopilado pues durante m\u00e1s de 20 a\u00f1os y ese conocimiento ha transformado mi vida y ese conocimiento est\u00e1 transformando la vida de millones de personas en todo el mundo&#8221;. As\u00ed, el autor ha abrazado una postura desafiante, advirtiendo con fiereza: &#8220;Cuidado mucho, cuidado, y es como mi hijo. Y si estas personas que me critican porque yo me pongo a defender la voz de tu alma capa y espada son tan est\u00fapidos de no entender que si t\u00fa tienes un hijo y se meten con tu hijo e insultan a tu hijo y t\u00fa te quedas callado, t\u00fa no eres un buen padre&#8221;.<\/p>\r\n\r\n\r\n\r\n<p>En un gesto audaz, Garc\u00eda Calvo invoca la sabidur\u00eda de otra figura espiritual, Conny M\u00e9ndez, para justificar su combativa actitud. &#8220;Y esto lo aprend\u00ed precisamente leyendo el libro de Conny M\u00e9ndez, que tambi\u00e9n hablaba de metaf\u00edsica. Ya hablaba del Conde Maestro de Saint Germain&#8221;, asevera, reforzando as\u00ed su autoproclamada investidura como heredero de estas ense\u00f1anzas. Pero la defensa de &#8220;La voz de tu alma&#8221; no se limita a las palabras.<\/p>\r\n\r\n\r\n\r\n<p>Garc\u00eda Calvo ha desafiado a sus cr\u00edticos a refutar el \u00e9xito comercial de su obra, que, seg\u00fan afirma, ha superado el mill\u00f3n de copias vendidas. &#8220;Si pone que es best seller es porque es un best seller y si es un best seller es porque ha vendido millones. Y si ha vendido millones es porque la gente no es tonta. Porque t\u00fa puedes vender mil libros enga\u00f1ando a mil personas. Pero no puedes vender m\u00e1s de un mill\u00f3n de libros porque m\u00e1s de un mill\u00f3n de personas no son tontos&#8221;, arguye con vehemencia. En un gesto desafiante, el autor ha lanzado un \u00f3rdago a sus detractores: &#8220;Escribe tu libro si tienes narices y convi\u00e9rtelo en un best seller&#8221;. Con esta provocaci\u00f3n, Garc\u00eda Calvo deja claro que no ceder\u00e1 un \u00e1pice en su defensa apasionada de &#8220;La voz de tu alma&#8221;, su obra m\u00e1s preciada.<\/p>\r\n\r\n\r\n\r\n<h2 class=\"wp-block-heading\"><strong>La r\u00e9plica de&#8221;Kaizen, El Rey de los Libros&#8221; y su advertencia sobre La\u00edn<\/strong><\/h2>\r\n\r\n\r\n\r\n<figure class=\"wp-block-image size-full\"><img decoding=\"async\" class=\"wp-image-46897\" src=\"https:\/\/dateado.com\/wp-content\/uploads\/2024\/04\/Sin-titulo-88.png\" alt=\"\" \/>\r\n<figcaption class=\"wp-element-caption\">Jos\u00e9 Garc\u00eda (Kaizen, El Rey de los Libros)<\/figcaption>\r\n<\/figure>\r\n\r\n\r\n\r\n<p>Mientras La\u00edn Garc\u00eda Calvo se enzarza en una batalla campal por defender su obra a capa y espada, su cr\u00edtico inicial, el youtuber Jos\u00e9 Garc\u00eda, ha contraatacado con renovado vigor. Lejos de amedrentarse ante las diatribas del autor, Garc\u00eda ha intensificado su ofensiva, arrojando nuevas acusaciones y lanzando una inquietante advertencia sobre la verdadera naturaleza de Garc\u00eda Calvo. En un segundo video, Jos\u00e9 Garc\u00eda exhibi\u00f3 un fragmento de las palabras de su oponente, quien intentaba justificar la ausencia de &#8220;La voz de tu alma&#8221; en la plataforma de audiolibros &#8220;Audible&#8221;.<\/p>\r\n\r\n\r\n\r\n<p>&#8220;Este se\u00f1or por qu\u00e9 no recomienda La voz de tu alma enaudible y por qu\u00e9 dice que es un libro p\u00e9simo y encima me est\u00e1 poniendo a parir ah\u00ed en todas las historias. \u00bfPor qu\u00e9? Porque La voz de tu alma no est\u00e1 enaudible&#8221;, citaba all\u00ed La\u00edn Garc\u00eda con indignaci\u00f3n. Pero el youtuber no se qued\u00f3 ah\u00ed. Con vehemencia, denunci\u00f3 los insultos proferidos en su contra por Garc\u00eda Calvo.<\/p>\r\n\r\n\r\n\r\n<p>&#8220;No, mirad, este se\u00f1or me est\u00e1 insultando por sus historias, lo voy a subir ahora tal cual para que pod\u00e1is ver sus historias. Yo tengo los v\u00eddeos grabados, vale, pero me llama de todo y yo no habl\u00e9 mal de \u00e9l. Yo dije que es una copia su libro y lo sigo diciendo, pero yo nunca me meto con la persona porque no tengo nada con ella. Yo hablo del libro, lo opino y digo si est\u00e1 bien o mal&#8221;, se defendi\u00f3 Jos\u00e9 Garc\u00eda. M\u00e1s all\u00e1 de la controversia sobre el libro, Jos\u00e9 Garc\u00eda lanz\u00f3 una grave acusaci\u00f3n contra su contrincante: la de liderar una secta.<\/p>\r\n\r\n\r\n\r\n<p>&#8220;Realmente es como una secta, se comportan como una secta sus seguidores, familia. Porque lo que hace es que luego va para de insultarme y toda su secta me insulta en los comentarios, no s\u00e9 para qu\u00e9, para a lo mejor que me cague y borre el v\u00eddeo, eso no va a pasar amigos&#8221;, advirti\u00f3 con preocupaci\u00f3n.<\/p>\r\n\r\n\r\n\r\n<p>Invocando su experiencia en el an\u00e1lisis de libros y movimientos sectarios, Jos\u00e9 Garc\u00eda hizo un llamado a la precauci\u00f3n: &#8220;Yo he le\u00eddo muchos libros de secta, de c\u00f3mo manipulan y realmente lo es. Tengan cuidado&#8221;. Lejos de retroceder, el youtuber ha tomado la determinaci\u00f3n de continuar su cruzada contra Garc\u00eda Calvo y su obra. &#8220;Nadie me va a parar, somos modo Kaizen, yo seguir\u00e9 recomendando libros, si hay malos los dir\u00e9 porque estoy en mi obligaci\u00f3n de despu\u00e9s de leer tanto, dar mi opini\u00f3n y decir lo que mi opini\u00f3n merece o no la pena&#8221;, sentenci\u00f3 con firmeza.<\/p>\r\n\r\n\r\n\r\n<p>Es as\u00ed, la controversia ha trascendido los l\u00edmites de una mera disputa literaria, convirti\u00e9ndose en un enfrentamiento en el que se pone en tela de juicio la propia integridad de La\u00edn Garc\u00eda Calvo, acusado de liderar un movimiento sectario que manipula a sus seguidores. Jos\u00e9 Garc\u00eda ha asumido el papel de vig\u00eda, lanzando una advertencia que resuena como un eco inquietante en el torbellino de esta pol\u00e9mica sin cuartel. En medio de esta tormenta de acusaciones y contraacusaciones, una verdad se vislumbra: la pol\u00e9mica ha trascendido los l\u00edmites de una mera disputa literaria, convirti\u00e9ndose en un enfrentamiento en el que se pone en tela de juicio la integridad y las verdaderas motivaciones de La\u00edn Garc\u00eda Calvo, autor de la c\u00e9lebre y cuestionada obra &#8220;La voz de tu alma&#8221;.<\/p>\r\n\r\n\r\n\r\n<p>Por CGNews<\/p>\r\n","protected":false},"excerpt":{"rendered":"<p>En el torbellino de las redes sociales y YouTube, una acalorada controversia ha estallado entre dos figuras hispanas. De un lado, La\u00edn Garc\u00eda Calvo, autor [&hellip;]<\/p>\n","protected":false},"author":2,"featured_media":2354,"comment_status":"open","ping_status":"open","sticky":false,"template":"","format":"standard","meta":{"h5ap_radio_sources":[],"_FSMCFIC_featured_image_caption":"","_FSMCFIC_featured_image_nocaption":"","_FSMCFIC_featured_image_hide":"","_jetpack_memberships_contains_paid_content":false,"footnotes":""},"categories":[2],"tags":[],"class_list":["post-2352","post","type-post","status-publish","format-standard","has-post-thumbnail","hentry","category-venezuela"],"aioseo_notices":[],"jetpack_featured_media_url":"https:\/\/nuevaprensaamerica.com\/wp-content\/uploads\/2024\/04\/Sin-titulo-83-150x150-1.webp","jetpack_sharing_enabled":true,"_links":{"self":[{"href":"https:\/\/nuevaprensaamerica.com\/index.php\/wp-json\/wp\/v2\/posts\/2352","targetHints":{"allow":["GET"]}}],"collection":[{"href":"https:\/\/nuevaprensaamerica.com\/index.php\/wp-json\/wp\/v2\/posts"}],"about":[{"href":"https:\/\/nuevaprensaamerica.com\/index.php\/wp-json\/wp\/v2\/types\/post"}],"author":[{"embeddable":true,"href":"https:\/\/nuevaprensaamerica.com\/index.php\/wp-json\/wp\/v2\/users\/2"}],"replies":[{"embeddable":true,"href":"https:\/\/nuevaprensaamerica.com\/index.php\/wp-json\/wp\/v2\/comments?post=2352"}],"version-history":[{"count":2,"href":"https:\/\/nuevaprensaamerica.com\/index.php\/wp-json\/wp\/v2\/posts\/2352\/revisions"}],"predecessor-version":[{"id":2355,"href":"https:\/\/nuevaprensaamerica.com\/index.php\/wp-json\/wp\/v2\/posts\/2352\/revisions\/2355"}],"wp:featuredmedia":[{"embeddable":true,"href":"https:\/\/nuevaprensaamerica.com\/index.php\/wp-json\/wp\/v2\/media\/2354"}],"wp:attachment":[{"href":"https:\/\/nuevaprensaamerica.com\/index.php\/wp-json\/wp\/v2\/media?parent=2352"}],"wp:term":[{"taxonomy":"category","embeddable":true,"href":"https:\/\/nuevaprensaamerica.com\/index.php\/wp-json\/wp\/v2\/categories?post=2352"},{"taxonomy":"post_tag","embeddable":true,"href":"https:\/\/nuevaprensaamerica.com\/index.php\/wp-json\/wp\/v2\/tags?post=2352"}],"curies":[{"name":"wp","href":"https:\/\/api.w.org\/{rel}","templated":true}]}}