{"id":2360,"date":"2024-04-28T16:19:21","date_gmt":"2024-04-28T16:19:21","guid":{"rendered":"https:\/\/nuevaprensaamerica.com\/?p=2360"},"modified":"2024-04-28T17:48:25","modified_gmt":"2024-04-28T17:48:25","slug":"annarella-bono-utilizaba-empresa-a-nombre-de-su-hermano-aldo-bono-bono-electronic-c-a-inc-para-cobrar-extorciones-de-su-esposo-antonio-jose-morales","status":"publish","type":"post","link":"https:\/\/nuevaprensaamerica.com\/index.php\/2024\/04\/28\/annarella-bono-utilizaba-empresa-a-nombre-de-su-hermano-aldo-bono-bono-electronic-c-a-inc-para-cobrar-extorciones-de-su-esposo-antonio-jose-morales\/","title":{"rendered":"Annarella Bono, utilizaba empresa a nombre de su hermano Aldo Bono, &#8220;BONO ELECTRONIC C.A. INC&#8221; para cobrar extorsiones de su esposo Antonio Jos\u00e9 Morales"},"content":{"rendered":"<p><span style=\"vertical-align: inherit\"><span style=\"vertical-align: inherit\"><span style=\"vertical-align: inherit\"><span style=\"vertical-align: inherit\">El Ministerio P\u00fablico imput\u00f3 traici\u00f3n a la patria a los hermanos Daniel Jos\u00e9, Levin Salvatore y Carmelo De Grazia Su\u00e1rez, quienes fueron detenidos el viernes por agentes adscritos a la Divisi\u00f3n de B\u00fasqueda y Captura del Cicpc, rese\u00f1\u00f3 el portal \u00daltimas Noticias.<\/span><\/span><\/span><\/span><\/p>\r\n<!-- \/wp:post-content -->\r\n\r\n<!-- wp:paragraph -->\r\n<p><span style=\"vertical-align: inherit\"><span style=\"vertical-align: inherit\"><span style=\"vertical-align: inherit\"><span style=\"vertical-align: inherit\">Los hermanos De Grazia son accionistas principales de la entidad financiera Bancamiga. Ten\u00edan orden de aprehensi\u00f3n expedida por el Tribunal Especial 2 contra el Terrorismo, seg\u00fan expediente 02-CT-S-043-23. En el mencionado tribunal reposa el expediente principal de los investigados por las cinco tramas de corrupci\u00f3n detectadas en Pdvsa, Corporaci\u00f3n Venezolana de Guyana, Cartones de Venezuela, Poder Judicial y Alcald\u00edas.<\/span><\/span><\/span><\/span><\/p>\r\n<!-- \/wp:paragraph -->\r\n\r\n<!-- wp:paragraph -->\r\n<p><span style=\"vertical-align: inherit\"><span style=\"vertical-align: inherit\"><span style=\"vertical-align: inherit\"><span style=\"vertical-align: inherit\">Los De Grazia tambi\u00e9n ser\u00e1n imputados por provecho o distracci\u00f3n de dinero, valores o bienes p\u00fablicos, alardeamiento o valimiento de relaciones o influencias, legitimaci\u00f3n de capitales y asociaci\u00f3n para delinquir, seg\u00fan se lee en las \u00f3rdenes de aprehensi\u00f3n 104-24, 104-25 y 104-26.<\/span><\/span><\/span><\/span><\/p>\r\n<!-- \/wp:paragraph -->\r\n\r\n<!-- wp:paragraph -->\r\n<p><span style=\"vertical-align: inherit\"><span style=\"vertical-align: inherit\"><span style=\"vertical-align: inherit\"><span style=\"vertical-align: inherit\">La investigaci\u00f3n preliminar refiere que Bancamiga guardaba en custodia las divisas de aquellos empresarios que quer\u00edan hacer negocios con Pdvsa cuando Tarek El Aissami estaba al frente de la estatal petrolera, explicaron las fuentes.<\/span><\/span><\/span><\/span><\/p>\r\n<!-- \/wp:paragraph -->\r\n\r\n<!-- wp:heading -->\r\n<h2 class=\"wp-block-heading\"><strong><span style=\"vertical-align: inherit\"><span style=\"vertical-align: inherit\"><span style=\"vertical-align: inherit\"><span style=\"vertical-align: inherit\">SU PODER EN LA SUDEBAN<\/span><\/span><\/span><\/span><\/strong><\/h2>\r\n<!-- \/wp:heading -->\r\n\r\n<!-- wp:paragraph -->\r\n<p><span style=\"vertical-align: inherit\"><span style=\"vertical-align: inherit\"><span style=\"vertical-align: inherit\"><span style=\"vertical-align: inherit\">Tras el reciente esc\u00e1ndalo de la trama de corrupci\u00f3n PDVSA-Cripto, las investigaciones apuntan contra el coronel Antonio Jos\u00e9 Morales, quien por su estrecha relaci\u00f3n con los hermanos De Grazia habr\u00eda dado luz verde para consolidar al banco Bancamiga.<\/span><\/span><\/span><\/span><\/p>\r\n<!-- \/wp:paragraph -->\r\n\r\n<!-- wp:paragraph -->\r\n<p><span style=\"vertical-align: inherit\"><span style=\"vertical-align: inherit\"><span style=\"vertical-align: inherit\"><span style=\"vertical-align: inherit\">De acuerdo con fuentes cercanas, Morales adem\u00e1s tiene una reputaci\u00f3n p\u00fablica y notoria de \u201cextorsionador profesional\u201d.<\/span><\/span><\/span><\/span><\/p>\r\n<!-- \/wp:paragraph -->\r\n\r\n<!-- wp:paragraph -->\r\n<p><span style=\"vertical-align: inherit\"><span style=\"vertical-align: inherit\"><span style=\"vertical-align: inherit\"><span style=\"vertical-align: inherit\">Morales es el esposo de la animadora venezolana Annarella Bono, tiene una hija de cuatro a\u00f1os y fue edec\u00e1n del fallecido presidente Hugo Ch\u00e1vez. Sin embargo, Morales fue despedido por Ch\u00e1vez por \u201ccorrupto y sin verg\u00fcenza\u201d.<\/span><\/span><\/span><\/span><\/p>\r\n<!-- \/wp:paragraph -->\r\n\r\n<!-- wp:heading -->\r\n<h2 class=\"wp-block-heading\"><strong><span style=\"vertical-align: inherit\"><span style=\"vertical-align: inherit\"><span style=\"vertical-align: inherit\"><span style=\"vertical-align: inherit\">PERFIL DE ANTONIO JOS\u00c9 MORALES RODR\u00cdGUEZ<\/span><\/span><\/span><\/span><\/strong><\/h2>\r\n<!-- \/wp:heading -->\r\n\r\n<!-- wp:paragraph -->\r\n<p><span style=\"vertical-align: inherit\"><span style=\"vertical-align: inherit\"><span style=\"vertical-align: inherit\"><span style=\"vertical-align: inherit\">Morales Rodr\u00edguez fue Ministro de Comercio Nacional, designado el 19 de enero de 2023 por Nicol\u00e1s Maduro. Se ven\u00eda desempe\u00f1ando como superintendente de las Instituciones del sector bancario (Sudeban), nombrado el 8 de junio de 2017, seg\u00fan la Gaceta Oficial Nro. 41.168, en reemplazo de Leoncio Guerra Molina.<\/span><\/span><\/span><\/span><\/p>\r\n<!-- \/wp:paragraph -->\r\n\r\n<!-- wp:paragraph -->\r\n<p><span style=\"vertical-align: inherit\"><span style=\"vertical-align: inherit\"><span style=\"vertical-align: inherit\"><span style=\"vertical-align: inherit\">gerente Fue de la unidad nacional de inteligencia financiera de la Sudeban, cargo al que fue nombrado el 12 de diciembre de 2016 y oficializado en la Gaceta Oficial Nro. 41.072, con fecha del 11 de enero de 2017. Actualmente, se desempe\u00f1a con bajo perfil como subdirector de la Academia Militar de Venezuela.<\/span><\/span><\/span><\/span><\/p>\r\n<!-- \/wp:paragraph -->\r\n\r\n<!-- wp:paragraph -->\r\n<p><span style=\"vertical-align: inherit\"><span style=\"vertical-align: inherit\"><span style=\"vertical-align: inherit\"><span style=\"vertical-align: inherit\">Esta empresa fue conformada por el hermano de Annarella Bono, Aldo Bono y que usaba Annarella para recibir transacciones de las operaciones de extorsiones por parte de Morales Rodr\u00edguez en Estados Unidos.<\/span><\/span><\/span><\/span><\/p>\r\n<!-- \/wp:paragraph -->\r\n\r\n<!-- wp:paragraph -->\r\n<p><strong><span style=\"vertical-align: inherit\"><span style=\"vertical-align: inherit\"><span style=\"vertical-align: inherit\"><span style=\"vertical-align: inherit\">BONO ELECTRONIC CA INC<\/span><\/span><\/span><\/span><\/strong><\/p>\r\n<!-- \/wp:paragraph -->\r\n\r\n<!-- wp:image {\"id\":47056,\"sizeSlug\":\"large\",\"linkDestination\":\"none\"} -->\r\n<figure class=\"wp-block-image size-large\"><img decoding=\"async\" class=\"wp-image-47056\" src=\"https:\/\/dateado.com\/wp-content\/uploads\/2024\/04\/63396da9-c5db-4f8c-b6e5-86fac74b9ed1-500x1024.jpg\" alt=\"\" \/><\/figure>\r\n<!-- \/wp:image -->\r\n\r\n<!-- wp:heading -->\r\n<h2 class=\"wp-block-heading\"><strong><span style=\"vertical-align: inherit\"><span style=\"vertical-align: inherit\"><span style=\"vertical-align: inherit\"><span style=\"vertical-align: inherit\">PARTE DE UNA DEMANDA A ANNARELLA BONO YA SU HERMANO ALDO BONO EN EL A\u00d1O 2002:<\/span><\/span><\/span><\/span><\/strong><\/h2>\r\n<!-- \/wp:heading -->\r\n\r\n<!-- wp:paragraph -->\r\n<p><span style=\"vertical-align: inherit\"><span style=\"vertical-align: inherit\"><span style=\"vertical-align: inherit\"><span style=\"vertical-align: inherit\">Sociedad mercantil \u201cBODEG\u00d3N DE LICORES EL TEQUILAZO, CA\u201d inscrita por ante el Registro Mercantil Segundo de la Circunscripci\u00f3n Judicial del Estado Bol\u00edvar, en fecha 19-03-2002, bajo el No. 75, del Tomo No. 33-A-Pro. , representada por su Presidente y Gerente, ciudadanos <\/span><\/span><\/span><\/span><a href=\"http:\/\/aragua.tsj.gob.ve\/DECISIONES\/2006\/SEPTIEMBRE\/1973-29-FP02-R-2005-000365.--PJO182006000223.HTML\"><span style=\"vertical-align: inherit\"><span style=\"vertical-align: inherit\"><span style=\"vertical-align: inherit\"><span style=\"vertical-align: inherit\">ANNARELLA BONO MORALES y ALDO BONO MORALES,<\/span><\/span><\/span><\/span><\/a><span style=\"vertical-align: inherit\"><span style=\"vertical-align: inherit\"><span style=\"vertical-align: inherit\"><span style=\"vertical-align: inherit\"> venezolanos, mayores de edad, de este domicilio y con c\u00e9dulas de identidad Nros. 13.595.891 y 14.409.716, respectivamente.<\/span><\/span><\/span><\/span><\/p>\r\n<!-- \/wp:paragraph -->\r\n\r\n<!-- wp:image {\"id\":47058,\"sizeSlug\":\"full\",\"linkDestination\":\"none\"} -->\r\n<figure class=\"wp-block-image size-full\"><img decoding=\"async\" class=\"wp-image-47058\" src=\"https:\/\/dateado.com\/wp-content\/uploads\/2024\/04\/f795fefe-e33b-4ede-b25d-cea78affcb5f.jpg\" alt=\"\" \/><\/figure>\r\n<!-- \/wp:image -->\r\n\r\n<!-- wp:paragraph -->\r\n<p><span style=\"vertical-align: inherit\"><span style=\"vertical-align: inherit\"><span style=\"vertical-align: inherit\"><span style=\"vertical-align: inherit\">Por La Patilla<\/span><\/span><\/span><\/span><\/p>","protected":false},"excerpt":{"rendered":"<p>El Ministerio P\u00fablico imput\u00f3 traici\u00f3n a la patria a los hermanos Daniel Jos\u00e9, Levin Salvatore y Carmelo De Grazia Su\u00e1rez, quienes fueron detenidos el viernes [&hellip;]<\/p>\n","protected":false},"author":2,"featured_media":2362,"comment_status":"open","ping_status":"open","sticky":false,"template":"","format":"standard","meta":{"h5ap_radio_sources":[],"_FSMCFIC_featured_image_caption":"","_FSMCFIC_featured_image_nocaption":"","_FSMCFIC_featured_image_hide":"","_jetpack_memberships_contains_paid_content":false,"footnotes":""},"categories":[2],"tags":[],"class_list":["post-2360","post","type-post","status-publish","format-standard","has-post-thumbnail","hentry","category-venezuela"],"aioseo_notices":[],"jetpack_featured_media_url":"https:\/\/nuevaprensaamerica.com\/wp-content\/uploads\/2024\/04\/Annarella-Bono.jpg","jetpack_sharing_enabled":true,"_links":{"self":[{"href":"https:\/\/nuevaprensaamerica.com\/index.php\/wp-json\/wp\/v2\/posts\/2360","targetHints":{"allow":["GET"]}}],"collection":[{"href":"https:\/\/nuevaprensaamerica.com\/index.php\/wp-json\/wp\/v2\/posts"}],"about":[{"href":"https:\/\/nuevaprensaamerica.com\/index.php\/wp-json\/wp\/v2\/types\/post"}],"author":[{"embeddable":true,"href":"https:\/\/nuevaprensaamerica.com\/index.php\/wp-json\/wp\/v2\/users\/2"}],"replies":[{"embeddable":true,"href":"https:\/\/nuevaprensaamerica.com\/index.php\/wp-json\/wp\/v2\/comments?post=2360"}],"version-history":[{"count":4,"href":"https:\/\/nuevaprensaamerica.com\/index.php\/wp-json\/wp\/v2\/posts\/2360\/revisions"}],"predecessor-version":[{"id":2366,"href":"https:\/\/nuevaprensaamerica.com\/index.php\/wp-json\/wp\/v2\/posts\/2360\/revisions\/2366"}],"wp:featuredmedia":[{"embeddable":true,"href":"https:\/\/nuevaprensaamerica.com\/index.php\/wp-json\/wp\/v2\/media\/2362"}],"wp:attachment":[{"href":"https:\/\/nuevaprensaamerica.com\/index.php\/wp-json\/wp\/v2\/media?parent=2360"}],"wp:term":[{"taxonomy":"category","embeddable":true,"href":"https:\/\/nuevaprensaamerica.com\/index.php\/wp-json\/wp\/v2\/categories?post=2360"},{"taxonomy":"post_tag","embeddable":true,"href":"https:\/\/nuevaprensaamerica.com\/index.php\/wp-json\/wp\/v2\/tags?post=2360"}],"curies":[{"name":"wp","href":"https:\/\/api.w.org\/{rel}","templated":true}]}}