{"id":2407,"date":"2024-05-03T12:33:13","date_gmt":"2024-05-03T12:33:13","guid":{"rendered":"https:\/\/nuevaprensaamerica.com\/?p=2407"},"modified":"2024-05-03T12:33:34","modified_gmt":"2024-05-03T12:33:34","slug":"pedro-claver-tellez-descansa-en-el-periodismo","status":"publish","type":"post","link":"https:\/\/nuevaprensaamerica.com\/index.php\/2024\/05\/03\/pedro-claver-tellez-descansa-en-el-periodismo\/","title":{"rendered":"&#8220;Pedro Claver T\u00e9llez descansa en el periodismo&#8221;: la vida aventurera y la b\u00fasqueda de la verdad de un periodista n\u00f3mada, retratado en un documental"},"content":{"rendered":"<p>El pasado 1 de mayo de 2024, se estren\u00f3 el documental &#8220;Pedro Claver T\u00e9llez descansa en el periodismo&#8221;, una pieza audiovisual que narra la vida y obra del reconocido periodista y escritor colombiano Pedro Claver. La producci\u00f3n estuvo a cargo de la productora de cine Linithd Aparicio Blackburn, quien trabaj\u00f3 en conjunto con el mejor montajista de su equipo, Jhonan Cardona Melo, para crear una obra que refleja la esencia del periodismo y la literatura colombiana.<\/p>\n<p>El documental se estren\u00f3 gracias a una colaboraci\u00f3n entre el medio digital La Nueva Prensa y Calle Luna Producciones, y cuenta con la musicalizaci\u00f3n de &#8220;Ruda&#8221;, una banda que aport\u00f3 su talento para crear una atm\u00f3sfera \u00fanica en la obra. La pieza audiovisual es una joya que no se puede perder, ya que muestra la vida de uno de los periodistas m\u00e1s importantes de Colombia.<\/p>\n<p>Pedro Claver T\u00e9llez naci\u00f3 en 1941 y vivi\u00f3 por toda Colombia en hoteles de malas y buenas pulgas, siguiendo los rastros de historias de bandidos liberales, conservadores y comunistas. Su vida estuvo marcada por la aventura y la b\u00fasqueda de la verdad, lo que lo llev\u00f3 a convertirse en uno de los periodistas m\u00e1s respetados del pa\u00eds, seg\u00fan relata el tambi\u00e9n periodista Gonzalo Guill\u00e9n.<\/p>\n<p>El documental muestra la vida de Pedro Claver T\u00e9llez desde su infancia, cuando huy\u00f3 con su familia del pueblo en llamas durante la guerra civil, hasta su muerte en un hospital de Bogot\u00e1 en 2022.<\/p>\n<p>El testimonio de Pedro Claver fue grabado en video en la casa de Gonzalo Guill\u00e9n, quien le pidi\u00f3 a la productora de cine Linithd Aparicio Blackburn que dispusiera un equipo de video para recoger las palabras de su colega. La grabaci\u00f3n fue realizada con a c\u00e1mara de la realizadora Simona Delgado y dur\u00f3 varias horas.<\/p>\n<p>Durante la grabaci\u00f3n, Pedro Claver comparti\u00f3 su vida y experiencias como periodista y escritor, incluyendo su pasi\u00f3n por la investigaci\u00f3n de bandidos y criminales notables. Tambi\u00e9n habl\u00f3 sobre su estilo de vida n\u00f3mada y su lucha por sobrevivir en hoteles de baja calidad y sin dinero.<\/p>\n<p>El testimonio de Pedro Claver fue grabado con el objetivo de preservar su legado en el periodismo colombiano y mostrar su vida y obra a las generaciones futuras.<\/p>\n<h3>Guill\u00e9n recuerda los relatos de Claver<\/h3>\n<p>El periodista Gonzalo Guill\u00e9n, editor de La Nueva Prensa, recuerda con cari\u00f1o a Pedro Claver T\u00e9llez, escritor y periodista colombiano que falleci\u00f3 en 2022. Guill\u00e9n conoci\u00f3 a T\u00e9llez en 1983, en el hotel El Prado de Barranquilla, donde ambos estaban alojados. En ese momento, T\u00e9llez estaba cubriendo una asamblea de la Federaci\u00f3n de Comerciantes, mientras que Guill\u00e9n esperaba un vuelo de avioneta para internarse en las selvas del Choc\u00f3 e investigar sobre la depredaci\u00f3n del bosque nativo y el tr\u00e1fico de maderas.<\/p>\n<p>Guill\u00e9n recuerda a T\u00e9llez como un hombre con un vozarr\u00f3n de locutor de pel\u00edculas de terror, estatura mediana, tez clara de g\u00e9nero espa\u00f1ol, barba de profeta apocal\u00edptico y nariz curvada. T\u00e9llez era un experto en la vida y obra de todos los malhechores notables del siglo XX, y sol\u00eda contar historias fascinantes sobre ellos.<\/p>\n<p>Entre los bandidos que T\u00e9llez sol\u00eda mencionar estaban &#8220;Charro Negro&#8221; (comunista), &#8220;Chispas&#8221; (liberal), &#8220;Sangre Negra&#8221; (liberal), &#8220;Desquite&#8221; (liberal), &#8220;Tirofijo&#8221; (liberal y luego comunista), &#8220;Ganso Ariza&#8221; (conservador), &#8220;Pedro Brincos&#8221; (comunista), &#8220;Capit\u00e1n Veneno&#8221; (comunista), &#8220;Tarz\u00e1n&#8221; (liberal), &#8220;Punto Rojo&#8221; (liberal), &#8220;Zarpazo&#8221; (conservador), &#8220;P\u00e1jaro Azul&#8221; (conservador), &#8220;Colmillo&#8221; (conservador), &#8220;General Vencedor&#8221; (conservador), &#8220;Peligro&#8221; (conservador), &#8220;Tres Espadas&#8221; (conservador), &#8220;La Hiena&#8221; (conservador), &#8220;General Mariachi&#8221; (liberal) y &#8220;Siete Colores&#8221; (conservador).<\/p>\n<p>T\u00e9llez ten\u00eda un inter\u00e9s especial por Efra\u00edn Gonz\u00e1lez, un conservador a muerte y malhechor brutal y fant\u00e1stico, devoto de la virgen de Chiquinquir\u00e1. T\u00e9llez descubri\u00f3 que era pariente suyo, aun cuando su linaje T\u00e9llez era liberal.<\/p>\n<h3>La vida y obra de Pedro Claver T\u00e9llez<\/h3>\n<p>Pedro Claver T\u00e9llez naci\u00f3 en Jes\u00fas Mar\u00eda, Santander, en 1941, durante la guerra civil en la que se mataban liberales y conservadores. Su familia huy\u00f3 del pueblo en llamas en un cami\u00f3n, con treguas angustiosas en poblaciones que manten\u00edan afilados los machetes, los cuchillos y las hachas y cargadas las escopetas para ir a matar a los enemigos pol\u00edticos. Al final, se estableci\u00f3 en Bogot\u00e1.<\/p>\n<p>T\u00e9llez quiso ser ciclista profesional y progres\u00f3 en ese empe\u00f1o hasta cuando un porrazo le mat\u00f3 las ilusiones deportivas. Las lecturas nocturnas en voz alta de El Quijote que acostumbraba hacerle su padre le despertaron en la ni\u00f1ez atracci\u00f3n por el idioma y ardor por las aventuras. No tard\u00f3 en comenzar su peregrinaje por peri\u00f3dicos, revistas y agencias de noticias y en ir de ciudad en ciudad, de hotel en hotel y de mujer en mujer. Nunca ech\u00f3 ra\u00edces ni organiz\u00f3 su vejez y al llegar a ella los hoteles a los que pod\u00eda entrar eran cada vez m\u00e1s mis\u00e9rrimos, aun as\u00ed muchas veces carec\u00eda con qu\u00e9 pagar una noche barata de posada con cama limpia y deb\u00eda dormir en la calle. Los pocos libros que le quedaban y un computador, que luego le robaron, los cargaba en un morral, con algunas mudas de ropa.<\/p>\n<p>La obra de T\u00e9llez es \u00fanica y prodigiosa. Est\u00e1 dispersa en sellos editoriales que se olvidaron de \u00e9l y hoy solo hay ejemplares para la venta en el comercio de libros viejos. De un par de sus obras no quedan ni los ejemplares que estaban guardados para la posteridad en la Biblioteca Nacional porque se los robaron.<\/p>\n<p>De sus diversas convivencias de pareja quedaron algunos hijos a los que siempre se neg\u00f3 a referirse y con los cuales no ten\u00eda contacto.<\/p>\n<p>Despu\u00e9s de muchos a\u00f1os de no verlos, T\u00e9llez llam\u00f3 una tarde para contar que le hab\u00edan robado los pocos libros que cargaba, el computador, la ropa y el cepillo de dientes. Estaba en la calle.<\/p>\n<p>T\u00e9llez fue un magn\u00edfico cronista y disc\u00edpulo consagrado de la corriente norteamericana de los a\u00f1os 60 que se llam\u00f3 Nuevo Periodismo. Esta corriente fue liderada por Truman Capote, Norman Miller, Joan Didion, Tom Wolf y otros, y fue la plataforma de otro movimiento, este latinoamericano, en el que descollaron Alma Guillermo Prieto, Germ\u00e1n Castro Caycedo, Daniel Samper Pizano, Tom\u00e1s Eloy Mart\u00ednez, Juan Jos\u00e9 Hoyos, Alegre Levy o Mario Vargas Llosa. T\u00e9llez se remojaba encantado en esos manantiales.<\/p>\n<p>Fue un periodista y escritor que vivi\u00f3 una vida llena de aventuras y desaf\u00edos. Su obra es \u00fanica y prodigiosa, y su legado sigue vivo en el periodismo colombiano.<\/p>\n<div style=\"left: 0; width: 100%; height: 0; position: relative; padding-bottom: 56.25%;\"><iframe style=\"top: 0; left: 0; width: 100%; height: 100%; position: absolute; border: 0;\" src=\"https:\/\/www.youtube.com\/embed\/bgxLDW5U958?rel=0\" scrolling=\"no\" allowfullscreen=\"allowfullscreen\"><\/iframe><\/div>\n","protected":false},"excerpt":{"rendered":"<p>El pasado 1 de mayo de 2024, se estren\u00f3 el documental &#8220;Pedro Claver T\u00e9llez descansa en el periodismo&#8221;, una pieza audiovisual que narra la vida [&hellip;]<\/p>\n","protected":false},"author":1,"featured_media":2431,"comment_status":"open","ping_status":"open","sticky":false,"template":"","format":"standard","meta":{"h5ap_radio_sources":[],"_FSMCFIC_featured_image_caption":"","_FSMCFIC_featured_image_nocaption":"","_FSMCFIC_featured_image_hide":"","_jetpack_memberships_contains_paid_content":false,"footnotes":""},"categories":[12],"tags":[],"class_list":["post-2407","post","type-post","status-publish","format-standard","has-post-thumbnail","hentry","category-colombia"],"aioseo_notices":[],"jetpack_featured_media_url":"https:\/\/nuevaprensaamerica.com\/wp-content\/uploads\/2024\/05\/Pedro-Claver-Tellez21-1.jpg","jetpack_sharing_enabled":true,"_links":{"self":[{"href":"https:\/\/nuevaprensaamerica.com\/index.php\/wp-json\/wp\/v2\/posts\/2407","targetHints":{"allow":["GET"]}}],"collection":[{"href":"https:\/\/nuevaprensaamerica.com\/index.php\/wp-json\/wp\/v2\/posts"}],"about":[{"href":"https:\/\/nuevaprensaamerica.com\/index.php\/wp-json\/wp\/v2\/types\/post"}],"author":[{"embeddable":true,"href":"https:\/\/nuevaprensaamerica.com\/index.php\/wp-json\/wp\/v2\/users\/1"}],"replies":[{"embeddable":true,"href":"https:\/\/nuevaprensaamerica.com\/index.php\/wp-json\/wp\/v2\/comments?post=2407"}],"version-history":[{"count":22,"href":"https:\/\/nuevaprensaamerica.com\/index.php\/wp-json\/wp\/v2\/posts\/2407\/revisions"}],"predecessor-version":[{"id":2430,"href":"https:\/\/nuevaprensaamerica.com\/index.php\/wp-json\/wp\/v2\/posts\/2407\/revisions\/2430"}],"wp:featuredmedia":[{"embeddable":true,"href":"https:\/\/nuevaprensaamerica.com\/index.php\/wp-json\/wp\/v2\/media\/2431"}],"wp:attachment":[{"href":"https:\/\/nuevaprensaamerica.com\/index.php\/wp-json\/wp\/v2\/media?parent=2407"}],"wp:term":[{"taxonomy":"category","embeddable":true,"href":"https:\/\/nuevaprensaamerica.com\/index.php\/wp-json\/wp\/v2\/categories?post=2407"},{"taxonomy":"post_tag","embeddable":true,"href":"https:\/\/nuevaprensaamerica.com\/index.php\/wp-json\/wp\/v2\/tags?post=2407"}],"curies":[{"name":"wp","href":"https:\/\/api.w.org\/{rel}","templated":true}]}}