{"id":2437,"date":"2024-05-03T14:50:53","date_gmt":"2024-05-03T14:50:53","guid":{"rendered":"https:\/\/nuevaprensaamerica.com\/?p=2437"},"modified":"2024-05-03T14:50:53","modified_gmt":"2024-05-03T14:50:53","slug":"suspendida-reunion-de-rosales-y-maria-corina-por-complicaciones-en-la-agenda-de-mcm","status":"publish","type":"post","link":"https:\/\/nuevaprensaamerica.com\/index.php\/2024\/05\/03\/suspendida-reunion-de-rosales-y-maria-corina-por-complicaciones-en-la-agenda-de-mcm\/","title":{"rendered":"Suspendida reuni\u00f3n de Rosales y Mar\u00eda Corina por complicaciones en la agenda de MCM"},"content":{"rendered":"<p>La reuni\u00f3n pautada para la noche de este de 2 de mayo, en la Residencia Oficial del gobernador del estado Zulia fue suspendida por el equipo de Mar\u00eda Corina Machado por complicaciones en la agenda de la l\u00edder de Vente Venezuela. Una fuente, que pidi\u00f3 confidencialidad, nos inform\u00f3 que la reuni\u00f3n podr\u00eda realizarse \u00abma\u00f1ana en la ma\u00f1ana o en Caracas\u00bb, ya que la agenda de la candidata electa en primarias no ten\u00eda disponibilidad para aceptar la invitaci\u00f3n formal que hiciera el gobernador del Zulia.<\/p>\n<p>M\u00e1s temprano, en medio de la multitudinaria concentraci\u00f3n de maracaiberos en la Calle 72, se inform\u00f3 que la candidata habr\u00eda aceptado reunirse con el gobernador en el Palacio de Gobierno o en la Residencial Oficial, pero lamentablemente \u00absu agenda est\u00e1 muy complicada\u00bb.<\/p>\n<p>Los zulianos de todas las toldas pol\u00edticas de la plataforma unitaria, incluyendo la de Un Nuevo Tiempo, se dieron cita en unidad este jueves 2 de mayo en la esquina de Bella Vista con la Calle 72, para escuchar a Mar\u00eda Corina Machado y a la plana mayor del liderazgo zuliano, quienes se comprometieron en unidad dedicar todos sus esfuerzos para lograr la victoria de Edmundo Gonz\u00e1lez Urrut\u00eda el pr\u00f3ximo\u00a028\u00a0de\u00a0julio.<\/p>\n<p>Por Tercera Voz<\/p>\n","protected":false},"excerpt":{"rendered":"<p>La reuni\u00f3n pautada para la noche de este de 2 de mayo, en la Residencia Oficial del gobernador del estado Zulia fue suspendida por el [&hellip;]<\/p>\n","protected":false},"author":2,"featured_media":2442,"comment_status":"open","ping_status":"open","sticky":false,"template":"","format":"standard","meta":{"h5ap_radio_sources":[],"_FSMCFIC_featured_image_caption":"","_FSMCFIC_featured_image_nocaption":"","_FSMCFIC_featured_image_hide":"","_jetpack_memberships_contains_paid_content":false,"footnotes":""},"categories":[2],"tags":[],"class_list":["post-2437","post","type-post","status-publish","format-standard","has-post-thumbnail","hentry","category-venezuela"],"aioseo_notices":[],"jetpack_featured_media_url":"https:\/\/nuevaprensaamerica.com\/wp-content\/uploads\/2024\/05\/imagen_2024-05-02_215627906.png","jetpack_sharing_enabled":true,"_links":{"self":[{"href":"https:\/\/nuevaprensaamerica.com\/index.php\/wp-json\/wp\/v2\/posts\/2437","targetHints":{"allow":["GET"]}}],"collection":[{"href":"https:\/\/nuevaprensaamerica.com\/index.php\/wp-json\/wp\/v2\/posts"}],"about":[{"href":"https:\/\/nuevaprensaamerica.com\/index.php\/wp-json\/wp\/v2\/types\/post"}],"author":[{"embeddable":true,"href":"https:\/\/nuevaprensaamerica.com\/index.php\/wp-json\/wp\/v2\/users\/2"}],"replies":[{"embeddable":true,"href":"https:\/\/nuevaprensaamerica.com\/index.php\/wp-json\/wp\/v2\/comments?post=2437"}],"version-history":[{"count":1,"href":"https:\/\/nuevaprensaamerica.com\/index.php\/wp-json\/wp\/v2\/posts\/2437\/revisions"}],"predecessor-version":[{"id":2441,"href":"https:\/\/nuevaprensaamerica.com\/index.php\/wp-json\/wp\/v2\/posts\/2437\/revisions\/2441"}],"wp:featuredmedia":[{"embeddable":true,"href":"https:\/\/nuevaprensaamerica.com\/index.php\/wp-json\/wp\/v2\/media\/2442"}],"wp:attachment":[{"href":"https:\/\/nuevaprensaamerica.com\/index.php\/wp-json\/wp\/v2\/media?parent=2437"}],"wp:term":[{"taxonomy":"category","embeddable":true,"href":"https:\/\/nuevaprensaamerica.com\/index.php\/wp-json\/wp\/v2\/categories?post=2437"},{"taxonomy":"post_tag","embeddable":true,"href":"https:\/\/nuevaprensaamerica.com\/index.php\/wp-json\/wp\/v2\/tags?post=2437"}],"curies":[{"name":"wp","href":"https:\/\/api.w.org\/{rel}","templated":true}]}}