{"id":2500,"date":"2024-05-06T21:05:40","date_gmt":"2024-05-06T21:05:40","guid":{"rendered":"https:\/\/nuevaprensaamerica.com\/?p=2500"},"modified":"2024-05-06T21:14:51","modified_gmt":"2024-05-06T21:14:51","slug":"jefa-de-la-zona-educativa-del-estado-barinas-maridet-montoya-amenaza-a-docentes-y-maestros-con-botarlos-si-no-marchan-votan-y-cuidan-los-electorales","status":"publish","type":"post","link":"https:\/\/nuevaprensaamerica.com\/index.php\/2024\/05\/06\/jefa-de-la-zona-educativa-del-estado-barinas-maridet-montoya-amenaza-a-docentes-y-maestros-con-botarlos-si-no-marchan-votan-y-cuidan-los-electorales\/","title":{"rendered":"Jefa de la Zona Educativa del estado Barinas Maridet Montoya amenaza a docentes y maestros con botarlos si no marchan, votan y cuidan los centros electorales"},"content":{"rendered":"\r\n<p>Maridet Montoya es la Jefa de la Zona Educativa del estado Barinas, seg\u00fan un anuncio del Ministerio para la Educaci\u00f3n en Instagram en marzo de 2023.\u00a0Montoya sucedi\u00f3 a Marly Aparicio, se ha dedicado a amenazar a decentes, maestros y estudiantes.<\/p>\r\n\r\n\r\n\r\n<figure class=\"wp-block-image size-full is-resized\"><img decoding=\"async\" class=\"wp-image-511\" src=\"https:\/\/lanoticia24.com\/wp-content\/uploads\/2024\/05\/Sin-titulo-3.png\" alt=\"\" \/><\/figure>\r\n\r\n\r\n\r\n<p>Controversial ha sido este a\u00f1o de ejercicio de la Jefa de la Zona Educativa del Estado Barinas, Maridet Montoya, un a\u00f1o lleno de amenazas, tanto a los docentes como a los estudiantes.<\/p>\r\n\r\n\r\n\r\n<p>Montoya se ha dedicado a amedrentar a los docentes y directivos de los diferentes institutos educativos bajo su cargo; una de sus tantas amenazas se ha filtrado en video en las redes sociales, lo que ha causado gran indignaci\u00f3n, pues Montoya pregona que la revoluci\u00f3n lo que necesita son maestros &#8220;resteados y arrechos&#8221;, para cuidar los centros de votaciones para este 28 de julio.<\/p>\r\n\r\n\r\n\r\n<figure class=\"wp-block-video\"><video style=\"aspect-ratio: 1200 \/ 1772;\" src=\"https:\/\/lanoticia24.com\/wp-content\/uploads\/2024\/05\/VID-20240506-WA0045.mp4\" controls=\"controls\" width=\"1200\" height=\"1772\" data-mce-fragment=\"1\"><\/video><\/figure>\r\n\r\n\r\n\r\n<p>De manera muy humillante, Montoya amenazaba con seguir cambiando directivos de este centro educativo, que solo en una semana Montoya ha cambiado a ocho directores por no arrodillarse a las peticiones y exigencias fuera del \u00e1mbito educativo.<\/p>\r\n\r\n\r\n\r\n<p>Cabe resaltar la valent\u00eda de una de las docentes que se enfrent\u00f3 a Montoya, expres\u00e1ndole en su propia cara la crisis econ\u00f3mica, de sueldos y salarios a la que se enfrentan cada d\u00eda los docentes y maestros del pa\u00eds, con gran indignaci\u00f3n esta docente le dej\u00f3 claro a Montoya que es licenciada en educaci\u00f3n y que no estudi\u00f3 para estar en la miseria, y que sostiene a su familia vendiendo pescado.<\/p>\r\n\r\n\r\n\r\n<p>En otro audio difundido el 30 de noviembre de 2023, Montoya amenazaba a docentes y maestros que no estaban comprometidos con la revoluci\u00f3n, les estar\u00eda despidiendo a quien no se alinearan a la causa revolucionaria.<\/p>\r\n\r\n\r\n\r\n<blockquote class=\"twitter-tweet\" data-media-max-width=\"560\">\r\n<p dir=\"ltr\" lang=\"es\">Que bella la jefa de Zona del estado Barinas.. <a href=\"https:\/\/t.co\/AzDfKJoFt2\">pic.twitter.com\/AzDfKJoFt2<\/a><\/p>\r\n\u2014 Maryurie_ Negrita \ud83c\uddfb\ud83c\uddea Venezuela Renacer\u00e1 \ud83d\udc9b\ud83d\udc99 (@mv_negra2) <a href=\"https:\/\/twitter.com\/mv_negra2\/status\/1730224122414686478?ref_src=twsrc%5Etfw\">November 30, 2023<\/a><\/blockquote>\r\n\r\n\r\n\r\n<p>Pero estas amenazas van mucho m\u00e1s all\u00e1, pues Montoya en noviembre de 2023 orden\u00f3 retener en los planteles a los estudiantes hasta que ejercieran obligatoriamente el voto a favor del Esequibo, siendo estos menores de edad y no estando inscritos en el registro electoral, fue entonces cuando una madre obstinada por los abusos de Montoya publicaba en redes sociales su denuncia.<\/p>\r\n\r\n\r\n\r\n<p>Como Rebeca Mora se identific\u00f3 la representante, de un menor de catorce a\u00f1os, quien denunci\u00f3 que Montoya habr\u00eda ordenado la retenci\u00f3n de estos menores, adem\u00e1s de amenazarlos con el reprobar el a\u00f1o escolar en curso, si estos no votaban por el refer\u00e9ndum del Esequibo.<\/p>\r\n\r\n\r\n\r\n<blockquote class=\"twitter-tweet\" data-media-max-width=\"560\">\r\n<p dir=\"ltr\" lang=\"es\">Y no es el \u00fanico. Si pudiera enviar un audio de la jefa de Zona Educativa de Barinas, se &#8220;caen para atr\u00e1s&#8221;. <a href=\"https:\/\/t.co\/7OzUo03YaU\">pic.twitter.com\/7OzUo03YaU<\/a><\/p>\r\n\u2014 Marbella Leydenz (@Marbellaleydenz) <a href=\"https:\/\/twitter.com\/Marbellaleydenz\/status\/1729991171651293450?ref_src=twsrc%5Etfw\">November 29, 2023<\/a><\/blockquote>\r\n\r\n\r\n\r\n<p>&nbsp;<\/p>\r\n","protected":false},"excerpt":{"rendered":"<p>Maridet Montoya es la Jefa de la Zona Educativa del estado Barinas, seg\u00fan un anuncio del Ministerio para la Educaci\u00f3n en Instagram en marzo de [&hellip;]<\/p>\n","protected":false},"author":2,"featured_media":2502,"comment_status":"open","ping_status":"open","sticky":false,"template":"","format":"standard","meta":{"h5ap_radio_sources":[],"_FSMCFIC_featured_image_caption":"","_FSMCFIC_featured_image_nocaption":"","_FSMCFIC_featured_image_hide":"","_jetpack_memberships_contains_paid_content":false,"footnotes":""},"categories":[2],"tags":[],"class_list":["post-2500","post","type-post","status-publish","format-standard","has-post-thumbnail","hentry","category-venezuela"],"aioseo_notices":[],"jetpack_featured_media_url":"https:\/\/nuevaprensaamerica.com\/wp-content\/uploads\/2024\/05\/images-2.jpg","jetpack_sharing_enabled":true,"_links":{"self":[{"href":"https:\/\/nuevaprensaamerica.com\/index.php\/wp-json\/wp\/v2\/posts\/2500","targetHints":{"allow":["GET"]}}],"collection":[{"href":"https:\/\/nuevaprensaamerica.com\/index.php\/wp-json\/wp\/v2\/posts"}],"about":[{"href":"https:\/\/nuevaprensaamerica.com\/index.php\/wp-json\/wp\/v2\/types\/post"}],"author":[{"embeddable":true,"href":"https:\/\/nuevaprensaamerica.com\/index.php\/wp-json\/wp\/v2\/users\/2"}],"replies":[{"embeddable":true,"href":"https:\/\/nuevaprensaamerica.com\/index.php\/wp-json\/wp\/v2\/comments?post=2500"}],"version-history":[{"count":2,"href":"https:\/\/nuevaprensaamerica.com\/index.php\/wp-json\/wp\/v2\/posts\/2500\/revisions"}],"predecessor-version":[{"id":2503,"href":"https:\/\/nuevaprensaamerica.com\/index.php\/wp-json\/wp\/v2\/posts\/2500\/revisions\/2503"}],"wp:featuredmedia":[{"embeddable":true,"href":"https:\/\/nuevaprensaamerica.com\/index.php\/wp-json\/wp\/v2\/media\/2502"}],"wp:attachment":[{"href":"https:\/\/nuevaprensaamerica.com\/index.php\/wp-json\/wp\/v2\/media?parent=2500"}],"wp:term":[{"taxonomy":"category","embeddable":true,"href":"https:\/\/nuevaprensaamerica.com\/index.php\/wp-json\/wp\/v2\/categories?post=2500"},{"taxonomy":"post_tag","embeddable":true,"href":"https:\/\/nuevaprensaamerica.com\/index.php\/wp-json\/wp\/v2\/tags?post=2500"}],"curies":[{"name":"wp","href":"https:\/\/api.w.org\/{rel}","templated":true}]}}