{"id":2534,"date":"2024-05-11T13:40:55","date_gmt":"2024-05-11T13:40:55","guid":{"rendered":"https:\/\/nuevaprensaamerica.com\/?p=2534"},"modified":"2024-05-11T15:26:49","modified_gmt":"2024-05-11T15:26:49","slug":"detenido-santiago-moron-hernandez-otra-pieza-en-la-trama-de-corrupcion-pdvsa-cripto","status":"publish","type":"post","link":"https:\/\/nuevaprensaamerica.com\/index.php\/2024\/05\/11\/detenido-santiago-moron-hernandez-otra-pieza-en-la-trama-de-corrupcion-pdvsa-cripto\/","title":{"rendered":"Detenido Santiago Mor\u00f3n Hern\u00e1ndez, otra pieza en la trama de corrupci\u00f3n PDVSA-CRIPTO"},"content":{"rendered":"\r\n<p><span style=\"vertical-align: inherit\"><span style=\"vertical-align: inherit\"><span style=\"vertical-align: inherit\"><span style=\"vertical-align: inherit\"><span style=\"vertical-align: inherit\"><span style=\"vertical-align: inherit\">Extraoficialmente, se conoci\u00f3 que este viernes 10 de mayo, Santiago Mor\u00f3n Hern\u00e1ndez, quien junto a su hermano ha estado vinculado a m\u00faltiples negocios con el madurismo, ha sido detenido por las autoridades del r\u00e9gimen.<\/span><\/span><\/span><\/span><\/span><\/span><\/p>\r\n\r\n\r\n\r\n<p><span style=\"vertical-align: inherit\"><span style=\"vertical-align: inherit\"><span style=\"vertical-align: inherit\"><span style=\"vertical-align: inherit\"><span style=\"vertical-align: inherit\"><span style=\"vertical-align: inherit\">Santiago Jos\u00e9 Mor\u00f3n Hern\u00e1ndez y Ricardo Jos\u00e9 Mor\u00f3n Hern\u00e1ndez fueron sancionados por el Departamento del Tesoro de Estados Unidos en julio del a\u00f1o pasado por su apoyo en manejos financieros ilegales al gobierno venezolano.<\/span><\/span><\/span><\/span><\/span><\/span><\/p>\r\n\r\n\r\n\r\n<p><span style=\"vertical-align: inherit\"><span style=\"vertical-align: inherit\"><span style=\"vertical-align: inherit\"><span style=\"vertical-align: inherit\"><span style=\"vertical-align: inherit\"><span style=\"vertical-align: inherit\">&#8220;Seg\u00fan el comunicado de la Oficina de Control de Activos Extranjeros (OFAC), los hermanos Mor\u00f3n han estado involucrados en actividades corruptas que respaldan a Nicol\u00e1s Maduro y su hijo, Nicol\u00e1s Ernesto Maduro Guerra.<\/span><\/span><\/span><\/span><\/span><\/span><\/p>\r\n\r\n\r\n\r\n<figure class=\"wp-block-image size-full is-resized\"><img decoding=\"async\" class=\"wp-image-1730\" src=\"https:\/\/elnoticiero.net\/wp-content\/uploads\/2024\/05\/descarga-2-1.jpg\" alt=\"\" \/>\r\n<figcaption class=\"wp-element-caption\"><span style=\"vertical-align: inherit\"><span style=\"vertical-align: inherit\"><span style=\"vertical-align: inherit\"><span style=\"vertical-align: inherit\"><span style=\"vertical-align: inherit\"><span style=\"vertical-align: inherit\">Nicol\u00e1s Ernesto Maduro Guerra<\/span><\/span><\/span><\/span><\/span><\/span><\/figcaption>\r\n<\/figure>\r\n\r\n\r\n\r\n<p><span style=\"vertical-align: inherit\"><span style=\"vertical-align: inherit\"><span style=\"vertical-align: inherit\"><span style=\"vertical-align: inherit\"><span style=\"vertical-align: inherit\"><span style=\"vertical-align: inherit\">Estas sanciones han revelado su papel en la industria del oro de Venezuela, donde se les acusa de distribuir activos para Maduro y su familia en todo el mundo. Adem\u00e1s, se les supervisar\u00e1 el mecanismo financiero del esquema de oro il\u00edcito.<\/span><\/span><\/span><\/span><\/span><\/span><\/p>\r\n\r\n\r\n\r\n<p><span style=\"vertical-align: inherit\"><span style=\"vertical-align: inherit\"><span style=\"vertical-align: inherit\"><span style=\"vertical-align: inherit\"><span style=\"vertical-align: inherit\"><span style=\"vertical-align: inherit\">As\u00ed lo inform\u00f3 en su cuenta de X, antiguo twitter, el excomisario de Seguridad e Inteligencia de Venezuela, Iv\u00e1n Simonovis, quien afirm\u00f3 que Mor\u00f3n estar\u00eda en manos de la justicia venezolana.<\/span><\/span><\/span><\/span><\/span><\/span><\/p>\r\n\r\n\r\n\r\n<p><span style=\"vertical-align: inherit\"><span style=\"vertical-align: inherit\"><span style=\"vertical-align: inherit\"><span style=\"vertical-align: inherit\"><span style=\"vertical-align: inherit\"><span style=\"vertical-align: inherit\">&#8220;Cae otro bichito, los caza recompensa asignados por r\u00e9gimen detuvieron a Santiago Mor\u00f3n vinculado a la banda de Tarek El Aissami. Desde hace tiempo ha sido p\u00fablico y comunicacional que Mor\u00f3n ha estado vinculado al asalto del erario p\u00fablico, hizo cerca millones de El Aissami pero como no reparti\u00f3 lo que deb\u00eda le viene el \u201cajuste de cuenta\u201d, dijo.<\/span><\/span><\/span><\/span><\/span><\/span><\/p>\r\n\r\n\r\n\r\n<blockquote class=\"twitter-tweet\">\r\n<p dir=\"ltr\" lang=\"es\"><span style=\"vertical-align: inherit\"><span style=\"vertical-align: inherit\"><span style=\"vertical-align: inherit\"><span style=\"vertical-align: inherit\"><span style=\"vertical-align: inherit\"><span style=\"vertical-align: inherit\">Cae otro bichito, los caza recompensas asignadas por r\u00e9gimen detuvieron a Santiago Mor\u00f3n vinculados a la banda de Tarek El Aissami. Desde hace tiempo ha sido p\u00fablico y comunicacional que Mor\u00f3n ha estado vinculado al asalto del erario p\u00fablico, hizo millones cerca de El Aissami\u2026 <\/span><\/span><\/span><\/span><\/span><\/span><a href=\"https:\/\/t.co\/0zQ8CfOlSP\"><span style=\"vertical-align: inherit\"><span style=\"vertical-align: inherit\"><span style=\"vertical-align: inherit\"><span style=\"vertical-align: inherit\"><span style=\"vertical-align: inherit\"><span style=\"vertical-align: inherit\">pic.twitter.com\/0zQ8CfOlSP<\/span><\/span><\/span><\/span><\/span><\/span><\/a><\/p>\r\n<span style=\"vertical-align: inherit\"><span style=\"vertical-align: inherit\"><span style=\"vertical-align: inherit\"><span style=\"vertical-align: inherit\"><span style=\"vertical-align: inherit\"><span style=\"vertical-align: inherit\">\u2013 Iv\u00e1n Simonovis (@Simonovis) <\/span><\/span><\/span><\/span><\/span><\/span><a href=\"https:\/\/twitter.com\/Simonovis\/status\/1788993150637224257?ref_src=twsrc%5Etfw\"><span style=\"vertical-align: inherit\"><span style=\"vertical-align: inherit\"><span style=\"vertical-align: inherit\"><span style=\"vertical-align: inherit\"><span style=\"vertical-align: inherit\"><span style=\"vertical-align: inherit\">10 de mayo de 2024<\/span><\/span><\/span><\/span><\/span><\/span><\/a><\/blockquote>\r\n\r\n\r\n\r\n<p><span style=\"vertical-align: inherit\"><span style=\"vertical-align: inherit\"><span style=\"vertical-align: inherit\"><span style=\"vertical-align: inherit\"><span style=\"vertical-align: inherit\"><span style=\"vertical-align: inherit\">Cabe resaltar que en el pasado han sido denunciados, pero medios importantes del pa\u00eds como El Nacional, pero que luego eliminaron el contendido en contra de los hermanos Santiago Jos\u00e9 Mor\u00f3n Hern\u00e1ndez y Ricardo Jos\u00e9 Mor\u00f3n.<\/span><\/span><\/span><\/span><\/span><\/span><\/p>\r\n\r\n\r\n\r\n<p><\/p>\r\n<p><span style=\"vertical-align: inherit\"><span style=\"vertical-align: inherit\"><span style=\"vertical-align: inherit\"><span style=\"vertical-align: inherit\">La nota que hac\u00eda referencia a la corrupci\u00f3n de Santiago Jos\u00e9 Mor\u00f3n Hern\u00e1ndez, en el Diario <\/span><\/span><\/span><\/span><a href=\"https:\/\/www.elnacional.com\/venezuela\/los-hermanos-moron-de-testaferros-de-nicolas-maduro-guerra-a-fantasmas-digitales\/#google_vignette\"><span style=\"vertical-align: inherit\"><span style=\"vertical-align: inherit\"><span style=\"vertical-align: inherit\"><span style=\"vertical-align: inherit\">El Nacional,<\/span><\/span><\/span><\/span><\/a><span style=\"vertical-align: inherit\"><span style=\"vertical-align: inherit\"><span style=\"vertical-align: inherit\"><span style=\"vertical-align: inherit\"> y que fue eliminada, donde fueron denunciados pro ser testaferros de oficialistas.<\/span><\/span><\/span><\/span><\/p>\r\n<p>\r\n\r\n<\/p>\r\n<p><span style=\"vertical-align: inherit\"><span style=\"vertical-align: inherit\"><span style=\"vertical-align: inherit\"><span style=\"vertical-align: inherit\">El autoidentificado en sus redes sociales como <\/span><\/span><\/span><\/span><em><span style=\"vertical-align: inherit\"><span style=\"vertical-align: inherit\"><span style=\"vertical-align: inherit\"><span style=\"vertical-align: inherit\">\u201cgestor de crisis\u201d<\/span><\/span><\/span><\/span><\/em><span style=\"vertical-align: inherit\"><span style=\"vertical-align: inherit\"><span style=\"vertical-align: inherit\"><span style=\"vertical-align: inherit\"> y \u201cestratega de comunicaci\u00f3n\u201d, Irrael G\u00f3mez, presuntamente es parte de una campa\u00f1a de limpieza de imagen de los hermanos Mor\u00f3n y se le vincula, incluso, con el fiscal general designado por la asamblea nacional constituyente, seg\u00fan el medio <\/span><\/span><\/span><\/span><a href=\"http:\/\/Fiscal\u00eda y CICPC trasladan a editor de El Nacional a declarar por trabajos de investigaci\u00f3n\"><span style=\"vertical-align: inherit\"><span style=\"vertical-align: inherit\"><span style=\"vertical-align: inherit\"><span style=\"vertical-align: inherit\">Espacio P\u00fablico<\/span><\/span><\/span><\/span><\/a><span style=\"vertical-align: inherit\"><span style=\"vertical-align: inherit\"><span style=\"vertical-align: inherit\"><span style=\"vertical-align: inherit\"> .<\/span><\/span><\/span><\/span><\/p>\r\n<p>\r\n\r\n<\/p>\r\n<p><span style=\"vertical-align: inherit\"><span style=\"vertical-align: inherit\"><span style=\"vertical-align: inherit\"><span style=\"vertical-align: inherit\">Santiago y Ricardo Mor\u00f3n Hern\u00e1ndez, fueron sancionados por el Departamento del Tesoro de Estados Unidos de Am\u00e9rica y acusados \u200b\u200bpor presuntos v\u00ednculos con Nicol\u00e1s Maduro Guerra, diputado e hijo de Nicol\u00e1s Maduro Moros.<\/span><\/span><\/span><\/span><\/p>\r\n<p><\/p>\r\n\r\n\r\n\r\n<p>&nbsp;<\/p>\r\n","protected":false},"excerpt":{"rendered":"<p>Extraoficialmente, se conoci\u00f3 que este viernes 10 de mayo, Santiago Mor\u00f3n Hern\u00e1ndez, quien junto a su hermano ha estado vinculado a m\u00faltiples negocios con el [&hellip;]<\/p>\n","protected":false},"author":2,"featured_media":2536,"comment_status":"open","ping_status":"open","sticky":false,"template":"","format":"standard","meta":{"h5ap_radio_sources":[],"_FSMCFIC_featured_image_caption":"","_FSMCFIC_featured_image_nocaption":"","_FSMCFIC_featured_image_hide":"","_jetpack_memberships_contains_paid_content":false,"footnotes":""},"categories":[2],"tags":[],"class_list":["post-2534","post","type-post","status-publish","format-standard","has-post-thumbnail","hentry","category-venezuela"],"aioseo_notices":[],"jetpack_featured_media_url":"https:\/\/nuevaprensaamerica.com\/wp-content\/uploads\/2024\/05\/hermanos-moron.webp","jetpack_sharing_enabled":true,"_links":{"self":[{"href":"https:\/\/nuevaprensaamerica.com\/index.php\/wp-json\/wp\/v2\/posts\/2534","targetHints":{"allow":["GET"]}}],"collection":[{"href":"https:\/\/nuevaprensaamerica.com\/index.php\/wp-json\/wp\/v2\/posts"}],"about":[{"href":"https:\/\/nuevaprensaamerica.com\/index.php\/wp-json\/wp\/v2\/types\/post"}],"author":[{"embeddable":true,"href":"https:\/\/nuevaprensaamerica.com\/index.php\/wp-json\/wp\/v2\/users\/2"}],"replies":[{"embeddable":true,"href":"https:\/\/nuevaprensaamerica.com\/index.php\/wp-json\/wp\/v2\/comments?post=2534"}],"version-history":[{"count":6,"href":"https:\/\/nuevaprensaamerica.com\/index.php\/wp-json\/wp\/v2\/posts\/2534\/revisions"}],"predecessor-version":[{"id":2541,"href":"https:\/\/nuevaprensaamerica.com\/index.php\/wp-json\/wp\/v2\/posts\/2534\/revisions\/2541"}],"wp:featuredmedia":[{"embeddable":true,"href":"https:\/\/nuevaprensaamerica.com\/index.php\/wp-json\/wp\/v2\/media\/2536"}],"wp:attachment":[{"href":"https:\/\/nuevaprensaamerica.com\/index.php\/wp-json\/wp\/v2\/media?parent=2534"}],"wp:term":[{"taxonomy":"category","embeddable":true,"href":"https:\/\/nuevaprensaamerica.com\/index.php\/wp-json\/wp\/v2\/categories?post=2534"},{"taxonomy":"post_tag","embeddable":true,"href":"https:\/\/nuevaprensaamerica.com\/index.php\/wp-json\/wp\/v2\/tags?post=2534"}],"curies":[{"name":"wp","href":"https:\/\/api.w.org\/{rel}","templated":true}]}}