{"id":2885,"date":"2024-06-02T16:06:50","date_gmt":"2024-06-02T16:06:50","guid":{"rendered":"https:\/\/nuevaprensaamerica.com\/?p=2885"},"modified":"2024-06-02T16:06:50","modified_gmt":"2024-06-02T16:06:50","slug":"mcm-el-regimen-sabe-que-estan-perdidos-y-la-de-la-derrota-es-contar-papelito-por-papelito","status":"publish","type":"post","link":"https:\/\/nuevaprensaamerica.com\/index.php\/2024\/06\/02\/mcm-el-regimen-sabe-que-estan-perdidos-y-la-de-la-derrota-es-contar-papelito-por-papelito\/","title":{"rendered":"MCM: el r\u00e9gimen sabe que est\u00e1n perdidos, y la de la derrota es contar papelito por papelito"},"content":{"rendered":"\r\n\r\nLa l\u00edder opositora Mar\u00eda Corina Machado contin\u00faa hoy en Guatire, junto al candidato presidencial Edmundo Gonz\u00e1lez.\r\n\r\n \r\n\r\nSu gira por el interior de Venezuela, ha sido un \u00e9xito, lleno del respaldo de los venezolanos, que conf\u00edan en un verdadero cambio de la mano de Machado.\r\n\r\n \r\n\r\nMachado comparti\u00f3 la energ\u00eda que se vivi\u00f3 en Guatire. Pura fuerza y emoci\u00f3n junto a Edmundo Gonzales, a quien haremos presidente el 28 de julio.\r\n\r\n \r\n\r\nFaltan solo 58 d\u00edas y en el r\u00e9gimen saben que est\u00e1n perdidos porque los derrotamos en los corazones de los venezolanos y en las calles de todo el pa\u00eds. \u00a1Vamos por la formalizaci\u00f3n de esa derrota, contando papelito por papelito!, dijo Machado.\r\n\r\n \r\n<blockquote class=\"twitter-tweet\">\r\n<p dir=\"ltr\" lang=\"es\">Qu\u00e9 energ\u00eda compartimos hoy en Guatire. Pura fuerza y emoci\u00f3n junto a <a href=\"https:\/\/twitter.com\/EdmundoGU?ref_src=twsrc%5Etfw\">@EdmundoGU<\/a>, a quien haremos presidente el 28 de julio.\r\n\r\nFaltan solo 58 d\u00edas y en el r\u00e9gimen saben que est\u00e1 perdidos porque los derrotamos en los corazones de los venezolanos y en las calles de todo el pa\u00eds.\u2026 <a href=\"https:\/\/t.co\/6NMnpEg0GK\">pic.twitter.com\/6NMnpEg0GK<\/a><\/p>\r\n\r\n\u2014 Mar\u00eda Corina Machado (@MariaCorinaYA) <a href=\"https:\/\/twitter.com\/MariaCorinaYA\/status\/1796679136095727943?ref_src=twsrc%5Etfw\">May 31, 2024<\/a><\/blockquote>\r\n \r\n\r\n&nbsp;\r\n\r\n","protected":false},"excerpt":{"rendered":"<p>La l\u00edder opositora Mar\u00eda Corina Machado contin\u00faa hoy en Guatire, junto al candidato presidencial Edmundo Gonz\u00e1lez. Su gira por el interior de Venezuela, ha sido [&hellip;]<\/p>\n","protected":false},"author":2,"featured_media":2887,"comment_status":"open","ping_status":"open","sticky":false,"template":"","format":"standard","meta":{"h5ap_radio_sources":[],"_FSMCFIC_featured_image_caption":"","_FSMCFIC_featured_image_nocaption":"","_FSMCFIC_featured_image_hide":"","_jetpack_memberships_contains_paid_content":false,"footnotes":""},"categories":[2],"tags":[],"class_list":["post-2885","post","type-post","status-publish","format-standard","has-post-thumbnail","hentry","category-venezuela"],"aioseo_notices":[],"jetpack_featured_media_url":"https:\/\/nuevaprensaamerica.com\/wp-content\/uploads\/2024\/06\/GO8WJatW4AA-m4u.jpg","jetpack_sharing_enabled":true,"_links":{"self":[{"href":"https:\/\/nuevaprensaamerica.com\/index.php\/wp-json\/wp\/v2\/posts\/2885","targetHints":{"allow":["GET"]}}],"collection":[{"href":"https:\/\/nuevaprensaamerica.com\/index.php\/wp-json\/wp\/v2\/posts"}],"about":[{"href":"https:\/\/nuevaprensaamerica.com\/index.php\/wp-json\/wp\/v2\/types\/post"}],"author":[{"embeddable":true,"href":"https:\/\/nuevaprensaamerica.com\/index.php\/wp-json\/wp\/v2\/users\/2"}],"replies":[{"embeddable":true,"href":"https:\/\/nuevaprensaamerica.com\/index.php\/wp-json\/wp\/v2\/comments?post=2885"}],"version-history":[{"count":1,"href":"https:\/\/nuevaprensaamerica.com\/index.php\/wp-json\/wp\/v2\/posts\/2885\/revisions"}],"predecessor-version":[{"id":2886,"href":"https:\/\/nuevaprensaamerica.com\/index.php\/wp-json\/wp\/v2\/posts\/2885\/revisions\/2886"}],"wp:featuredmedia":[{"embeddable":true,"href":"https:\/\/nuevaprensaamerica.com\/index.php\/wp-json\/wp\/v2\/media\/2887"}],"wp:attachment":[{"href":"https:\/\/nuevaprensaamerica.com\/index.php\/wp-json\/wp\/v2\/media?parent=2885"}],"wp:term":[{"taxonomy":"category","embeddable":true,"href":"https:\/\/nuevaprensaamerica.com\/index.php\/wp-json\/wp\/v2\/categories?post=2885"},{"taxonomy":"post_tag","embeddable":true,"href":"https:\/\/nuevaprensaamerica.com\/index.php\/wp-json\/wp\/v2\/tags?post=2885"}],"curies":[{"name":"wp","href":"https:\/\/api.w.org\/{rel}","templated":true}]}}