{"id":3047,"date":"2024-06-22T20:02:09","date_gmt":"2024-06-22T20:02:09","guid":{"rendered":"https:\/\/nuevaprensaamerica.com\/?p=3047"},"modified":"2024-06-22T20:02:09","modified_gmt":"2024-06-22T20:02:09","slug":"diosdado-cabello-asegura-que-leopoldo-lopez-estaria-por-contratar-a-gustavo-lainett-para-hacer-campana-sucia-en-contra-de-maria-corina-machado","status":"publish","type":"post","link":"https:\/\/nuevaprensaamerica.com\/index.php\/2024\/06\/22\/diosdado-cabello-asegura-que-leopoldo-lopez-estaria-por-contratar-a-gustavo-lainett-para-hacer-campana-sucia-en-contra-de-maria-corina-machado\/","title":{"rendered":"Diosdado Cabello asegura que Leopoldo L\u00f3pez estar\u00eda por contratar a Gustavo Lainett para hacer campa\u00f1a sucia en contra de Maria Corina Machado"},"content":{"rendered":"\r\n\r\nDiosdado Cabello Rond\u00f3n asegur\u00f3 este viernes en su programa \u2018Con El Mazo Dando\u2019 que Maria Corina Machado, estaria obligada a pagar favores presidenciales.\r\n\r\n \r\n\r\nCabello habla de un alias &#8220;Crazzy Leo&#8221; refiri\u00e9ndose a Leopoldo L\u00f3pez, donde un supuesto informante le asegur\u00f3 que le han revelado datos importantes, supuestamente este informante ser\u00eda amigo de Leopoldo L\u00f3pez, y fue quien le dijo que &#8220;Crazy Leo&#8221; est\u00e1 dispuesto a todo, y no se quedar\u00eda por fuera, que si &#8220;Cori&#8221;, refiri\u00e9ndose a Maria Corina Machado, lo llega a dejar por fuera de la jugada, es decir no le paga los favores recibidos, \u00e9l tiene preparado una campa\u00f1a para destruirla Incluso le pidi\u00f3 a uno de sus influencers en redes sociales, Gustavo Lainett, que comienza a aceitar la maquinaria con el efecto de bajarle la brequera, en el argot popular, estaria dispuesto a revelar datos de todo lo que ha sucedido en la campa\u00f1a presidencial de cara a este 28 de julio.\r\n\r\n \r\n<figure class=\"wp-block-video\"><video style=\"aspect-ratio: 640 \/ 427;\" src=\"https:\/\/elnoticiero.net\/wp-content\/uploads\/2024\/06\/WhatsApp-Video-2024-06-22-at-2.22.16-PM-1.mp4\" controls=\"controls\" width=\"640\" height=\"427\" data-mce-fragment=\"1\"><\/video><\/figure>\r\n \r\n\r\nRecordemos que en el pasdo Gustavo Lainette, presidente de la ONG Resistencia Venezolana, ya ha sido denunciado por Diosdado Cabello, por recibir recursos de Marion Villarroel, hija del ex presidente de la Cruz Roja venezolana.\r\n\r\n \r\n\r\n\u00abQuien realiz\u00f3 la ayuda entregada a la ONG de Lainette fue la venezolana Marion Villaroel Sierralta. Marion Villaroel Sierralta, nada menos que la hija de Mario Villaroel, ex presidente de la Cruz Roja de Venezuela, involucrado en esc\u00e1ndalos de corrupci\u00f3n\u00bb, afirm\u00f3 Cabello en su programa transmitido por Venezolana de Televisi\u00f3n (VTV).\r\n\r\n \r\n\r\n\u00abEse (Mario Villarroel) dirigi\u00f3 la Cruz Roja aqu\u00ed en Venezuela como por 60 a\u00f1os ser\u00eda. Tiene el mismo tiempo que Natera en la cosa m\u00e9dica. Marion Villarroel se identifica p\u00fablicamente en Florida como Marion Troitino, utilizando su apellido de casada, esto con la intenci\u00f3n de ocultar su vinculaci\u00f3n a una familia de turbio proceder\u00bb, agreg\u00f3.\r\n\r\n \r\n\r\n\u00abElla trabajaba en la administraci\u00f3n pasada de Doral, y tras la llegada de la nueva alcaldesa, su padre desembolsill\u00f3 una poderosa suma de dinero para mantenerla en el cargo, pues no trabaja por el salario sino por las relaciones y el poder. A Marion se le ha visto muy cerca de la jefa del Comando Sur de Estados Unidos. Ha organizado foros y eventos con el objetivo de reiterar que Venezuela es una amenaza para Estados Unidos\u00bb, sum\u00f3 Cabello.\r\n\r\n \r\n\r\nPosteriormente, a sus comentarios, el oficialista venezolano mostr\u00f3 una foto de Marion Villarroel con la jefa del Comando Sur de EEUU y asegur\u00f3 que esta es una enemiga de Venezuela.\r\n\r\n","protected":false},"excerpt":{"rendered":"<p>Diosdado Cabello Rond\u00f3n asegur\u00f3 este viernes en su programa \u2018Con El Mazo Dando\u2019 que Maria Corina Machado, estaria obligada a pagar favores presidenciales. Cabello habla [&hellip;]<\/p>\n","protected":false},"author":2,"featured_media":3049,"comment_status":"open","ping_status":"open","sticky":false,"template":"","format":"standard","meta":{"h5ap_radio_sources":[],"_FSMCFIC_featured_image_caption":"","_FSMCFIC_featured_image_nocaption":"","_FSMCFIC_featured_image_hide":"","_jetpack_memberships_contains_paid_content":false,"footnotes":""},"categories":[2],"tags":[],"class_list":["post-3047","post","type-post","status-publish","format-standard","has-post-thumbnail","hentry","category-venezuela"],"aioseo_notices":[],"jetpack_featured_media_url":"https:\/\/nuevaprensaamerica.com\/wp-content\/uploads\/2024\/06\/Sin-titulo-5.png","jetpack_sharing_enabled":true,"_links":{"self":[{"href":"https:\/\/nuevaprensaamerica.com\/index.php\/wp-json\/wp\/v2\/posts\/3047","targetHints":{"allow":["GET"]}}],"collection":[{"href":"https:\/\/nuevaprensaamerica.com\/index.php\/wp-json\/wp\/v2\/posts"}],"about":[{"href":"https:\/\/nuevaprensaamerica.com\/index.php\/wp-json\/wp\/v2\/types\/post"}],"author":[{"embeddable":true,"href":"https:\/\/nuevaprensaamerica.com\/index.php\/wp-json\/wp\/v2\/users\/2"}],"replies":[{"embeddable":true,"href":"https:\/\/nuevaprensaamerica.com\/index.php\/wp-json\/wp\/v2\/comments?post=3047"}],"version-history":[{"count":1,"href":"https:\/\/nuevaprensaamerica.com\/index.php\/wp-json\/wp\/v2\/posts\/3047\/revisions"}],"predecessor-version":[{"id":3048,"href":"https:\/\/nuevaprensaamerica.com\/index.php\/wp-json\/wp\/v2\/posts\/3047\/revisions\/3048"}],"wp:featuredmedia":[{"embeddable":true,"href":"https:\/\/nuevaprensaamerica.com\/index.php\/wp-json\/wp\/v2\/media\/3049"}],"wp:attachment":[{"href":"https:\/\/nuevaprensaamerica.com\/index.php\/wp-json\/wp\/v2\/media?parent=3047"}],"wp:term":[{"taxonomy":"category","embeddable":true,"href":"https:\/\/nuevaprensaamerica.com\/index.php\/wp-json\/wp\/v2\/categories?post=3047"},{"taxonomy":"post_tag","embeddable":true,"href":"https:\/\/nuevaprensaamerica.com\/index.php\/wp-json\/wp\/v2\/tags?post=3047"}],"curies":[{"name":"wp","href":"https:\/\/api.w.org\/{rel}","templated":true}]}}