{"id":3067,"date":"2024-06-25T17:35:08","date_gmt":"2024-06-25T17:35:08","guid":{"rendered":"https:\/\/nuevaprensaamerica.com\/?p=3067"},"modified":"2024-06-25T17:35:40","modified_gmt":"2024-06-25T17:35:40","slug":"denuncian-a-hipolito-mendoza-zea-cesar-augusto-rincon-gonzalez-y-la-empresa-proicom","status":"publish","type":"post","link":"https:\/\/nuevaprensaamerica.com\/index.php\/2024\/06\/25\/denuncian-a-hipolito-mendoza-zea-cesar-augusto-rincon-gonzalez-y-la-empresa-proicom\/","title":{"rendered":"Denuncian a Hip\u00f3lito Mendoza Zea, C\u00e9sar Augusto Rinc\u00f3n Gonz\u00e1lez y la empresa Proicom S.A.S. por presunta operaci\u00f3n de lavado del Clan del Golfo"},"content":{"rendered":"<p class=\"ng-star-inserted\"><span class=\"ng-star-inserted\">La representante a la C\u00e1mara por Risaralda, Carolina Giraldo Botero, denunci\u00f3 ante la fiscal general de la Naci\u00f3n, Luz Adriana Camargo, la presunta relaci\u00f3n entre la empresa de ingenier\u00eda Proicom S.A.S. y el Clan del Golfo, la organizaci\u00f3n delincuencial m\u00e1s grande de Colombia.<\/span><\/p>\n<p class=\"ng-star-inserted\"><span class=\"ng-star-inserted\">Giraldo, miembro del partido Alianza Verde, present\u00f3 un extenso memorial que detalla c\u00f3mo la empresa habr\u00eda obtenido contratos por 22.000 millones de pesos en ocho departamentos y 12 municipios de Colombia a trav\u00e9s de sus socios, Hip\u00f3lito Mendoza Zea y C\u00e9sar Augusto Rinc\u00f3n Gonz\u00e1lez.<\/span><\/p>\n<h3 class=\"ng-star-inserted\"><strong class=\"ng-star-inserted\"><span class=\"ng-star-inserted\">Sospechas de lavado de activos y testaferrato<\/span><\/strong><\/h3>\n<p class=\"ng-star-inserted\"><span class=\"ng-star-inserted\">De acuerdo con la denuncia, ambos socios fueron capturados en 2021 por su presunta participaci\u00f3n en una estructura de testaferrato y lavado de activos del Clan del Golfo. Mendoza Zea, seg\u00fan la denuncia, controlaba m\u00e1s de 3.000 bienes muebles e inmuebles, ganado y establecimientos de comercio, avaluados en m\u00e1s de 250.000 millones de pesos.<\/span><\/p>\n<p class=\"ng-star-inserted\"><span class=\"ng-star-inserted\">A pesar de esto, Mendoza Zea tambi\u00e9n fue miembro de la Unidad de Trabajo Legislativo de Crist\u00f3bal Rodr\u00edguez Hern\u00e1ndez, representante a la C\u00e1mara del Partido de La U por Boyac\u00e1, y trabaj\u00f3 como contratista de la primera vicepresidencia de la C\u00e1mara de Representantes por recomendaci\u00f3n del congresista \u00d3scar Villamizar Meneses, representante a la C\u00e1mara del Centro Democr\u00e1tico por Santander.<\/span><\/p>\n<h3 class=\"ng-star-inserted\"><strong class=\"ng-star-inserted\"><span class=\"ng-star-inserted\">Presuntas conexiones con l\u00edderes del Clan del Golfo<\/span><\/strong><\/h3>\n<p class=\"ng-star-inserted\"><span class=\"ng-star-inserted\">Por su parte, C\u00e9sar Augusto Rinc\u00f3n Gonz\u00e1lez tambi\u00e9n ha sido se\u00f1alado por su presunta vinculaci\u00f3n con el Clan del Golfo y la Oficina de Envigado.<\/span><\/p>\n<p class=\"ng-star-inserted\"><span class=\"ng-star-inserted\">La denuncia afirma que ambos socios tienen lazos con John Freddy Zapata Garz\u00f3n, alias \u2018Messi\u2019 o \u2018Candado\u2019, y con John Henry Gonz\u00e1lez Herrera, alias \u2018Medio Labio\u2019, presuntos l\u00edderes del Clan del Golfo.<\/span><\/p>\n<p class=\"ng-star-inserted\"><span class=\"ng-star-inserted\">Proicom S.A.S. ha tenido contratos de obras p\u00fablicas en los siguientes departamentos y municipios:<\/span><\/p>\n<ul class=\"ng-star-inserted\">\n<li class=\"ng-star-inserted\">\n<p class=\"ng-star-inserted\"><span class=\"ng-star-inserted\">Bah\u00eda Solano, en Choc\u00f3.<\/span><\/p>\n<\/li>\n<li class=\"ng-star-inserted\">\n<p class=\"ng-star-inserted\"><span class=\"ng-star-inserted\">Chinchin\u00e1, Manizales, Saman\u00e1 y P\u00e1cora, en Caldas.<\/span><\/p>\n<\/li>\n<li class=\"ng-star-inserted\">\n<p class=\"ng-star-inserted\"><span class=\"ng-star-inserted\">Marsella y Pereira, en Risaralda.<\/span><\/p>\n<\/li>\n<li class=\"ng-star-inserted\">\n<p class=\"ng-star-inserted\"><span class=\"ng-star-inserted\">Girardota, Antioquia.<\/span><\/p>\n<\/li>\n<li class=\"ng-star-inserted\">\n<p class=\"ng-star-inserted\"><span class=\"ng-star-inserted\">Puerto In\u00edrida, Guain\u00eda.<\/span><\/p>\n<\/li>\n<li class=\"ng-star-inserted\">\n<p class=\"ng-star-inserted\"><span class=\"ng-star-inserted\">Puerto Rico, Caquet\u00e1.<\/span><\/p>\n<\/li>\n<li class=\"ng-star-inserted\">\n<p class=\"ng-star-inserted\"><span class=\"ng-star-inserted\">Purificaci\u00f3n, Tolima.<\/span><\/p>\n<\/li>\n<li class=\"ng-star-inserted\">\n<p class=\"ng-star-inserted\"><span class=\"ng-star-inserted\">Tame, Arauca.<\/span><\/p>\n<\/li>\n<\/ul>\n<p class=\"ng-star-inserted\"><span class=\"ng-star-inserted\">Adem\u00e1s, la empresa ha contratado sistemas de alumbrado en Cauca y Risaralda a trav\u00e9s de empresas que son accionistas de Proicom.<\/span><\/p>\n<h3 class=\"ng-star-inserted\"><strong class=\"ng-star-inserted\"><span class=\"ng-star-inserted\">La denuncia busca descubrir c\u00f3mo la organizaci\u00f3n criminal se financia<\/span><\/strong><\/h3>\n<p class=\"ng-star-inserted\"><span class=\"ng-star-inserted\">La denuncia busca determinar c\u00f3mo el Clan del Golfo se nutre de dinero p\u00fablico, del dinero de los contribuyentes, para fortalecer su operaci\u00f3n criminal, seg\u00fan inform\u00f3 el periodista Daniel Coronel en la <a href=\"https:\/\/www.wradio.com.co\/2024\/06\/25\/una-magistrada-de-la-jep-denuncio-presuntas-interceptaciones-en-sus-comunicaciones\/\" target=\"_blank\" rel=\"noopener\">W Radio<\/a>.<\/span><\/p>\n<p class=\"ng-star-inserted\"><span class=\"ng-star-inserted\">La fiscal general de la Naci\u00f3n deber\u00e1 investigar la denuncia y determinar si existen pruebas suficientes para iniciar un proceso penal contra Proicom S.A.S. y sus socios.<\/span><\/p>\n","protected":false},"excerpt":{"rendered":"<p>La representante a la C\u00e1mara por Risaralda, Carolina Giraldo Botero, denunci\u00f3 ante la fiscal general de la Naci\u00f3n, Luz Adriana Camargo, la presunta relaci\u00f3n entre [&hellip;]<\/p>\n","protected":false},"author":1,"featured_media":3072,"comment_status":"open","ping_status":"open","sticky":false,"template":"","format":"standard","meta":{"h5ap_radio_sources":[],"_FSMCFIC_featured_image_caption":"","_FSMCFIC_featured_image_nocaption":"","_FSMCFIC_featured_image_hide":"","_jetpack_memberships_contains_paid_content":false,"footnotes":""},"categories":[12],"tags":[],"class_list":["post-3067","post","type-post","status-publish","format-standard","has-post-thumbnail","hentry","category-colombia"],"aioseo_notices":[],"jetpack_featured_media_url":"https:\/\/nuevaprensaamerica.com\/wp-content\/uploads\/2024\/06\/Hipolito-Mendoza-Zea-Cesar-Augusto-Rincon-Gonzalez.jpg","jetpack_sharing_enabled":true,"_links":{"self":[{"href":"https:\/\/nuevaprensaamerica.com\/index.php\/wp-json\/wp\/v2\/posts\/3067","targetHints":{"allow":["GET"]}}],"collection":[{"href":"https:\/\/nuevaprensaamerica.com\/index.php\/wp-json\/wp\/v2\/posts"}],"about":[{"href":"https:\/\/nuevaprensaamerica.com\/index.php\/wp-json\/wp\/v2\/types\/post"}],"author":[{"embeddable":true,"href":"https:\/\/nuevaprensaamerica.com\/index.php\/wp-json\/wp\/v2\/users\/1"}],"replies":[{"embeddable":true,"href":"https:\/\/nuevaprensaamerica.com\/index.php\/wp-json\/wp\/v2\/comments?post=3067"}],"version-history":[{"count":4,"href":"https:\/\/nuevaprensaamerica.com\/index.php\/wp-json\/wp\/v2\/posts\/3067\/revisions"}],"predecessor-version":[{"id":3071,"href":"https:\/\/nuevaprensaamerica.com\/index.php\/wp-json\/wp\/v2\/posts\/3067\/revisions\/3071"}],"wp:featuredmedia":[{"embeddable":true,"href":"https:\/\/nuevaprensaamerica.com\/index.php\/wp-json\/wp\/v2\/media\/3072"}],"wp:attachment":[{"href":"https:\/\/nuevaprensaamerica.com\/index.php\/wp-json\/wp\/v2\/media?parent=3067"}],"wp:term":[{"taxonomy":"category","embeddable":true,"href":"https:\/\/nuevaprensaamerica.com\/index.php\/wp-json\/wp\/v2\/categories?post=3067"},{"taxonomy":"post_tag","embeddable":true,"href":"https:\/\/nuevaprensaamerica.com\/index.php\/wp-json\/wp\/v2\/tags?post=3067"}],"curies":[{"name":"wp","href":"https:\/\/api.w.org\/{rel}","templated":true}]}}