{"id":3212,"date":"2024-07-19T14:09:53","date_gmt":"2024-07-19T14:09:53","guid":{"rendered":"https:\/\/nuevaprensaamerica.com\/?p=3212"},"modified":"2024-07-19T14:09:53","modified_gmt":"2024-07-19T14:09:53","slug":"ricardo-malfatti-y-samy-hawk-lanzan-un-espectacular-sencillo-no-quiero-dejarte-ir","status":"publish","type":"post","link":"https:\/\/nuevaprensaamerica.com\/index.php\/2024\/07\/19\/ricardo-malfatti-y-samy-hawk-lanzan-un-espectacular-sencillo-no-quiero-dejarte-ir\/","title":{"rendered":"Ricardo Malfatti y Samy Hawk Lanzan un espectacular sencillo: &#8220;No Quiero Dejarte Ir&#8221;"},"content":{"rendered":"\r\n\r\nLa industria musical celebra con entusiasmo el lanzamiento de &#8220;No Quiero Dejarte Ir,&#8221; una colaboraci\u00f3n electrizante entre el talentoso cantautor Ricardo Malfatti y el renombrado rapero y animador Samy Hawk, c\u00e9lebre ganador del \u201cBecoming a Popstar\u201d de MTV\u00ae. Esta canci\u00f3n, parte del aclamado \u00e1lbum &#8220;Historias&#8221; de Malfatti, marca un hito en la m\u00fasica pop contempor\u00e1nea, demostrando la brillante habilidad de ambos artistas para fusionar el rap y el pop en una narrativa conmovedora y moderna, presentada con una maestr\u00eda inigualable.\r\n\r\n \r\n<figure class=\"wp-block-image size-large\"><img decoding=\"async\" class=\"wp-image-7242\" src=\"https:\/\/eldoral.com\/wp-content\/uploads\/2024\/07\/1-1-767x1024.png\" alt=\"\" \/><\/figure>\r\n \r\n\r\n<strong>Un Relato Emotivo y Vanguardista <\/strong>\r\n\r\n \r\n\r\n&#8220;No Quiero Dejarte Ir&#8221; es una composici\u00f3n que captura la esencia del amor y la p\u00e9rdida, narrada a trav\u00e9s de una innovadora mezcla de rap y pop. La canci\u00f3n cuenta la dolorosa despedida de un joven que ve partir a su amada, encapsulando una gama de emociones que seguramente resonar\u00e1n profundamente en todos los oyentes. La colaboraci\u00f3n con Samy Hawk a\u00f1ade una profundidad y un dinamismo \u00fanicos, combinados con la emotiva y dram\u00e1tica interpretaci\u00f3n de Malfatti, creando una experiencia auditiva que impacta al p\u00fablico de todas las edades.\r\n\r\n \r\n<figure class=\"wp-block-embed is-type-video is-provider-youtube wp-block-embed-youtube wp-embed-aspect-16-9 wp-has-aspect-ratio\">\r\n<div class=\"wp-block-embed__wrapper\">https:\/\/www.youtube.com\/watch?si=O2RKQBVsgFwTNQf3&amp;v=eKq2GnXN5Eo&amp;feature=youtu.be<\/div><\/figure>\r\n \r\n\r\nLos arreglos de la canci\u00f3n, que incluyen potentes kicks y bajos sintetizados, son un gran acierto y una prueba evidente del inmenso talento y la incre\u00edble visi\u00f3n art\u00edstica del productor Hildemaro \u00c1lvarez, nominado al Latin Grammy\u00ae, quien realiz\u00f3 toda la m\u00fasica y desarroll\u00f3 con ellos la canci\u00f3n.\r\n\r\n \r\n\r\nEl lanzamiento de &#8220;No Quiero Dejarte Ir&#8221; viene acompa\u00f1ado de un espectacular videoclip dirigido magistralmente por el renombrado filmmaker Alfonso Ter\u00e1n, a trav\u00e9s de la productora Latino Live y en colaboraci\u00f3n con Interactive Line LLC. La producci\u00f3n del videoclip cont\u00f3 con Roc\u00edo Botero e Hildemaro \u00c1lvarez como productores, asistidos por la c\u00e9lebre Adriana Contreras.\r\n\r\n \r\n\r\n<strong>Un Viaje Musical Sin Precedentes <\/strong>\r\n\r\n \r\n\r\nEl \u00e1lbum &#8220;Historias,&#8221; que incluye &#8220;No Quiero Dejarte Ir&#8221;, fue lanzado el pasado 28 de mayo y es una obra maestra de pop que ofrece un recorrido sonoro a trav\u00e9s de los estilos m\u00e1s vanguardistas de la actualidad. Con influencias que van desde el electro pop y el pop sinf\u00f3nico hasta el rap y el EDM, este \u00e1lbum promete capturar los corazones de los oyentes y dejar una marca indeleble en la industria musical por la profundidad de su contenido musical y su capacidad para conectar con la audiencia a trav\u00e9s de melod\u00edas frescas y letras sensibles.\r\n\r\n \r\n\r\nLa producci\u00f3n impecable de esta obra, que nos trae Ricardo Malfatti, es de Hildemaro \u00c1lvarez, quien asegura que cada pista brille con su propia luz, ofreciendo una experiencia musical rica y emotiva que combina perfectamente con el gran talento vocal de Malfatti.\r\n\r\n \r\n\r\n<strong>Colaboraciones Estelares <\/strong>\r\n\r\n \r\n\r\n&#8220;Historias&#8221; cuenta con la participaci\u00f3n de artistas destacados como Luis Fernando Borjas, voz ic\u00f3nica de Guaco y ganador del Latin Grammy\u00ae, y la prometedora vocalista\u00a0estadounidense Aivy. Cada colaboraci\u00f3n a\u00f1ade un nuevo matiz a este \u00e1lbum, que se erige como un testimonio de la versatilidad y el talento de Ricardo Malfatti. La canci\u00f3n &#8220;No Quiero Dejarte Ir&#8221; destaca por la poderosa interpretaci\u00f3n de Samy Hawk, quien aporta su estilo distintivo y su energ\u00eda contagiosa, creando una sinergia perfecta con la emotiva voz de Malfatti.\r\n\r\n \r\n<figure class=\"wp-block-image size-large\"><img decoding=\"async\" class=\"wp-image-7243\" src=\"https:\/\/eldoral.com\/wp-content\/uploads\/2024\/07\/2-1024x534.png\" alt=\"\" \/><\/figure>\r\n \r\n\r\n&nbsp;\r\n\r\n \r\n<figure class=\"wp-block-image size-large\"><img decoding=\"async\" class=\"wp-image-7244\" src=\"https:\/\/eldoral.com\/wp-content\/uploads\/2024\/07\/3-1024x507.png\" alt=\"\" \/><\/figure>\r\n \r\n\r\n<strong>Talento de Clase Mundial <\/strong>\r\n\r\n \r\n\r\nEste proyecto no solo resalta el talento de sus principales figuras, sino que tambi\u00e9n cuenta con la colaboraci\u00f3n de profesionales de renombre internacional. Nick Burchall, conocido por su trabajo con Ed Sheeran y Sam Smith, y Boris Mil\u00e1n, multi-ganador del Latin Grammy\u00ae, han aportado su experiencia y creatividad a la producci\u00f3n de este \u00e1lbum. Las guitarras de Juan \u00c1ngel Esquivel y Arturo Cabrera Brambilla, junto con la participaci\u00f3n de Jos\u00e9 Miguel Vel\u00e1squez, enriquecen a\u00fan m\u00e1s la calidad sonora de &#8220;Historias&#8221;.\r\n\r\n \r\n\r\n<strong>Sobre Ricardo Malfatti Ricardo <\/strong>\r\n\r\n \r\n\r\nMalfatti, cantautor \u00edtalo-venezolano, es una de las figuras m\u00e1s prominentes de la m\u00fasica pop actual. Su participaci\u00f3n en &#8220;La Voz\u00ae&#8221; le ha ganado el respeto de artistas como Carlos Vives, Alejandra Guzm\u00e1n, Luis Fonsi y Wisin, consolid\u00e1ndolo como uno de los artistas m\u00e1s influyentes de su generaci\u00f3n. Con &#8220;Historias,&#8221; Malfatti contin\u00faa redefiniendo los l\u00edmites de la m\u00fasica hispana, ofreciendo una propuesta fresca y emotiva que resuena profundamente con su audiencia.\r\n\r\n \r\n\r\nPara m\u00e1s informaci\u00f3n sobre Ricardo Malfatti y su \u00e1lbum &#8220;Historias,&#8221; sigue sus redes sociales @rmalfatti, en Instagram o visita su sitio web <a href=\"https:\/\/ricardomalfatti.com\/\">www.ricardomalfatti.com.\u00a0<\/a>\r\n\r\n \r\n\r\n&nbsp;\r\n\r\n \r\n\r\n&nbsp;\r\n\r\n","protected":false},"excerpt":{"rendered":"<p>La industria musical celebra con entusiasmo el lanzamiento de &#8220;No Quiero Dejarte Ir,&#8221; una colaboraci\u00f3n electrizante entre el talentoso cantautor Ricardo Malfatti y el renombrado [&hellip;]<\/p>\n","protected":false},"author":2,"featured_media":3214,"comment_status":"open","ping_status":"open","sticky":false,"template":"","format":"standard","meta":{"h5ap_radio_sources":[],"_FSMCFIC_featured_image_caption":"","_FSMCFIC_featured_image_nocaption":"","_FSMCFIC_featured_image_hide":"","_jetpack_memberships_contains_paid_content":false,"footnotes":""},"categories":[2],"tags":[],"class_list":["post-3212","post","type-post","status-publish","format-standard","has-post-thumbnail","hentry","category-venezuela"],"aioseo_notices":[],"jetpack_featured_media_url":"https:\/\/nuevaprensaamerica.com\/wp-content\/uploads\/2024\/07\/Sin-titulo-7.png","jetpack_sharing_enabled":true,"_links":{"self":[{"href":"https:\/\/nuevaprensaamerica.com\/index.php\/wp-json\/wp\/v2\/posts\/3212","targetHints":{"allow":["GET"]}}],"collection":[{"href":"https:\/\/nuevaprensaamerica.com\/index.php\/wp-json\/wp\/v2\/posts"}],"about":[{"href":"https:\/\/nuevaprensaamerica.com\/index.php\/wp-json\/wp\/v2\/types\/post"}],"author":[{"embeddable":true,"href":"https:\/\/nuevaprensaamerica.com\/index.php\/wp-json\/wp\/v2\/users\/2"}],"replies":[{"embeddable":true,"href":"https:\/\/nuevaprensaamerica.com\/index.php\/wp-json\/wp\/v2\/comments?post=3212"}],"version-history":[{"count":1,"href":"https:\/\/nuevaprensaamerica.com\/index.php\/wp-json\/wp\/v2\/posts\/3212\/revisions"}],"predecessor-version":[{"id":3213,"href":"https:\/\/nuevaprensaamerica.com\/index.php\/wp-json\/wp\/v2\/posts\/3212\/revisions\/3213"}],"wp:featuredmedia":[{"embeddable":true,"href":"https:\/\/nuevaprensaamerica.com\/index.php\/wp-json\/wp\/v2\/media\/3214"}],"wp:attachment":[{"href":"https:\/\/nuevaprensaamerica.com\/index.php\/wp-json\/wp\/v2\/media?parent=3212"}],"wp:term":[{"taxonomy":"category","embeddable":true,"href":"https:\/\/nuevaprensaamerica.com\/index.php\/wp-json\/wp\/v2\/categories?post=3212"},{"taxonomy":"post_tag","embeddable":true,"href":"https:\/\/nuevaprensaamerica.com\/index.php\/wp-json\/wp\/v2\/tags?post=3212"}],"curies":[{"name":"wp","href":"https:\/\/api.w.org\/{rel}","templated":true}]}}