{"id":3227,"date":"2024-07-23T04:19:58","date_gmt":"2024-07-23T04:19:58","guid":{"rendered":"https:\/\/nuevaprensaamerica.com\/?p=3227"},"modified":"2024-07-23T04:19:58","modified_gmt":"2024-07-23T04:19:58","slug":"escandalo-en-colombia-como-el-exreo-italovenezolano-carlos-luis-recine-sanchez-consiguio-enganar-a-la-aficion-deportiva-del-america-de-cali-y-a-todo-un-pais","status":"publish","type":"post","link":"https:\/\/nuevaprensaamerica.com\/index.php\/2024\/07\/23\/escandalo-en-colombia-como-el-exreo-italovenezolano-carlos-luis-recine-sanchez-consiguio-enganar-a-la-aficion-deportiva-del-america-de-cali-y-a-todo-un-pais\/","title":{"rendered":"Esc\u00e1ndalo en Colombia: \u00bfC\u00f3mo el exreo italovenezolano Carlos Luis Recine S\u00e1nchez consigui\u00f3 enga\u00f1ar a la afici\u00f3n deportiva del Am\u00e9rica de Cali y a todo un pa\u00eds?"},"content":{"rendered":"\r\n\r\nEn un movimiento que ha prometido marcar un antes y un despu\u00e9s en la historia del club, Am\u00e9rica de Cali, uno de los equipos de f\u00fatbol m\u00e1s emblem\u00e1ticos de Colombia, anunci\u00f3 una nueva y aparentemente \u00abambiciosa\u00bb asociaci\u00f3n estrat\u00e9gica con el Grupo Caltac. Este acuerdo, revelado a trav\u00e9s de un comunicado oficial emitido el 17 de julio de 2024, gener\u00f3 tanto expectativas como interrogantes en el \u00e1mbito futbol\u00edstico colombiano. El tema ha saltado a los titulares de la prensa deportiva tanto en Colombia como a nivel internacional.\r\n\r\n \r\n\r\nUna alianza \u00abprometedora\u00bb\r\n\r\n \r\n\r\nEl Grupo Caltac, que afirma estar liderado por los hermanos italovenezolanos Jos\u00e9 Antonio y Carlos Recine, se perfila, seg\u00fan sus propias declaraciones, como un conglomerado empresarial de amplio espectro, con presencia en sectores tan diversos como hidrocarburos, construcci\u00f3n, turismo, alimentos, seguros, banca y finanzas. Esta diversificaci\u00f3n ha sido presentada como una fortaleza que podr\u00eda inyectar nuevos recursos y perspectivas al club escarlata.\r\n\r\n \r\n\r\nSeg\u00fan los t\u00e9rminos del acuerdo, una vez realizada la \u00abcapitalizaci\u00f3n\u00bb, se propondr\u00e1 a Carlos Recine como presidente del club, mientras que Marcela G\u00f3mez Giraldo asumir\u00eda el cargo de vicepresidenta. Este cambio en la c\u00fapula directiva sugiere una reestructuraci\u00f3n profunda en la gesti\u00f3n del equipo.\r\n\r\n \r\n\r\nEl comunicado destaca que el Grupo Caltac no solo se convertir\u00eda as\u00ed en un patrocinador prominente, obteniendo visibilidad en las plataformas del club, incluyendo el estadio, las camisetas y los canales digitales, sino que tambi\u00e9n se comprometer\u00eda a colaborar en iniciativas para fomentar el deporte desde edades tempranas y promover la sostenibilidad en la comunidad.\r\n\r\n \r\n\r\nTulio Alberto G\u00f3mez Giraldo, m\u00e1ximo accionista de Am\u00e9rica de Cali, expres\u00f3 su entusiasmo por la alianza, destacando la \u00abalineaci\u00f3n de valores\u00bb entre ambas entidades, especialmente en lo que respecta al compromiso con la sostenibilidad y el impacto positivo en la comunidad.\r\n\r\n \r\n<figure class=\"wp-block-image size-large\"><img decoding=\"async\" class=\"wp-image-7422\" src=\"https:\/\/elnoticiero.net\/wp-content\/uploads\/2024\/07\/Tulio-Alberto-Gomez-Giraldo-America-de-Cali-1024x829.jpg\" alt=\"\" \/><figcaption class=\"wp-element-caption\">Tulio Alberto G\u00f3mez Giraldo, principal accionista del Am\u00e9rica de Cali<\/figcaption><\/figure>\r\n \r\n\r\nPor su parte, siempre seg\u00fan el comunicado, los hermanos Recine manifestaron sentirse \u00abhonrados de unir fuerzas con Am\u00e9rica de Cali\u00bb, subrayando la \u00abpasi\u00f3n compartida\u00bb por la \u00abexcelencia\u00bb y \u00abel compromiso de marcar la diferencia\u00bb. Tal declaraci\u00f3n sugiere una aparente visi\u00f3n que va m\u00e1s all\u00e1 del mero patrocinio, apuntando hacia una transformaci\u00f3n integral del club.\r\n\r\n <div class=\"wp-block-image\">\r\n<figure class=\"aligncenter size-large\"><img decoding=\"async\" class=\"wp-image-7423\" src=\"https:\/\/elnoticiero.net\/wp-content\/uploads\/2024\/07\/comunicado-america-de-cali-819x1024.jpg\" alt=\"\" \/><figcaption class=\"wp-element-caption\">Comunicado del Am\u00e9rica de Cali sobre la incorporaci\u00f3n de Carlos Recine y Caltac<\/figcaption><\/figure>\r\n<\/div> \r\n\r\n<strong>Escepticismo y dudas en el entorno futbol\u00edstico <\/strong>\r\n\r\n \r\n\r\nA pesar del tono optimista del comunicado, la noticia ha sido recibida con expectativa, pero tambi\u00e9n con cierto escepticismo por parte de la afici\u00f3n y la prensa deportiva colombiana.\r\n\r\n \r\n\r\nLa incertidumbre ha girado en torno a varios aspectos clave. Ha existido preocupaci\u00f3n sobre c\u00f3mo esta nueva asociaci\u00f3n afectar\u00e1 la identidad y la direcci\u00f3n deportiva del Am\u00e9rica de Cali, un club con una rica historia y tradici\u00f3n.\r\n\r\n \r\n\r\nLa diversidad de sectores en los que opera el Grupo Caltac ha generado dudas sobre su experiencia espec\u00edfica en la gesti\u00f3n de clubes deportivos. Se ha notado que Carlos Recine ha sido quien ha tenido la \u00abvoz cantante\u00bb en esta asociaci\u00f3n, lo que ha llevado a especulaciones sobre el rol exacto que desempe\u00f1ar\u00e1 y su visi\u00f3n para el club.\r\n\r\n \r\n\r\nEl comunicado no proporciona informaci\u00f3n espec\u00edfica sobre los montos de inversi\u00f3n o los planes financieros a largo plazo, lo que alimenta la incertidumbre. Aunque se han mencionado planes para fomentar el deporte juvenil y la sostenibilidad, no han ofrecido detalles concretos sobre c\u00f3mo se llevar\u00e1n a cabo estas iniciativas. Es as\u00ed que la comunidad futbol\u00edstica colombiana ha adoptado una postura de cautela. Y razones hay suficientes, pues una investigaci\u00f3n period\u00edstica, que aqu\u00ed presentamos, ha permitido sacar a la luz una trama de enga\u00f1os de la que han sido objeto tanto empresarios como fan\u00e1ticos deportivos en Colombia.\r\n\r\n \r\n\r\n<strong>La verdad detr\u00e1s del Grupo CALTAC <\/strong>\r\n\r\n \r\n\r\nLas primeras se\u00f1ales de alerta que han surgido sobre el Grupo Caltac, nuevo socio del Am\u00e9rica de Cali, han provenido de las afirmaciones hechas por el propio grupo, en sus redes sociales, sobre su supuesta diversidad de negocios e inversiones a nivel internacional.\r\n\r\n \r\n\r\nSin embargo, las evidencias sugieren una elaborada trama de enga\u00f1os encabezada por el ciudadano venezolano Carlos Recine, de la que ha sido v\u00edctima toda Colombia. Con el prop\u00f3sito de dar una fachada de legitimidad a sus operaciones, Recine cuenta con una serie de perfiles en diferentes redes sociales, algunas orientadas al uso empresarial, en las que presenta logotipos de marcas y fotograf\u00edas de sus supuestos negocios. Sin embargo, una verificaci\u00f3n minuciosa indica que, en su mayor\u00eda, se trata de y negocios inexistentes, algunos de cuyos logos han sido elaborados con plantillas predise\u00f1adas usadas para la creaci\u00f3n de tales insignias.\r\n\r\n \r\n<figure class=\"wp-block-image size-large\"><img decoding=\"async\" class=\"wp-image-7424\" src=\"https:\/\/elnoticiero.net\/wp-content\/uploads\/2024\/07\/loghos3-1024x1024.jpg\" alt=\"\" \/><\/figure>\r\n \r\n<figure class=\"wp-block-image size-large\"><img decoding=\"async\" class=\"wp-image-7425\" src=\"https:\/\/elnoticiero.net\/wp-content\/uploads\/2024\/07\/logo-predisenado-1024x877.jpg\" alt=\"\" \/><figcaption class=\"wp-element-caption\">N\u00f3tese la similitud de una de las supuestas marcas del Grupo Caltac con la imagen de un logotipo ofrecido por el website de im\u00e1genes predise\u00f1adas Seeklogo<\/figcaption><\/figure>\r\n \r\n\r\n<strong>\u00abAIG Private Bank\u00bb: el banco \u00abfake\u00bb de Carlos Recine <\/strong>\r\n\r\n \r\n\r\nEn un perfil empresarial en la plataforma RocketReach, Carlos Recine asegura ser \u00abpropietario\u00bb de \u00abAIG Privat Bank\u00bb en Zurich, Suiza y destaca sus conocimientos b\u00e1sicos en ofim\u00e1tica.\r\n\r\n <div class=\"wp-block-image\">\r\n<figure class=\"aligncenter size-large\"><img decoding=\"async\" class=\"wp-image-7426\" src=\"https:\/\/elnoticiero.net\/wp-content\/uploads\/2024\/07\/recine-bank2-scaled-1-454x1024.jpg\" alt=\"\" \/><\/figure>\r\n<\/div> \r\n\r\n<strong>Perfil de Carlos Recine en RocketReach <\/strong>\r\n\r\n \r\n\r\nSin embargo, la historia del AIG Private Bank es muy diferente a la que presenta Carlos Recine. El AIG Private Bank era una entidad de banca privada que ofrec\u00eda servicios de gesti\u00f3n de patrimonio. En 2008, el AIG Private Bank, que era una divisi\u00f3n de la corporaci\u00f3n multinacional estadounidense American International Group (AIG), se vio afectado significativamente por la crisis global que condujo al colapso de varias instituciones financieras estadounidenses.\r\n\r\n <div class=\"wp-block-image\">\r\n<figure class=\"aligncenter size-large\"><img decoding=\"async\" class=\"wp-image-7427\" src=\"https:\/\/elnoticiero.net\/wp-content\/uploads\/2024\/07\/loghos4-1024x473.jpg\" alt=\"\" \/><figcaption class=\"wp-element-caption\">Logotipos de supuestas compa\u00f1\u00edas del Grupo Caltac<\/figcaption><\/figure>\r\n<\/div> \r\n\r\nAmerican International Group (AIG) tiene una estructura de propiedad descentralizada, con una amplia base de accionistas que incluye fondos de inversi\u00f3n, empresas de inversi\u00f3n, fondos mutuos, y otros inversores institucionales y particulares. El 15 de septiembre de 2008, Standard &amp; Poor\u2019s rebaj\u00f3 la calificaci\u00f3n crediticia de AIG debido a la creciente exposici\u00f3n a p\u00e9rdidas en t\u00edtulos respaldados por hipotecas subprime.\r\n\r\n \r\n\r\nA lo largo de 2008 y 2009, el gobierno de los Estados Unidos proporcion\u00f3 un total de $182 mil millones en apoyo financiero a AIG, incluyendo la compra de acciones preferentes y la creaci\u00f3n de veh\u00edculos de prop\u00f3sito especial para adquirir activos problem\u00e1ticos. En diciembre de 2008, AIG acord\u00f3 vender su subsidiaria AIG Private Bank Ltd., con sede en Z\u00farich, Suiza, a la estatal emirat\u00ed Aabar Investments PJSC, una compa\u00f1\u00eda de inversiones con sede en Abu Dhabi, por $254 millones, m\u00e1s $83 millones en deudas. La transacci\u00f3n se complet\u00f3 el 17 de abril de 2009.\r\n\r\n \r\n\r\nEse mismo a\u00f1o el banco cambi\u00f3 su denominaci\u00f3n y pas\u00f3 a llamarse Falcon Private Bank. Finalmente, el Falcon Private Bank cerr\u00f3 progresivamente sus operaciones en Suiza entre 2021 y 2022. La raz\u00f3n principal detr\u00e1s de esa decisi\u00f3n fue el esc\u00e1ndalo de 1MDB, que involucr\u00f3 a la instituci\u00f3n en actividades de lavado de dinero. Despu\u00e9s de una revisi\u00f3n estrat\u00e9gica, el banco decidi\u00f3 cesar sus operaciones en el sector de banca privada y transferir sus activos y relaciones con clientes a otras instituciones. El Falcon Private Bank fue acusado de canalizar activos procedentes del fraude de 1MDB, un fondo soberano de Malasia.\r\n\r\n \r\n\r\nEl banco fue se\u00f1alado de fallar en implementar controles adecuados para prevenir el lavado de dinero, lo que permiti\u00f3 la transferencia de grandes cantidades de dinero il\u00edcito. Debido a su implicaci\u00f3n en el esc\u00e1ndalo 1MDB, el Falcon Private Bank perdi\u00f3 su licencia bancaria en Singapur en 2016, luego de descubrirse que canaliz\u00f3 fondos a cuentas en Malasia vinculadas al entonces primer ministro malasio Najib Razak. Adicionalmente, Carlos Recine asegura ser propietario de Recine Bank, una entidad de la que no existe ninguna referencia en l\u00ednea, m\u00e1s que la propia aseveraci\u00f3n de Recine.\r\n\r\n \r\n\r\n<strong>Participaci\u00f3n \u00abfake\u00bb en una startup espa\u00f1ola<\/strong>\r\n\r\n \r\n\r\nPero la de AIG Private Bank no es la \u00fanica declaraci\u00f3n \u00abfake\u00bb de Carlos Recine. Tambi\u00e9n en la plataforma de perfiles profesionales y empresariales RocketReach, Recine asegura ser \u00abaccionista\u00bb y \u00abpresidente\u00bb de spikatech.com. En particular, Recine se refiere al sitio web de Spika Tech, una startup tecnol\u00f3gica espa\u00f1ola, cuya CEO es Cristina Zu\u00f1iga Arnaiz, ingeniera industrial especializada en Automatizaci\u00f3n y Electr\u00f3nica.\r\n\r\n <div class=\"wp-block-image\">\r\n<figure class=\"aligncenter size-large\"><img decoding=\"async\" class=\"wp-image-7428\" src=\"https:\/\/elnoticiero.net\/wp-content\/uploads\/2024\/07\/recine-spika3-1024x356.jpg\" alt=\"\" \/><\/figure>\r\n<\/div> \r\n\r\nCristina Zu\u00f1iga Arnaiz es, adem\u00e1s, seg\u00fan el Bolet\u00edn Oficial del Registro Mercantil espa\u00f1ol, la administradora \u00fanica de Spika Tech, compa\u00f1\u00eda que ha realizado innovaciones en el \u00e1rea del monitoreo cardiaco. El registro comercial completo de Spika Tech indica que Recine nunca han sido accionista o director de la startup.\r\n\r\n <div class=\"wp-block-image\">\r\n<figure class=\"aligncenter size-large\"><img decoding=\"async\" class=\"wp-image-7429\" src=\"https:\/\/elnoticiero.net\/wp-content\/uploads\/2024\/07\/Cristina-Zuniga-CEO-de-Spika-Tech2-930x1024.jpg\" alt=\"\" \/><figcaption class=\"wp-element-caption\">Cristina Z\u00fa\u00f1iga, CEO de Spika Tech<\/figcaption><\/figure>\r\n<\/div> <div class=\"wp-block-image\">\r\n<figure class=\"aligncenter size-large is-resized\"><img decoding=\"async\" class=\"wp-image-7430\" src=\"https:\/\/elnoticiero.net\/wp-content\/uploads\/2024\/07\/Cristina-Zuniga-CEO-de-Spika-Tech4-878x1024.jpg\" alt=\"\" \/><figcaption class=\"wp-element-caption\">Cristina Z\u00fa\u00f1iga, administradora \u00fanica de Spika Tech<\/figcaption><\/figure>\r\n<\/div> \r\n\r\n<strong>Las incongruencias de Caltac Petroleum <\/strong>\r\n\r\n \r\n\r\nCarlos Recine se atribuye la propiedad de la empresa Caltac Petroleum Llc, una firma registrada en Nueva York en noviembre de 2022. Sin embargo, saltan a la vista varias dudas sobre su relaci\u00f3n con esa compa\u00f1\u00eda. La primera duda proviene del logo utilizado por la supuesta empresa de Recine en sus redes sociales, en el que figura un n\u00famero telef\u00f3nico terminado en los d\u00edgitos 0200. Una simple b\u00fasqueda de ese n\u00famero en Internet no devuelve ning\u00fan resultado. Sin embargo, una revisi\u00f3n m\u00e1s profunda indica que se trata de un n\u00famero telef\u00f3nico, no de una empresa, sino de un n\u00famero m\u00f3vil de una persona en Ohio y no en Nueva York.\r\n\r\n <div class=\"wp-block-image\">\r\n<figure class=\"aligncenter size-large\"><img decoding=\"async\" class=\"wp-image-7431\" src=\"https:\/\/elnoticiero.net\/wp-content\/uploads\/2024\/07\/caltac-petroleum-1024x684.jpg\" alt=\"\" \/><\/figure>\r\n<\/div> \r\n\r\nEn el logotipo de la supuesta compa\u00f1\u00eda de Recine se indica una direcci\u00f3n en 200 Madison Avenue en Manhattan, en la ciudad de Nueva York, que si bien se trata de un edificio de oficinas, tampoco se corresponde con la direcci\u00f3n de correo de Caltac Petroleum Llc que figura en los registros de compa\u00f1\u00edas de Nueva York, ubicada en otro lugar a m\u00e1s de una milla de all\u00ed, y que coincide con la direcci\u00f3n de una firma que ofrece pr\u00e9stamos a corto plazo garantizados por bienes ra\u00edces.\r\n\r\n <div class=\"wp-block-image\">\r\n<figure class=\"aligncenter size-large\"><img decoding=\"async\" class=\"wp-image-7432\" src=\"https:\/\/elnoticiero.net\/wp-content\/uploads\/2024\/07\/caltac-petroleum-logo-1024x1024.jpg\" alt=\"\" \/><figcaption class=\"wp-element-caption\">Logotipo de Caltac Petroleum Llc en las redes sociales de Caltac<\/figcaption><\/figure>\r\n<\/div> \r\n\r\nEn el portal de \u00abmejores proveedores\u00bb del Ministerio de Comercio, Industria y Turismo de Colombia, Caltac Petroleum Llc es presentada como una empresa de Estados Unidos, con 37 empleados y oficinas en Emiratos \u00c1rabes Unidos, aunque no existen registros que confirmen que esa empresa opera en el pa\u00eds \u00e1rabe.\r\n\r\n \r\n\r\nAll\u00ed mismo la compa\u00f1\u00eda afirma operar en la industria del petr\u00f3leo, particularmente en la \u00abexplotaci\u00f3n\u00bb y \u00abventa de hidrocarburos\u00bb. Pero Caltac no es un nombre \u00fanicamente relacionado con el grupo de compa\u00f1\u00edas atribuido a Carlos Recine, pues incluso en Colombia existe una sociedad comercial denominada Caltac Petroleum S.A.S., registrada en el departamento de Antioquia, en la que su representante es el profesor universitario colombiano Jos\u00e9 Alfredo Guavita Quente, y que declara como actividad econ\u00f3mica la fabricaci\u00f3n de productos de la refinaci\u00f3n del petr\u00f3leo, actividades inmobiliarias y otras actividades deportivas.\r\n\r\n \r\n\r\nEl profesor es adem\u00e1s representante legal de Geteck Gold SAS en Bogot\u00e1, dedicada a la comercializaci\u00f3n de metales. En la sociedad colombiana Caltac Petroleum S.A.S. no figura el nombre de Carlos Recine como accionista. En los Estados Unidos tambi\u00e9n hay o ha habido otras sociedades que incorporan la denominaci\u00f3n Caltac, en las que tampoco figura el nombre de Carlos Recine, con excepci\u00f3n de una en Florida, ahora inactiva, en la que Recine aparec\u00eda como accionista, con direcci\u00f3n en un casillero de una tienda postal en la ciudad de Pembroke Pines.\r\n\r\n \r\n\r\nSe trata de Caltac Investments Llc, que tuvo actividad en Florida entre los a\u00f1os 2021 y 2023. Otro de los directivos de la firma de Florida era Semer Sajim, cuyo nombre coincide con el de un ciudadano de origen \u00e1rabe residenciado en la isla de Margarita, en Venezuela.\r\n\r\n \r\n\r\n<strong>Constituci\u00f3n de Corporaci\u00f3n Caltac: Los inicios en Venezuela de un \u00abholding virtual\u00bb empa\u00f1ado por acusaciones penales <\/strong>\r\n\r\n \r\n\r\nEn un d\u00eda de mayo de 1997, se sentaron las bases de lo que a\u00f1os m\u00e1s tarde se convertir\u00eda en una suerte de \u00abemporio empresarial\u00bb virtual. La Corporaci\u00f3n Caltac de Venezuela C.A. fue registrada oficialmente en el Registro Mercantil de la Circunscripci\u00f3n Judicial del Distrito Federal y Estado Miranda, dando inicio a una trayectoria que eventualmente se ha visto salpicada en Venezuela por casos penales.\r\n\r\n <div class=\"wp-block-image\">\r\n<figure class=\"aligncenter size-large\"><img decoding=\"async\" class=\"wp-image-7433\" src=\"https:\/\/elnoticiero.net\/wp-content\/uploads\/2024\/07\/caltac9-1024x1024.jpg\" alt=\"\" \/><\/figure>\r\n<\/div> \r\n\r\nLos hermanos Jos\u00e9 Antonio y Carlos Luis Recine S\u00e1nchez, junto con otros dos socios, Gerardo Ram\u00f3n Cravino Landaez y Antonino de los \u00c1ngeles Brazao Coelho, constituyeron la empresa con un capital inicial de cinco millones de bol\u00edvares, dividido en cien acciones de cincuenta mil bol\u00edvares cada una.\r\n\r\n \r\n\r\nCada uno de los cuatro socios suscribi\u00f3 veinticinco acciones, estableciendo as\u00ed una distribuci\u00f3n equitativa del capital. La estructura directiva de la naciente corporaci\u00f3n coloc\u00f3 a Carlos Luis Recine S\u00e1nchez como Presidente, mientras que su hermano Jos\u00e9 Antonio ocup\u00f3 el cargo de Director. Esta configuraci\u00f3n inicial sent\u00f3 las bases para el control que los hermanos Recine ejercer\u00edan sobre las operaciones de la empresa en los a\u00f1os subsiguientes.\r\n\r\n \r\n\r\nDebido a\u00fan aparente error tipogr\u00e1fico en su documentaci\u00f3n personal, Jos\u00e9 Antonio llevaba entonces el apellido \u00abResine\u00bb y no Recine, como se escribe correctamente el apellido familiar. El documento constitutivo de Caltac describ\u00eda un ambicioso abanico de actividades comerciales. La empresa se proyectaba como un actor multifac\u00e9tico en el mercado venezolano, con planes para la comercializaci\u00f3n, distribuci\u00f3n, importaci\u00f3n y exportaci\u00f3n de v\u00edveres, art\u00edculos el\u00e9ctricos y electr\u00f3nicos, as\u00ed como repuestos automotrices. Adem\u00e1s, se contemplaba la incursi\u00f3n en la producci\u00f3n de agua mineral, el procesamiento de productos agropecuarios y la construcci\u00f3n civil e industrial.\r\n\r\n \r\n\r\nEsta diversidad de objetivos empresariales, plasmada en el acta constitutiva, podr\u00eda interpretarse retrospectivamente como un indicio de las \u00abambiciones expansionistas\u00bb de los hermanos Recine. La amplitud de las actividades propuestas sugiere una estrategia para establecer una presencia significativa en diversos sectores de la econom\u00eda venezolana. El domicilio de la empresa se estableci\u00f3 en un local del Centro Comercial Bri\u00f3n, en la ruta que conecta Higuerote con Tacarigua, en el Municipio Aut\u00f3nomo Bri\u00f3n del Estado Miranda, a poco m\u00e1s de 100 kil\u00f3metros de Caracas. Es relevante notar que el documento constitutivo otorgaba amplias facultades a la directiva de la empresa.\r\n\r\n \r\n\r\nEl Presidente y el Director, cargos ocupados por los hermanos Recine, ten\u00edan la potestad de representar a la compa\u00f1\u00eda en todas sus relaciones con terceros, incluyendo la capacidad de vender, adquirir y negociar bienes, as\u00ed como solicitar pr\u00e9stamos y ofrecer garant\u00edas. Estas extensas atribuciones, vistas desde la perspectiva actual, parecen haber facilitado las actividades fraudulentas en las que los hermanos Recine se han visto implicados a\u00f1os despu\u00e9s.\r\n\r\n \r\n\r\nLa flexibilidad operativa otorgada por el acta constitutiva pudo haber sido utilizada como un instrumento para llevar a cabo transacciones cuestionables. Lo que comenz\u00f3 como una empresa con objetivos comerciales aparentemente leg\u00edtimos, evolucionar\u00eda con el tiempo hacia actividades que llamaron la atenci\u00f3n de las autoridades en Venezuela y generaron desconfianza en el p\u00fablico.\r\n\r\n \r\n\r\nEl nombre Caltac, que en 1997 representaba las aspiraciones de crecimiento y diversificaci\u00f3n de cuatro socios comerciales, se transformar\u00eda a\u00f1os m\u00e1s tarde en un s\u00edmbolo de pr\u00e1cticas cuestionables. Los hermanos Recine, entonces unos empresarios treinta\u00f1eros en busca de oportunidades en el mercado venezolano, se ver\u00edan posteriormente envueltos en acusaciones de estafa que empa\u00f1ar\u00edan su reputaci\u00f3n y la de la empresa que fundaron.\r\n\r\n \r\n\r\n<strong>Un legado de estafas <\/strong>\r\n\r\n \r\n\r\nEl perfil de Carlos Luis Recine S\u00e1nchez en Venezuela parece ser el de un hombre que, desde hace m\u00e1s de dos d\u00e9cadas, partiendo quiz\u00e1s de una visi\u00f3n psicol\u00f3gica en la que la realidad se combina con la ficci\u00f3n, ha convertido los enga\u00f1os en un modo de vida. Un caso que se remonta al a\u00f1o 1999, involucra en Venezuela una investigaci\u00f3n penal por estafa que originalmente implicaba a un hermano de Jos\u00e9 Antonio Resine.\r\n\r\n \r\n\r\nSin embargo, por razones que a\u00fan no est\u00e1n claras, fue Jos\u00e9 Antonio quien figur\u00f3 en los registros policiales relacionados con dicha investigaci\u00f3n. Seg\u00fan documentos judiciales, la causa fue inicialmente conocida por el Juzgado Trig\u00e9simo S\u00e9ptimo de Primera Instancia en lo Penal de la Circunscripci\u00f3n Judicial del \u00c1rea Metropolitana de Caracas. Posteriormente, el 9 de septiembre de 1999, el caso fue remitido a la Fiscal\u00eda Superior de la misma Circunscripci\u00f3n Judicial.\r\n\r\n \r\n\r\nLa situaci\u00f3n tom\u00f3 un giro cuando, el 20 de abril de 2005, se descubri\u00f3 que el expediente del caso se encontraba extraviado, situaci\u00f3n que denota un posible caso de corrupci\u00f3n judicial que pudo haber tenido como prop\u00f3sito exculpar a los indiciados. Esto llev\u00f3 a Jos\u00e9 Antonio Resine a buscar una resoluci\u00f3n a trav\u00e9s de la Direcci\u00f3n de Proyectos Especiales del Ministerio P\u00fablico, donde se asign\u00f3 al Fiscal Francisco Grajal para investigar el asunto. A pesar de los esfuerzos del Fiscal Grajal, quien solicit\u00f3 en repetidas ocasiones a la Fiscal\u00eda 27 del Ministerio P\u00fablico la remisi\u00f3n del expediente para emitir el correspondiente acto conclusivo, el caso permaneci\u00f3 en un limbo legal.\r\n\r\n \r\n\r\nLa Fiscal 27 manifest\u00f3 que, aunque exist\u00eda un registro del expediente, no lo ten\u00eda f\u00edsicamente. Frustrado por la falta de progreso, el abogado de Resine, Hugo Contreras Molina, interpuso un recurso legal buscando que se instara a la Fiscal\u00eda 27 a emitir el acto conclusivo en la causa seguida contra su cliente. Este recurso fue inicialmente presentado como un Habeas Data, aunque posteriormente la Sala Constitucional del Tribunal Supremo de Justicia de Venezuela lo recalific\u00f3 como un amparo constitucional.\r\n\r\n \r\n\r\n<a href=\"https:\/\/es.scribd.com\/document\/752362208\/Habeas-Data-Jose-Antonio-Resine#download&amp;from_embed\" target=\"_blank\" rel=\"noreferrer noopener\">Download this PDF<\/a>\r\n\r\n \r\n\r\nEs importante destacar que, aunque el caso original involucraba a un hermano de Jos\u00e9 Antonio, no identificado en el recurso de Habeas Data, hechos posteriores sugieren que el hermano en cuesti\u00f3n es Carlos Luis Recine S\u00e1nchez, con quien Jos\u00e9 Antonio hab\u00eda fundado la empresa Corporaci\u00f3n Caltac de Venezuela C.A. en 1997, dos a\u00f1os antes del inicio de la investigaci\u00f3n por estafa. 17 a\u00f1os despu\u00e9s del caso iniciado en 1999, el 7 de octubre de 2016 hubo nuevas noticias sobre Carlos Recine. El Bloque de B\u00fasquedas Caracas del Cuerpo de Investigaciones Cient\u00edficas, Penales y Criminal\u00edsticas (CICPC) confirm\u00f3 en la red social Twitter (ahora X) la detenci\u00f3n del ciudadano Carlos Luis Recine S\u00e1nchez, entonces de 50 a\u00f1os de edad, una vez m\u00e1s, por el delito de estafa. El 5 de octubre del mismo a\u00f1o, la Divisi\u00f3n del CICPC contra bandas criminales hab\u00eda difundido una fotograf\u00eda de Carlos Luis Recine esposado, de espaldas, vistiendo una camisa de color blanco. A la fecha no se conocen las derivaciones del caso, pero se sabe que Recine ha seguido operando con impunidad, en busca de nuevas v\u00edctimas.\r\n\r\n <div class=\"wp-block-image\">\r\n<figure class=\"aligncenter size-large is-resized\"><img decoding=\"async\" class=\"wp-image-7434\" src=\"https:\/\/elnoticiero.net\/wp-content\/uploads\/2024\/07\/RECINE-CICPC2-801x1024.jpg\" alt=\"\" \/><figcaption class=\"wp-element-caption\">Carlos Luis Recine S\u00e1nchez, presidente de la \u00abCorporaci\u00f3n Caltac\u00bb, detenido en Caracas en el 2016, acusado\r\nde estafa.<\/figcaption><\/figure>\r\n<\/div> <div class=\"wp-block-image\">\r\n<figure class=\"aligncenter size-large\"><img decoding=\"async\" class=\"wp-image-7435\" src=\"https:\/\/elnoticiero.net\/wp-content\/uploads\/2024\/07\/RECINE-CICPC-1024x564.jpg\" alt=\"\" \/><figcaption class=\"wp-element-caption\">Carlos Luis Recine S\u00e1nchez, presidente de la \u00abCorporaci\u00f3n Caltac\u00bb, detenido en Caracas en el 2016, acusado\r\nde estafa.<\/figcaption><\/figure>\r\n<\/div> \r\n\r\nEvidencias posteriores indican que las fachadas de Carlos Luis Recine han ido mutando a lo largo de los a\u00f1os. En 2022, una joven, ahora dedicada al modelaje de prendas de vestir en las redes sociales y que tuvo una relaci\u00f3n comercial con Recine, le reclam\u00f3 al hombre el pago de una deuda y la devoluci\u00f3n de objetos con los que el mismo se hab\u00eda quedado. La joven asegur\u00f3 que Recine hab\u00eda sido expulsado de un inmueble en Chacao, municipio de clase media del este de Caracas. La agraviada se quejaba de que Recine, quien utiliza diferentes perfiles en Instagram, tales como @starapex07, @group.sirius o @mossadparis33, hab\u00eda estado evadi\u00e9ndola y hab\u00eda cortado comunicaci\u00f3n con ella.\r\n\r\n <div class=\"wp-block-image\">\r\n<figure class=\"aligncenter size-large\"><img decoding=\"async\" class=\"wp-image-7436\" src=\"https:\/\/elnoticiero.net\/wp-content\/uploads\/2024\/07\/Carlos-Luis-Recine-joven-1024x619.jpg\" alt=\"\" \/><figcaption class=\"wp-element-caption\">Una joven le exige a Carlos Luis Recine, a trav\u00e9s de uno de los perfiles en Instagram de Recine, el pago de una\r\ndeuda y la devoluci\u00f3n de sus pertenencias<\/figcaption><\/figure>\r\n<\/div> \r\n\r\nM\u00e1s enga\u00f1os Carlos Luis Recine cuenta para sus enga\u00f1os con la colaboraci\u00f3n del tambi\u00e9n venezolano Alfredo Jos\u00e9 P\u00e9rez Longa, quien se presenta como \u00abvicepresidente administrativo\u00bb de Caltac Petroleum Llc. Hasta al menos hace unos a\u00f1os, Recine resid\u00eda en el Barrio Jos\u00e9 F\u00e9lix Rivas y P\u00e9rez Longa en El Marqu\u00e9s, ambos en la populosa parroquia Petare del municipio Sucre del estado Miranda, al noreste de Caracas.\r\n\r\n <div class=\"wp-block-image\">\r\n<figure class=\"aligncenter size-large\"><img decoding=\"async\" class=\"wp-image-7437\" src=\"https:\/\/elnoticiero.net\/wp-content\/uploads\/2024\/07\/Alfredo-Perez-Longa-1024x807.jpg\" alt=\"\" \/><figcaption class=\"wp-element-caption\">Alfredo Jos\u00e9 P\u00e9rez Longa, \u00abvicepresidente administrativo\u00bb de la Corporaci\u00f3n Caltac<\/figcaption><\/figure>\r\n<\/div> \r\n\r\nAlfredo Jos\u00e9 P\u00e9rez Longa ha sido uno de los encargados de promover en redes sociales los negocios virtuales de Caltac, incluidos una ficticia compra de la aseguradora La Venezolana de Seguros y Vida C.A. y la adquisici\u00f3n de un parque industrial petroqu\u00edmico en Argentina. Comencemos por el caso de La Venezolana de Seguros. Para promocionar la ficticia adquisici\u00f3n de la aseguradora venezolana por parte de Caltac, en noviembre de 2023, Recine y P\u00e9rez Longa utilizaron una fotograf\u00eda en la que aparecen varias personas alrededor de una mesa, en una reuni\u00f3n, dando a entender que se trata de ejecutivos de Caltac y que en la imagen tambi\u00e9n aparece Carlos Recine. La foto ha sido utilizada por diferentes medios de comunicaci\u00f3n en Colombia, en redes sociales y canales en l\u00ednea, para ilustrar las informaciones sobre el grupo Caltac y para presentar a Recine, aunque sin especificar cu\u00e1l de los hombres que aparecen en la gr\u00e1fica es Recine.\r\n\r\n \r\n\r\nSin embargo, a pesar de la promoci\u00f3n de Recine y P\u00e9rez Longa, tanto la supuesta adquisici\u00f3n como la fotograf\u00eda no han figurado en las redes sociales de La Venezolana de Seguros y Vida C.A. No obstante, hay otro detalle, que lejos de disipar las dudas sobre Recine y su \u00abcorporaci\u00f3n\u00bb, es todav\u00eda m\u00e1s inquietante y arroja m\u00e1s sombras sobre el asunto.\r\n\r\n \r\n\r\nEl misterio de la foto y la relaci\u00f3n con elf\u00fatbol Si bien no est\u00e1 claro el contexto de la foto, cu\u00e1ndo y d\u00f3nde fue tomada y qui\u00e9nes son la mayor\u00eda de las personas que ah\u00ed aparecen, s\u00ed se ha podido identificar a uno de los all\u00ed presentes. Se trata del empresario italovenezolano Jos\u00e9 Leggio Cassara, conocido tambi\u00e9n como Jos\u00e9 \u00abPep\u00e9\u00bb Leggio, quien en octubre de 2020 fue retenido en el aeropuerto de Miami por funcionarios de la DEA, despu\u00e9s que la agencia antidrogas confiscara su avi\u00f3n Hawker 800XP siglas N27FL. Leggio, quien fue posteriormente deportado a M\u00e9xico, fue se\u00f1alado de intentar vender su avi\u00f3n a una persona supuestamente vinculada a la administraci\u00f3n gobernante en Venezuela, en violaci\u00f3n de sanciones estadounidenses. Pero quiz\u00e1s hab\u00eda otras razones para que a Leggio le impidieran el ingreso a los Estados Unidos.\r\n\r\n <div class=\"wp-block-image\">\r\n<figure class=\"aligncenter size-large\"><img decoding=\"async\" class=\"wp-image-7440\" src=\"https:\/\/elnoticiero.net\/wp-content\/uploads\/2024\/07\/caltac-pepe-1-1024x596.jpg\" alt=\"\" \/><figcaption class=\"wp-element-caption\">Jos\u00e9 \u00abPep\u00e9\u00bb Leggio (segundo a la izquierda, vestido de traje y corbata)<\/figcaption><\/figure>\r\n<\/div> <div class=\"wp-block-image\">\r\n<figure class=\"aligncenter size-large\"><img decoding=\"async\" class=\"wp-image-7441\" src=\"https:\/\/elnoticiero.net\/wp-content\/uploads\/2024\/07\/caltac-group-sirious-1024x509.jpg\" alt=\"\" \/><\/figure>\r\n<\/div> \r\n\r\nJos\u00e9 Leggio Cassara es directivo de la empresa Grupo Continental GC, C.A., que seg\u00fan el Registro Nacional de Contratistas de Venezuela, est\u00e1 dedicada a la \u201cexplotaci\u00f3n petrolera en general\u201d. Leggio Cassara es hijo de Francesco Leggio Lo Curto, fallecido en enero de 2013.\r\n\r\n \r\n\r\nLeggio Lo Curto fue fundador en Venezuela de la f\u00e1brica de calzados Paseo y de la Petroqu\u00edmica Sima, un complejo industrial productor de anh\u00eddrido ft\u00e1lico, compuesto utilizado para la fabricaci\u00f3n de resinas alqu\u00eddicas, \u00e9steres plastificantes, resinas poli\u00e9ster y colorantes. Otro detalle curioso es que en Internet no es muy com\u00fan hallar fotograf\u00edas de Jos\u00e9 Leggio Cassara, y en las pocas que se pueden encontrar, el empresario suele aparecer con lentes oscuros, en un aparente gesto de mantener la discreci\u00f3n. Sin embargo, en un par de fotos en las que Leggio Cassara prefiri\u00f3 no usar los lentes de sol, fue en las que alguna vez se tom\u00f3 con Diego Armando Maradona y con Mat\u00edas Morla y Eduardo Rodr\u00edguez, quienes fuesen abogados en Estados Unidos del ahora fallecido exastro del futbol.\r\n\r\n \r\n\r\nLa foto con Maradona es especialmente reveladora, pues en ella Leggio aparece abrazado tambi\u00e9n con Valerio Antonini, empresario originario de Roma, Italia, dedicado al comercio internacional de materias primas y fundador de Quanton Commodities Ltd, una empresa de comercio agr\u00edcola especializada en cereales, caf\u00e9 y cacao, con presencia internacional en m\u00e1s de 20 pa\u00edses. Valerio Antonini fue director de operaciones de Casillo Group, un grupo italiano propiedad de la familia Casillo, dedicado al procesamiento y distribuci\u00f3n internacional de trigo y otras materias primas.\r\n\r\n \r\n\r\n&nbsp;\r\n\r\n <div class=\"wp-block-image\">\r\n<figure class=\"aligncenter size-large\"><img decoding=\"async\" class=\"wp-image-7442\" src=\"https:\/\/elnoticiero.net\/wp-content\/uploads\/2024\/07\/Valerio-Antonini-Jose-Pepe-Leggio-Cassara-y-Diego-Armando-Maradona-1024x576.jpg\" alt=\"\" \/><figcaption class=\"wp-element-caption\">Valerio Antonini, Jos\u00e9 Pepe Leggio Cassara y Diego Armando Maradona<\/figcaption><\/figure>\r\n<\/div> <div class=\"wp-block-image\">\r\n<figure class=\"aligncenter size-large\"><img decoding=\"async\" class=\"wp-image-7443\" src=\"https:\/\/elnoticiero.net\/wp-content\/uploads\/2024\/07\/Matias-Morla-Eduardo-Rodriguez-Jose-Leggio-Cassara-849x1024.jpg\" alt=\"\" \/><figcaption class=\"wp-element-caption\">Los abogados Mat\u00edas Morla y Eduardo Rodr\u00edguez en compa\u00f1\u00eda del empresario Jos\u00e9 Leggio Cassara<\/figcaption><\/figure>\r\n<\/div> \r\n\r\nValerio Antonini conoci\u00f3 a Maradona en 2002 a trav\u00e9s de amigos en com\u00fan. En 2012, mientras trabajaba como director de comercio de materias primas en Casillo Commodities Italia Spa, Antonini propuso una empresa conjunta entre Casillo Group y Maradona para aprovechar las diversas conexiones pol\u00edticas del exfutbolista en Am\u00e9rica Latina.\r\n\r\n \r\n\r\nEn ese momento, Maradona presentaba programas de telerrealidad en Dub\u00e1i tras su despido del club Al Wasl de los Emiratos \u00c1rabes Unidos. Antonini le propuso al argentino una asociaci\u00f3n mutuamente beneficiosa. A cambio de que Maradona actuara como intermediario para Casillo Group en Am\u00e9rica Latina, Antonini le ofreci\u00f3 a Maradona una comisi\u00f3n de 5 d\u00f3lares por tonelada m\u00e9trica sobre las materias primas comercializadas en virtud de los acuerdos.\r\n\r\n \r\n\r\nEntre 2015 y 2018, Maradona y Antonini firmaron al menos 23 contratos con Corpovex, una empresa estatal venezolana de log\u00edstica, que durante a\u00f1os ha estado rodeada de esc\u00e1ndalo de corrupci\u00f3n. Esta empresa comercial consigui\u00f3 casi 1.500 millones de d\u00f3lares a cambio de suministros de ma\u00edz y otras materias primas. La comisi\u00f3n de Maradona en estos acuerdos hizo que su riqueza superara las ganancias obtenidas durante su carrera profesional en el f\u00fatbol, con comisiones que alcanzaban los 300.000 d\u00f3lares por mes. Al mismo tiempo, la carrera de Antonini recibi\u00f3 un impulso significativo, pues las ganancias del grupo Casillo continuaron benefici\u00e1ndose del acuerdo. Y tal parece que de esas relaciones con Maradona tambi\u00e9n consigui\u00f3 beneficiarse de alg\u00fan modo Jos\u00e9 \u00abPep\u00e9\u00bb Leggio. Tal vez ello explique tambi\u00e9n el f\u00e9rreo apoyo que, durante a\u00f1os, Maradona le brind\u00f3 tanto al exmandatario venezolano Hugo Ch\u00e1vez como a su sucesor, Nicol\u00e1s Maduro.\r\n\r\n \r\n\r\nValerio Antonini es en la actualidad presidente y propietario del Football Club Trapani 1905, un club de f\u00fatbol italiano con sede en la ciudad de Trapani, Sicilia, de donde es oriunda la esposa de Antonini. El propio Antonini ha confesado que su pasi\u00f3n por el f\u00fatbol se debe a su a\u00f1eja amistad con Maradona. Pero volviendo al tema de Carlos Recine, aunque no est\u00e1 claro de d\u00f3nde Recine obtuvo la fotograf\u00eda de Jos\u00e9 \u00abPep\u00e9\u00bb Leggio en una aparente reuni\u00f3n de negocios, y a pesar de la acostumbrada discreci\u00f3n de Leggio, tal vez Recine ha intentado imitar a Leggio y sus negocios, convirti\u00e9ndolo en su patr\u00f3n a seguir, eso si no es que en realidad ha tenido alg\u00fan tipo de trato con Leggio. En todo caso, el hecho de que Recine utilice una fotograf\u00eda de Leggio para promocionar a su \u00abcorporaci\u00f3n\u00bb Caltac, resulta por s\u00ed solo sospechoso y comprometedor para Recine.\r\n\r\n \r\n\r\n<strong>La ficticia adquisici\u00f3n de un \u00abParque Industrial Petroqu\u00edmico\u00bb en Argentina <\/strong>\r\n\r\n \r\n\r\nEn otra de las imaginativas afirmaciones de Recine y su Corporaci\u00f3n Caltac, se atribuyen la adquisici\u00f3n de un \u00abParque Industrial Petroqu\u00edmico\u00bb en Niuquen, Argentina, destinado a la \u00abexpansi\u00f3n del sector petrolero mundial\u00bb, afirmaci\u00f3n que denota su desconocimiento sobre las diferencias entre la industria petrolera y petroqu\u00edmica, eso sin incluir que el nombre correcto de la provincia es Neuqu\u00e9n y no Niuquen, como indican Recine y Caltac en redes sociales.\r\n\r\n \r\n\r\nLa provincia de Neuqu\u00e9n en Argentina cuenta con un Parque Industrial Petroqu\u00edmico ubicado en Plaza Huincul. Este parque industrial es conocido como el Complejo Industrial Plaza Huincul (CIPH) y se encuentra en la Ruta Nacional 22, Km. 1298, en la ciudad de Plaza Huincul, Neuqu\u00e9n.\r\n\r\n <div class=\"wp-block-image\">\r\n<figure class=\"aligncenter size-large\"><img decoding=\"async\" class=\"wp-image-7444\" src=\"https:\/\/elnoticiero.net\/wp-content\/uploads\/2024\/07\/vaca-muerta-argentina-1024x572.jpg\" alt=\"\" \/><figcaption class=\"wp-element-caption\">Compra de \u00abParque Industrial Petroqu\u00edmico\u00bb en Argentina, seg\u00fan Carlos Recine<\/figcaption><\/figure>\r\n<\/div> \r\n\r\nEl Complejo Industrial Plaza Huincul (CIPH) es propiedad de YPF S.A. (Yacimientos Petrol\u00edferos Fiscales S.A.), una empresa estatal argentina que se encarga de la explotaci\u00f3n y producci\u00f3n de hidrocarburos en Argentina. Yacimientos Petrol\u00edferos Fiscales S.A. controla la mayor parte de la formaci\u00f3n petrolera Vaca Muerta y aunque cuenta con algunos socios, incluidos grandes compa\u00f1\u00edas transnacionales, ninguno es Corporaci\u00f3n Caltac.\r\n\r\n \r\n\r\n<strong>Otras invenciones de Recine y Caltac <\/strong>\r\n\r\n \r\n\r\nProducto quiz\u00e1s de las acusaciones penales de las que ya hab\u00eda sido objeto o tal vez para prop\u00f3sitos inconfesables, hace m\u00e1s de una d\u00e9cada y durante una \u00e9poca, Carlos Recine se hac\u00eda llamar \u00c1ngel Troconis y se autoproclamaba chavista. Alrededor del a\u00f1o 2012 resid\u00eda en los alrededores de R\u00edo Chico, en el estado Miranda, a m\u00e1s de 30 kil\u00f3metros de la zona pr\u00f3xima a Higuerote donde en el a\u00f1o 1997 hab\u00eda creado su \u00abCorporaci\u00f3n Caltac\u00bb. Ya en 2012 aseguraba que planeaba poner en funcionamiento una posada a la orilla de la playa, que estar\u00eda ubicada en el Golfo de Santa Fe, entre las ciudades de Puerto La Cruz y Cuman\u00e1, en el Oriente venezolano. En 2011, Recine afirmaba que hab\u00eda estado en el exterior, antes de regresar a Venezuela, y que en ese entonces hab\u00eda logrado reclutar a \u00abasociados\u00bb en Brasil, Espa\u00f1a, Polonia, Aruba, Curazao, Bonaire e Italia.\r\n\r\n \r\n\r\nVideo creado por Caltac, utilizando inteligencia artificial, en el que expone sus falsas inversiones Para dar una apariencia de legitimidad a sus actividades, entre los a\u00f1os 2021 y 2022, Recine oper\u00f3 el website caltacglobal.com, mismo que permaneci\u00f3 durante buena parte de su tiempo \u00aben construcci\u00f3n\u00bb. Posteriormente, en 2022 cre\u00f3 caltacpetroleum.com, cuyo sitio se encuentra tambi\u00e9n inactivo, a pesar de que su dominio todav\u00eda permanece activo.\r\n\r\n <div class=\"wp-block-image\">\r\n<figure class=\"aligncenter size-large is-resized\"><img decoding=\"async\" class=\"wp-image-7447\" src=\"https:\/\/elnoticiero.net\/wp-content\/uploads\/2024\/07\/caltac-dubai-1-1024x875.jpg\" alt=\"\" \/><figcaption class=\"wp-element-caption\">Supuesto equipo de Caltac en Dub\u00e1i, seg\u00fan las redes sociales de Carlos Recine. N\u00f3tese el hombre de traje a la\r\nderecha de la foto.<\/figcaption><\/figure>\r\n<\/div> \r\n\r\nCon mucho af\u00e1n y sin explicar el contexto, Recine ha promocionado fotograf\u00edas del supuesto equipo de Caltac en Dub\u00e1i. Sin embargo, lo cierto es que quienes aparecen en las fotograf\u00edas forman parte de un grupo de personas dedicadas al negocio inmobiliario y de bienes ra\u00edces en Emiratos \u00c1rabes Unidos. Entre ellos, a la derecha de la foto, destaca Tariq Jarrar, cofundador de la compa\u00f1\u00eda Devmark y especialista en la capacitaci\u00f3n de corredores de bienes ra\u00edces en el pa\u00eds \u00e1rabe. Una vez m\u00e1s, tanto Jarrar como las dem\u00e1s personas de la fotograf\u00eda, no trabajan para una corporaci\u00f3n denominada Caltac.\r\n\r\n <div class=\"wp-block-image\">\r\n<figure class=\"aligncenter size-large\"><img decoding=\"async\" class=\"wp-image-7448\" src=\"https:\/\/elnoticiero.net\/wp-content\/uploads\/2024\/07\/Tariq-Jarrar-cofundador-de-la-compania-Devmark-1024x1024.jpg\" alt=\"\" \/><figcaption class=\"wp-element-caption\">Tariq Jarrar, cofundador de la compa\u00f1\u00eda Devmark, no relacionado con Caltac.<\/figcaption><\/figure>\r\n<\/div> \r\n\r\nIncluso la documentaci\u00f3n de Corporaci\u00f3n Caltac de Venezuela C.A. que obra ante el portal de \u00abmejores proveedores\u00bb del Ministerio de Comercio, Industria y Turismo de Colombia, presenta discrepancias. Mientras que, por un lado, muestra el acta constitutiva de Corporaci\u00f3n Caltac de Venezuela C.A., por el otro, presenta una certificaci\u00f3n de declaraci\u00f3n de impuestos sobre la renta de Corporac Caltac de Vzla CA, otra entidad, que aunque con un nombre similar, es diferente a la empresa creada en 1997.\r\n\r\n <div class=\"wp-block-image\">\r\n<figure class=\"aligncenter size-large\"><img decoding=\"async\" class=\"wp-image-7449\" src=\"https:\/\/elnoticiero.net\/wp-content\/uploads\/2024\/07\/2Caltac-Cessna-EV-0690-1024x570.jpg\" alt=\"\" \/><figcaption class=\"wp-element-caption\">Captura de video de avioneta Cessna EV-0690 en perfil de Instagram de Carlos Recine y su Grupo Caltac<\/figcaption><\/figure>\r\n<\/div> \r\n\r\nOtro hecho que merece especial atenci\u00f3n es c\u00f3mo Recine y Caltac se ufanaban en 2022 de poseer una avioneta Cessna, matr\u00edcula EV-0690 para sus supuestos viajes por distintas ciudades de Venezuela. Resulta curioso que alguien que dice tener una incalculable fortuna, posea semejante antig\u00fcedad para sus desplazamientos. Pero a\u00fan m\u00e1s curioso es que la avioneta forma parte de la flota de aeronaves del Ej\u00e9rcito venezolano, algo distintivo por sus siglas EV.\r\n\r\n \r\n\r\nEn junio de 2023, Caltac anunciaba que estaba en proceso de construir una termoel\u00e9ctrica que generar\u00eda 17 megavatios, para lo cual mostraba en las redes sociales una imagen de Termobarranca. Termobarranca era una planta de generaci\u00f3n de energ\u00eda el\u00e9ctrica ubicada en el departamento de Santander. Fue operada por la Electrificadora de Santander (ESSA) y estuvo en funcionamiento durante 45 a\u00f1os. Sin embargo, en 2016, ESSA decidi\u00f3 cerrar las operaciones de la planta debido a que su tecnolog\u00eda se hab\u00eda vuelto obsoleta y ya no era rentable.\r\n\r\n \r\n<figure class=\"wp-block-image size-large\"><img decoding=\"async\" class=\"wp-image-7450\" src=\"https:\/\/elnoticiero.net\/wp-content\/uploads\/2024\/07\/termobarranca-1024x606.jpg\" alt=\"\" \/><\/figure>\r\n \r\n\r\nOtro de los desatinos de Caltac es su supuesto \u00abBitcoin\u00bb, que entrar\u00eda en funcionamiento en Venezuela el 15 de enero de 2022, \u00abautorizado por blockchain\u00bb. Est\u00e1 de m\u00e1s decir que el \u00abBitcoin Caltac\u00bb nunca ha existido como criptomoneda y que la \u00abblockchain\u00bb no es una entidad que se encargue de autorizar el lanzamiento de nuevos criptoactivos, sin mencionar que Bitcoin es una criptomoneda descentralizada y no depende de una autorizaci\u00f3n para operar.\r\n\r\n \r\n<figure class=\"wp-block-image size-large\"><img decoding=\"async\" class=\"wp-image-7451\" src=\"https:\/\/elnoticiero.net\/wp-content\/uploads\/2024\/07\/caltac-cripto-2-1024x500.jpg\" alt=\"\" \/><\/figure>\r\n \r\n<figure class=\"wp-block-image size-large\"><img decoding=\"async\" class=\"wp-image-7452\" src=\"https:\/\/elnoticiero.net\/wp-content\/uploads\/2024\/07\/caltac-cripto-1-1024x513.jpg\" alt=\"\" \/><\/figure>\r\n \r\n\r\nM\u00e1s delirante todav\u00eda, fue la entrevista que Carlos Recine, en calidad de nuevo accionista del Am\u00e9rica de Cali, le concedi\u00f3 al podcast deportivo colombiano \u00abZona Libre de Humo\u00bb, en el que adem\u00e1s de presentarse como un hombre corriente y altanero \u2013 a pesar de su supuesta carrera profesional en Venezuela en la Universidad Francisco de Miranda- y de describirse a s\u00ed mismo como un mas\u00f3n grado 33, hijo de sicilianos, denot\u00f3 ignorancia sobre el negocio del f\u00fatbol, y sobre el negocio petrolero con el que dice haberse hecho rico, soltando declaraciones como la de \u00aba m\u00ed el dinero no me para\u2026\u00bb, \u00abvoy a los pozos petroleros\u2026\u00bb o, refiri\u00e9ndose a la inversi\u00f3n que su \u00abcorporaci\u00f3n\u00bb planea hacer en el club de f\u00fatbol colombiano, como \u00abla organizaci\u00f3n tiene dinero para eso \u00bfCu\u00e1ntos barriles de petr\u00f3leo tenemos que vender?, cual si se tratara del \u00abdue\u00f1o\u00bb de los pozos petroleros. Eso adem\u00e1s de hablar de la \u00abindiosincrasia\u00bb del club -no de la idiosincrasia-. Recine tambi\u00e9n se mostr\u00f3 retador ante las preguntas inc\u00f3modas de los entrevistadores y dijo que el 31 de julio viajar\u00eda a Cali y que llevaba un a\u00f1o negociando con Tulio G\u00f3mez Giraldo, m\u00e1ximo accionista del Am\u00e9rica de Cali, a quien se hab\u00eda acercado, pero quien en principio hab\u00eda sido reticente a sus propuestas. En la entrevista; sin embargo, Recine no coment\u00f3 sobre sus antecedentes penales por estafa.\r\n\r\n \r\n<h2 class=\"wp-block-heading\"><strong>\u00bfHermano detective o administrador?<\/strong><\/h2>\r\n \r\n\r\nEn la entrevista para \u00abZona Libre de Humo\u00bb, Carlos Recine asegur\u00f3 que su hermano Jos\u00e9 Antonio era el \u00abadministrador\u00bb de sus negocios. Sin embargo, las actividades de Jos\u00e9 Antonio Recine S\u00e1nchez distan mucho de ser la del administrador de una gigantesca corporaci\u00f3n como la que Carlos Recine afirma poseer.\r\n\r\n <div class=\"wp-block-image\">\r\n<figure class=\"aligncenter size-large\"><img decoding=\"async\" class=\"wp-image-7453\" src=\"https:\/\/elnoticiero.net\/wp-content\/uploads\/2024\/07\/jose-antonio-recine-1-1024x794.jpg\" alt=\"\" \/><figcaption class=\"wp-element-caption\">Jos\u00e9 Antonio Recine<\/figcaption><\/figure>\r\n<\/div> \r\n\r\nJos\u00e9 Antonio se presenta a s\u00ed mismo como detective privado, afirmando controlar o ser representante de distintas organizaciones parapoliciales, como Lapol (agencia de inteligencia cibern\u00e9tica con actividad en Rep\u00fablica Dominicana); Investigaciones Privadas Recine; Recine, Carre\u00f1o &amp; Asociados (escritorio jur\u00eddico); International Police Alliance (IPA) o Corporaci\u00f3n Caltac Security &amp; Consultancy, entre otras poco conocidas. Con dudosa credibilidad, Jos\u00e9 Antonio Recine asegura haber trabajado en Caracas en el antes conocido como distrito Sucre, particularmente en la Divisi\u00f3n de Inteligencia de la Polic\u00eda Metropolitana, una extinta polic\u00eda represiva m\u00e1s que investigativa, varias veces se\u00f1alada por violaciones a los Derechos Humanos.\r\n\r\n \r\n\r\nJos\u00e9 Antonio tambi\u00e9n asegura prestar servicios tanto en Venezuela, como en Rep\u00fablica Dominicana, fotografi\u00e1ndose en ocasiones en la embajada dominicana en Caracas.\r\n\r\n <div class=\"wp-block-image\">\r\n<figure class=\"aligncenter size-large\"><img decoding=\"async\" class=\"wp-image-7454\" src=\"https:\/\/elnoticiero.net\/wp-content\/uploads\/2024\/07\/Jose-Antonio-Recine-y-Gregorio-Pantaleon-Taveras-970x1024.jpg\" alt=\"\" \/><figcaption class=\"wp-element-caption\">Jos\u00e9 Antonio Recine y Gregorio Pantale\u00f3n Taveras, ministro consejero de la embajada dominicana en\r\nVenezuela<\/figcaption><\/figure>\r\n<\/div> \r\n\r\nEn el a\u00f1o 2021, Jos\u00e9 Antonio Recine y Jacob Simon registraron en Florida la corporaci\u00f3n sin fines de lucro \u00abIntelligence Service of The Criminal Police Organization of The Americas\u00bb, que estuvo activa solo hasta 2022. Jacob Simon es un empresario haitiano que, en Rep\u00fablica Dominicana, controla Lapol (agencia de inteligencia cibern\u00e9tica) y que ha estado relacionado con el registro de otras firmas tanto en Estados Unidos como en Reino Unido.\r\n\r\n <div class=\"wp-block-image\">\r\n<figure class=\"aligncenter size-large\"><img decoding=\"async\" class=\"wp-image-7455\" src=\"https:\/\/elnoticiero.net\/wp-content\/uploads\/2024\/07\/puros-recine-1024x1024.jpg\" alt=\"\" \/><figcaption class=\"wp-element-caption\">Puros Pedro Marcelino promocionados por los hermanos Recine como \u00abHabanos Recine Marcelino\u00bb<\/figcaption><\/figure>\r\n<\/div> \r\n\r\nAmbos hermanos Recine afirman tener en suelo dominicano una tabacalera denominada Puros Recine Marcelino. Sin embargo, se trata de la manufactura \u00abP. Marcelino Cigars S,R,L,\u00bb (Pedro Marcelino Cigars) de la que no existen registros que certifiquen que los hermanos sean propietarios. Es importante destacar que si bien Jos\u00e9 Antonio Recine suele promocionar su Corporaci\u00f3n Caltac, al menos de manera p\u00fablica no ha reconocido alguna participaci\u00f3n en las negociaciones con el Am\u00e9rica de Cali, m\u00e1s all\u00e1 de la que su hermano Carlos le ha atribuido.\r\n\r\n <div class=\"wp-block-image\">\r\n<figure class=\"aligncenter size-large\"><img decoding=\"async\" class=\"wp-image-7456\" src=\"https:\/\/elnoticiero.net\/wp-content\/uploads\/2024\/07\/puros-marcelino-1024x656.jpg\" alt=\"\" \/><figcaption class=\"wp-element-caption\">Puros Pedro Marcelino Cigars originales manufacturados en Rep\u00fablica Dominicana<\/figcaption><\/figure>\r\n<\/div> \r\n\r\nPor:<a href=\"https:\/\/www.ciudadgoticanews.com\/index.php\/2024\/07\/21\/escandalo-en-colombia-como-el-exreo-italovenezolano-carlos-luis-recine-sanchez\/\"> CGNews<\/a>\r\n\r\n","protected":false},"excerpt":{"rendered":"<p>En un movimiento que ha prometido marcar un antes y un despu\u00e9s en la historia del club, Am\u00e9rica de Cali, uno de los equipos de [&hellip;]<\/p>\n","protected":false},"author":2,"featured_media":3229,"comment_status":"open","ping_status":"open","sticky":false,"template":"","format":"standard","meta":{"h5ap_radio_sources":[],"_FSMCFIC_featured_image_caption":"","_FSMCFIC_featured_image_nocaption":"","_FSMCFIC_featured_image_hide":"","_jetpack_memberships_contains_paid_content":false,"footnotes":""},"categories":[2],"tags":[],"class_list":["post-3227","post","type-post","status-publish","format-standard","has-post-thumbnail","hentry","category-venezuela"],"aioseo_notices":[],"jetpack_featured_media_url":"https:\/\/nuevaprensaamerica.com\/wp-content\/uploads\/2024\/07\/Sin-titulo-17-150x150-1.webp","jetpack_sharing_enabled":true,"_links":{"self":[{"href":"https:\/\/nuevaprensaamerica.com\/index.php\/wp-json\/wp\/v2\/posts\/3227","targetHints":{"allow":["GET"]}}],"collection":[{"href":"https:\/\/nuevaprensaamerica.com\/index.php\/wp-json\/wp\/v2\/posts"}],"about":[{"href":"https:\/\/nuevaprensaamerica.com\/index.php\/wp-json\/wp\/v2\/types\/post"}],"author":[{"embeddable":true,"href":"https:\/\/nuevaprensaamerica.com\/index.php\/wp-json\/wp\/v2\/users\/2"}],"replies":[{"embeddable":true,"href":"https:\/\/nuevaprensaamerica.com\/index.php\/wp-json\/wp\/v2\/comments?post=3227"}],"version-history":[{"count":1,"href":"https:\/\/nuevaprensaamerica.com\/index.php\/wp-json\/wp\/v2\/posts\/3227\/revisions"}],"predecessor-version":[{"id":3228,"href":"https:\/\/nuevaprensaamerica.com\/index.php\/wp-json\/wp\/v2\/posts\/3227\/revisions\/3228"}],"wp:featuredmedia":[{"embeddable":true,"href":"https:\/\/nuevaprensaamerica.com\/index.php\/wp-json\/wp\/v2\/media\/3229"}],"wp:attachment":[{"href":"https:\/\/nuevaprensaamerica.com\/index.php\/wp-json\/wp\/v2\/media?parent=3227"}],"wp:term":[{"taxonomy":"category","embeddable":true,"href":"https:\/\/nuevaprensaamerica.com\/index.php\/wp-json\/wp\/v2\/categories?post=3227"},{"taxonomy":"post_tag","embeddable":true,"href":"https:\/\/nuevaprensaamerica.com\/index.php\/wp-json\/wp\/v2\/tags?post=3227"}],"curies":[{"name":"wp","href":"https:\/\/api.w.org\/{rel}","templated":true}]}}