{"id":3243,"date":"2024-06-10T17:41:08","date_gmt":"2024-06-10T17:41:08","guid":{"rendered":"https:\/\/nuevaprensaamerica.com\/?p=3243"},"modified":"2024-07-23T17:57:57","modified_gmt":"2024-07-23T17:57:57","slug":"conoce-al-modelo-mexicano-armando-parra-que-esta-conquistando-las-pasarelas-en-europa","status":"publish","type":"post","link":"https:\/\/nuevaprensaamerica.com\/index.php\/2024\/06\/10\/conoce-al-modelo-mexicano-armando-parra-que-esta-conquistando-las-pasarelas-en-europa\/","title":{"rendered":"Conoce al modelo mexicano Armando Parra que est\u00e1 conquistando las pasarelas en Europa"},"content":{"rendered":"\r\n\r\n<strong>Armando Parra<\/strong>\u00a0es la nueva sensaci\u00f3n de las pasarelas en Europa.\u00a0El modelo mexicano que est\u00e1 conquistando el mundo de la moda, primero con campa\u00f1as y desfiles nacionales, y ahora haciendo su sue\u00f1o realidad en el viejo continente y la cuna de la moda. Debut\u00f3 en\u00a0<strong>Versace<\/strong>\u00a0para la pasarela de primavera-verano 2023, y en la que luci\u00f3 un saco con estampado de leopardo, pantalones, charol y pelo verde al estilo Joker.\r\n\r\n \r\n\r\nAhora volvemos a verlo en el marco del mes de la moda\u00a0<em>menswear<\/em>\u00a0y desfilando para las firmas m\u00e1s exclusivas del mundo. Esta temporada no solo fue parte del elenco para\u00a0<strong>Zegna<\/strong>\u00a0y\u00a0<strong>Undercover<\/strong>, sino que tambi\u00e9n camin\u00f3 para\u00a0<strong>Iceberg<\/strong>\u00a0y\u00a0<strong>Homme Pliss\u00e9 Issey Miyake<\/strong>.\r\n\r\n \r\n\r\nEn Zegna, el mexicano cautiv\u00f3 abriendo la pasarela de la firma portando un traje con estampado ligeramente caleidosc\u00f3pico y en combinaci\u00f3n de negro y\u00a0<em>burgundy<\/em>. Para Undercover, lo vimos en dos\u00a0<em>looks<\/em>\u00a0distintos, pero que muestran la est\u00e9tica japonesa y de\u00a0<em>streetwear<\/em>\u00a0que caracteriza a la marca.\r\n\r\n \r\n\r\nNo solo han sido las pasarelas lo que han puesto a Armando en el ojo de los creativos y directores de casting m\u00e1s importantes de la industria. Tambi\u00e9n su aparici\u00f3n en editoriales de revistas aclamadas, y su propio estilo y est\u00e9tica que profesa en Instagram, ayudaron a que el tapat\u00edo se haya ganado un merecido lugar.\r\n\r\n \r\n\r\nLa pregunta ahora es, \u00bfen qu\u00e9 campa\u00f1a lo veremos pr\u00f3ximamente? Nada nos dar\u00eda m\u00e1s orgullo que ver a Armando Parra en todos los rincones de las capitales de la moda como protagonista de una temporada.\r\n\r\n \r\n\r\n&nbsp;\r\n\r\n \r\n\r\n&nbsp;\r\n\r\n","protected":false},"excerpt":{"rendered":"<p>Armando Parra\u00a0es la nueva sensaci\u00f3n de las pasarelas en Europa.\u00a0El modelo mexicano que est\u00e1 conquistando el mundo de la moda, primero con campa\u00f1as y desfiles [&hellip;]<\/p>\n","protected":false},"author":2,"featured_media":3245,"comment_status":"open","ping_status":"open","sticky":false,"template":"","format":"standard","meta":{"h5ap_radio_sources":[],"_FSMCFIC_featured_image_caption":"","_FSMCFIC_featured_image_nocaption":"","_FSMCFIC_featured_image_hide":"","_jetpack_memberships_contains_paid_content":false,"footnotes":""},"categories":[5],"tags":[],"class_list":["post-3243","post","type-post","status-publish","format-standard","has-post-thumbnail","hentry","category-internacionales"],"aioseo_notices":[],"jetpack_featured_media_url":"https:\/\/nuevaprensaamerica.com\/wp-content\/uploads\/2024\/07\/Sin-titulo-9.png","jetpack_sharing_enabled":true,"_links":{"self":[{"href":"https:\/\/nuevaprensaamerica.com\/index.php\/wp-json\/wp\/v2\/posts\/3243","targetHints":{"allow":["GET"]}}],"collection":[{"href":"https:\/\/nuevaprensaamerica.com\/index.php\/wp-json\/wp\/v2\/posts"}],"about":[{"href":"https:\/\/nuevaprensaamerica.com\/index.php\/wp-json\/wp\/v2\/types\/post"}],"author":[{"embeddable":true,"href":"https:\/\/nuevaprensaamerica.com\/index.php\/wp-json\/wp\/v2\/users\/2"}],"replies":[{"embeddable":true,"href":"https:\/\/nuevaprensaamerica.com\/index.php\/wp-json\/wp\/v2\/comments?post=3243"}],"version-history":[{"count":1,"href":"https:\/\/nuevaprensaamerica.com\/index.php\/wp-json\/wp\/v2\/posts\/3243\/revisions"}],"predecessor-version":[{"id":3244,"href":"https:\/\/nuevaprensaamerica.com\/index.php\/wp-json\/wp\/v2\/posts\/3243\/revisions\/3244"}],"wp:featuredmedia":[{"embeddable":true,"href":"https:\/\/nuevaprensaamerica.com\/index.php\/wp-json\/wp\/v2\/media\/3245"}],"wp:attachment":[{"href":"https:\/\/nuevaprensaamerica.com\/index.php\/wp-json\/wp\/v2\/media?parent=3243"}],"wp:term":[{"taxonomy":"category","embeddable":true,"href":"https:\/\/nuevaprensaamerica.com\/index.php\/wp-json\/wp\/v2\/categories?post=3243"},{"taxonomy":"post_tag","embeddable":true,"href":"https:\/\/nuevaprensaamerica.com\/index.php\/wp-json\/wp\/v2\/tags?post=3243"}],"curies":[{"name":"wp","href":"https:\/\/api.w.org\/{rel}","templated":true}]}}