{"id":3256,"date":"2024-07-23T20:43:34","date_gmt":"2024-07-23T20:43:34","guid":{"rendered":"https:\/\/nuevaprensaamerica.com\/?p=3256"},"modified":"2024-07-23T20:43:55","modified_gmt":"2024-07-23T20:43:55","slug":"de-falso-testigo-de-uribe-a-nuevo-lider-del-clan-del-golfo","status":"publish","type":"post","link":"https:\/\/nuevaprensaamerica.com\/index.php\/2024\/07\/23\/de-falso-testigo-de-uribe-a-nuevo-lider-del-clan-del-golfo\/","title":{"rendered":"De falso testigo de Uribe a nuevo l\u00edder del Clan del Golfo: el resurgir criminal de &#8220;Sim\u00f3n Fantasma&#8221; en Antioquia"},"content":{"rendered":"<p>Una serie de informes confidenciales ha sacado a la luz un audaz plan del Clan del Golfo para extender su dominio sobre la regi\u00f3n que anteriormente controlaba el Bloque Metro de los paramilitares. La investigaci\u00f3n, fruto de una colaboraci\u00f3n entre Revista RAYA y Se\u00f1al Colombia, denominada <a href=\"https:\/\/revistaraya.com\/falso-testigo-de-uribe-comanda-expansion-de-clan-del-golfo-en-antioquia-informe-de-inteligencia-militar.html\" target=\"_blank\" rel=\"noopener\">Se\u00f1al Investigativa<\/a>, ha logrado acceder a cuatro documentos reservados que detallan esta estrategia de expansi\u00f3n criminal.<\/p>\n<p>El epicentro de esta revelaci\u00f3n fue una reuni\u00f3n clandestina celebrada el 7 de abril de 2024, en un apartado trapiche cercano al cementerio de Santa Ana, en la zona rural de Granada, Antioquia. All\u00ed, varios mandos intermedios del Clan del Golfo se dieron cita para dar forma a una nueva estructura dentro de su organizaci\u00f3n, destinada a imponer su control sobre el Oriente Antioque\u00f1o y parte del Magdalena Medio.<\/p>\n<p>En un acto cargado de simbolismo, los criminales bautizaron a esta nueva rama como Frente Carlos Mauricio Garc\u00eda, rindiendo homenaje al fallecido jefe paramilitar conocido como &#8220;Doble Cero&#8221;, fundador y l\u00edder del desaparecido Bloque Metro de las Autodefensas Unidas de Colombia (AUC).<\/p>\n<p>Un informe de inteligencia militar, clasificado como &#8220;secreto&#8221;, detalla que durante este encuentro se abord\u00f3 la estrategia de reclutamiento, centr\u00e1ndose en individuos mayores de edad para integrar el componente armado de la estructura. Adem\u00e1s, se estableci\u00f3 una escala salarial para los diferentes rangos dentro de la organizaci\u00f3n, oscilando entre los 11 millones de pesos mensuales para el cabecilla principal y los 2 millones para los patrulleros de base.<\/p>\n<p><a href=\"https:\/\/nuevaprensaamerica.com\/wp-content\/uploads\/2024\/07\/ClanGolfo-Viaticos.jpg\"><img loading=\"lazy\" decoding=\"async\" class=\"aligncenter size-full wp-image-3262\" src=\"https:\/\/nuevaprensaamerica.com\/wp-content\/uploads\/2024\/07\/ClanGolfo-Viaticos.jpg\" alt=\"\" width=\"1200\" height=\"675\" srcset=\"https:\/\/nuevaprensaamerica.com\/wp-content\/uploads\/2024\/07\/ClanGolfo-Viaticos.jpg 1200w, https:\/\/nuevaprensaamerica.com\/wp-content\/uploads\/2024\/07\/ClanGolfo-Viaticos-300x169.jpg 300w, https:\/\/nuevaprensaamerica.com\/wp-content\/uploads\/2024\/07\/ClanGolfo-Viaticos-1024x576.jpg 1024w, https:\/\/nuevaprensaamerica.com\/wp-content\/uploads\/2024\/07\/ClanGolfo-Viaticos-768x432.jpg 768w\" sizes=\"auto, (max-width: 1200px) 100vw, 1200px\" \/><\/a><\/p>\n<p>Esta expansi\u00f3n territorial no es un plan aislado. Seg\u00fan una fuente an\u00f3nima de alto nivel, familiarizada con las negociaciones de paz, la decisi\u00f3n de extenderse hacia el Magdalena Medio, el Nordeste y Oriente de Antioquia se tom\u00f3 en una cumbre anterior en la regi\u00f3n del Magdalena Medio. En dicho encuentro, se habr\u00eda acordado una inversi\u00f3n superior al mill\u00f3n de d\u00f3lares, aportados por narcotraficantes y empresarios, para financiar la expansi\u00f3n del Clan a nivel nacional.<\/p>\n<h3>El resurgimiento de antiguos paramilitares en la nueva estructura criminal<\/h3>\n<p>La consolidaci\u00f3n del Clan del Golfo en el Magdalena Medio no es un fen\u00f3meno reciente. Informes de la Polic\u00eda Judicial, Fiscal\u00eda e inteligencia de la Fuerza A\u00e9rea han venido documentando desde hace a\u00f1os la formaci\u00f3n de un n\u00facleo criminal afiliado al Clan en esta zona. Este grupo est\u00e1 liderado por ex miembros de las Autodefensas originarios de la regi\u00f3n, una situaci\u00f3n que ha estado bajo el escrutinio de las autoridades al menos desde 2019, cuando una ola de homicidios y venganzas del crimen organizado sacudi\u00f3 municipios como La Dorada (Caldas), Puerto Triunfo (Antioquia) y Honda (Tolima).<\/p>\n<p>Seg\u00fan la fuente an\u00f3nima consultada por los investigadores, el actual plan de expansi\u00f3n nacional del Clan del Golfo es una respuesta a la &#8220;frustraci\u00f3n&#8221; generada por el estancamiento de los acercamientos con el gobierno. Estos di\u00e1logos se han visto paralizados desde la salida de Danilo Rueda de la Oficina del Alto Comisionado para la Paz y el nombramiento de Otty Pati\u00f1o como su sucesor.<\/p>\n<p>Ricardo Giraldo, quien funge como representante legal del Clan, expres\u00f3 su descontento a la Revista RAYA, se\u00f1alando que su \u00fanico encuentro con el comisionado Pati\u00f1o -quien lleva m\u00e1s de seis meses en el cargo- fue meramente fortuito. Giraldo lament\u00f3 la aparente falta de voluntad por parte del gobierno actual para entablar un di\u00e1logo con la organizaci\u00f3n criminal que \u00e9l representa.<\/p>\n<p>La inteligencia militar ha identificado a los presuntos l\u00edderes de esta nueva rama criminal en el Oriente antioque\u00f1o. Por un lado, se menciona a un ex integrante de las AUC que anteriormente formaba parte del grupo liderado por el veterano paramilitar Ram\u00f3n Isaza en la zona de Puerto Triunfo. Por otro lado, figura Ramiro de Jes\u00fas Henao Aguilar, alias &#8220;Sim\u00f3n Fantasma&#8221;, un antiguo miembro del extinto Bloque Metro.<\/p>\n<p><a href=\"https:\/\/nuevaprensaamerica.com\/wp-content\/uploads\/2024\/07\/ClanGolfo-alias-Simon-fantasma.jpg\"><img loading=\"lazy\" decoding=\"async\" class=\"aligncenter size-full wp-image-3259\" src=\"https:\/\/nuevaprensaamerica.com\/wp-content\/uploads\/2024\/07\/ClanGolfo-alias-Simon-fantasma.jpg\" alt=\"\" width=\"1200\" height=\"675\" srcset=\"https:\/\/nuevaprensaamerica.com\/wp-content\/uploads\/2024\/07\/ClanGolfo-alias-Simon-fantasma.jpg 1200w, https:\/\/nuevaprensaamerica.com\/wp-content\/uploads\/2024\/07\/ClanGolfo-alias-Simon-fantasma-300x169.jpg 300w, https:\/\/nuevaprensaamerica.com\/wp-content\/uploads\/2024\/07\/ClanGolfo-alias-Simon-fantasma-1024x576.jpg 1024w, https:\/\/nuevaprensaamerica.com\/wp-content\/uploads\/2024\/07\/ClanGolfo-alias-Simon-fantasma-768x432.jpg 768w\" sizes=\"auto, (max-width: 1200px) 100vw, 1200px\" \/><\/a><\/p>\n<p>El historial de &#8220;Sim\u00f3n Fantasma&#8221; es particularmente notorio. Fue condenado por el asesinato de dos sindicalistas: William Mario Upegui Tob\u00f3n, educador y dirigente sindical, y Jaime de Jes\u00fas Ram\u00edrez Alzate, presidente de un sindicato de empleados p\u00fablicos en El Santuario. Ambas v\u00edctimas fueron acusadas por los paramilitares de simpatizar con grupos insurgentes.<\/p>\n<h3>De falso testigo a l\u00edder criminal: el controvertido pasado de &#8220;Sim\u00f3n Fantasma&#8221;<\/h3>\n<p>El historial delictivo de Ramiro de Jes\u00fas Henao Aguilar, conocido en el submundo criminal como &#8220;Sim\u00f3n Fantasma&#8221;, no se limita a los asesinatos de sindicalistas. Tras reconocerse culpable de una veintena adicional de homicidios perpetrados bajo la extinta estructura del Bloque Metro, Henao Aguilar logr\u00f3 su excarcelaci\u00f3n en septiembre de 2023. Un auto judicial con fecha del 11 de septiembre de ese a\u00f1o, emitido por el juzgado de ejecuci\u00f3n de penas de La Dorada, le concedi\u00f3 la libertad condicional.<\/p>\n<p>Sin embargo, la libertad de &#8220;Sim\u00f3n Fantasma&#8221; parece haber sido ef\u00edmera en t\u00e9rminos de su reinserci\u00f3n social. Seg\u00fan los informes de inteligencia militar, en diciembre del mismo a\u00f1o, Henao Aguilar ya estaba de vuelta en el Oriente antioque\u00f1o. All\u00ed, presuntamente, &#8220;habr\u00eda sostenido una reuni\u00f3n con integrantes de la Subestructura &#8216;Jorge Iv\u00e1n Arboleda Garc\u00e9s&#8217; del GAO \u2013 Clan del Golfo, luego de esta reuni\u00f3n lleg\u00f3 hacer presencia [en la zona]&#8221;.<\/p>\n<p>La figura de &#8220;Sim\u00f3n Fantasma&#8221; cobra especial relevancia m\u00e1s all\u00e1 de su historial paramilitar. En 2014, seg\u00fan determin\u00f3 la Corte Suprema de Justicia, Henao Aguilar se convirti\u00f3 en uno de los testigos falsos que presuntamente rindi\u00f3 declaraciones favorables al expresidente \u00c1lvaro Uribe V\u00e9lez. Estas declaraciones formaron parte de lo que la justicia colombiana considera un montaje orquestado por Uribe en contra del senador Iv\u00e1n Cepeda, caso por el cual el expresidente enfrenta actualmente un proceso judicial que, en sus propias palabras, lo tiene &#8220;al borde de la c\u00e1rcel&#8221;.<\/p>\n<p>El testimonio de Henao Aguilar en 2014 fue crucial en este entramado judicial. Declar\u00f3 haber recibido, supuestamente dos a\u00f1os antes, ofrecimientos de Cepeda para incriminar a Uribe en actividades delictivas. Estas declaraciones, obtenidas mientras Henao Aguilar se encontraba recluido, fueron gestionadas por Wilser Molina, exmiembro del CTI y abogado de paramilitares, quien hoy ocupa el cargo de alcalde de Amag\u00e1 representando al partido Centro Democr\u00e1tico.<\/p>\n<p>Fue precisamente a ra\u00edz de estas declaraciones que Uribe interpuso una denuncia penal contra Iv\u00e1n Cepeda. El desenlace de este proceso judicial tom\u00f3 un giro inesperado: Cepeda fue absuelto de los cargos, mientras que \u00c1lvaro Uribe termin\u00f3 imputado por presuntamente intentar enga\u00f1ar a la justicia mediante testimonios falsos.<\/p>\n<p>La reaparici\u00f3n de &#8220;Sim\u00f3n Fantasma&#8221; en el escenario criminal del Oriente antioque\u00f1o, ahora como presunto l\u00edder de una nueva estructura del Clan del Golfo, no solo representa una amenaza para la seguridad de la regi\u00f3n, sino que tambi\u00e9n arroja una sombra inquietante sobre los procesos judiciales de alto perfil en Colombia. Este caso pone de manifiesto la compleja red de relaciones entre el paramilitarismo, la pol\u00edtica y el sistema judicial colombiano, desafiando los esfuerzos por desmantelar las estructuras criminales y esclarecer la verdad en casos de corrupci\u00f3n de alto nivel.<\/p>\n<p>M\u00e1s en <a href=\"https:\/\/revistaraya.com\/falso-testigo-de-uribe-comanda-expansion-de-clan-del-golfo-en-antioquia-informe-de-inteligencia-militar.html\" target=\"_blank\" rel=\"noopener\">Se\u00f1al Investigativa<\/a><\/p>\n","protected":false},"excerpt":{"rendered":"<p>Una serie de informes confidenciales ha sacado a la luz un audaz plan del Clan del Golfo para extender su dominio sobre la regi\u00f3n que [&hellip;]<\/p>\n","protected":false},"author":1,"featured_media":3269,"comment_status":"open","ping_status":"open","sticky":false,"template":"","format":"standard","meta":{"h5ap_radio_sources":[],"_FSMCFIC_featured_image_caption":"","_FSMCFIC_featured_image_nocaption":"","_FSMCFIC_featured_image_hide":"","_jetpack_memberships_contains_paid_content":false,"footnotes":""},"categories":[12],"tags":[],"class_list":["post-3256","post","type-post","status-publish","format-standard","has-post-thumbnail","hentry","category-colombia"],"aioseo_notices":[],"jetpack_featured_media_url":"https:\/\/nuevaprensaamerica.com\/wp-content\/uploads\/2024\/07\/alvaro-uribe.jpg","jetpack_sharing_enabled":true,"_links":{"self":[{"href":"https:\/\/nuevaprensaamerica.com\/index.php\/wp-json\/wp\/v2\/posts\/3256","targetHints":{"allow":["GET"]}}],"collection":[{"href":"https:\/\/nuevaprensaamerica.com\/index.php\/wp-json\/wp\/v2\/posts"}],"about":[{"href":"https:\/\/nuevaprensaamerica.com\/index.php\/wp-json\/wp\/v2\/types\/post"}],"author":[{"embeddable":true,"href":"https:\/\/nuevaprensaamerica.com\/index.php\/wp-json\/wp\/v2\/users\/1"}],"replies":[{"embeddable":true,"href":"https:\/\/nuevaprensaamerica.com\/index.php\/wp-json\/wp\/v2\/comments?post=3256"}],"version-history":[{"count":10,"href":"https:\/\/nuevaprensaamerica.com\/index.php\/wp-json\/wp\/v2\/posts\/3256\/revisions"}],"predecessor-version":[{"id":3268,"href":"https:\/\/nuevaprensaamerica.com\/index.php\/wp-json\/wp\/v2\/posts\/3256\/revisions\/3268"}],"wp:featuredmedia":[{"embeddable":true,"href":"https:\/\/nuevaprensaamerica.com\/index.php\/wp-json\/wp\/v2\/media\/3269"}],"wp:attachment":[{"href":"https:\/\/nuevaprensaamerica.com\/index.php\/wp-json\/wp\/v2\/media?parent=3256"}],"wp:term":[{"taxonomy":"category","embeddable":true,"href":"https:\/\/nuevaprensaamerica.com\/index.php\/wp-json\/wp\/v2\/categories?post=3256"},{"taxonomy":"post_tag","embeddable":true,"href":"https:\/\/nuevaprensaamerica.com\/index.php\/wp-json\/wp\/v2\/tags?post=3256"}],"curies":[{"name":"wp","href":"https:\/\/api.w.org\/{rel}","templated":true}]}}