{"id":3312,"date":"2024-07-27T21:37:59","date_gmt":"2024-07-27T21:37:59","guid":{"rendered":"https:\/\/nuevaprensaamerica.com\/?p=3312"},"modified":"2024-07-27T21:53:52","modified_gmt":"2024-07-27T21:53:52","slug":"venezolanos-sin-voz-en-las-elecciones-presidenciales-tienen-una-nueva-oportunidad-de-expresarse-a-traves-de-una-consulta-popular-digital-organizada-por-la-ong-resistencia-venezolana","status":"publish","type":"post","link":"https:\/\/nuevaprensaamerica.com\/index.php\/2024\/07\/27\/venezolanos-sin-voz-en-las-elecciones-presidenciales-tienen-una-nueva-oportunidad-de-expresarse-a-traves-de-una-consulta-popular-digital-organizada-por-la-ong-resistencia-venezolana\/","title":{"rendered":"Venezolanos sin Voz en las Elecciones Presidenciales tienen una nueva oportunidad de expresarse a trav\u00e9s de una consulta popular digital organizada por la ONG Resistencia Venezolana"},"content":{"rendered":"<p>Miami, 27 de julio de 2024 \u2013 En respuesta a la exclusi\u00f3n de millones de venezolanos en las elecciones presidenciales, se ha lanzado una iniciativa para permitir que aquellos dentro y fuera del territorio nacional puedan expresar su voluntad a trav\u00e9s de una consulta popular digital.<\/p>\r\n<p><!-- \/wp:post-content -->\r\n\r\n<!-- wp:paragraph --><\/p>\r\n<p>\u201cCon casi 8 millones de venezolanos en el exterior imposibilitados de votar en las elecciones presidenciales, esta consulta ofrece una plataforma segura y transparente para que nuestras voces sean escuchadas\u201d expres\u00f3 Gustavo Lainette presidente de la organizaci\u00f3n. Esta consulta est\u00e1 dirigida tanto a los venezolanos en el territorio nacional como a aquellos que se encuentran en el extranjero.<\/p>\r\n<p><!-- \/wp:paragraph -->\r\n\r\n<!-- wp:paragraph --><\/p>\r\n<p><em><strong>C\u00f3mo Participar:<\/strong><\/em><\/p>\r\n<p><!-- \/wp:paragraph -->\r\n\r\n<!-- wp:list {\"ordered\":true} --><\/p>\r\n<ol><!-- wp:list-item -->\r\n<li>Visitar la p\u00e1gina web <a href=\"http:\/\/resistenciavenezolana.org\">http:\/\/resistenciavenezolana.org<\/a><\/li>\r\n<!-- \/wp:list-item -->\r\n\r\n<!-- wp:list-item -->\r\n<li>Ingresar los datos personales y emitir el voto.<\/li>\r\n<!-- \/wp:list-item --><\/ol>\r\n<p><!-- \/wp:list -->\r\n\r\n<!-- wp:paragraph --><\/p>\r\n<p>Cada persona tiene una \u00fanica oportunidad para votar, garantizando un voto individual por persona. La seguridad y privacidad de los datos est\u00e1n aseguradas mediante encriptaci\u00f3n, manteniendo el anonimato de todos los participantes.<\/p>\r\n<p><!-- \/wp:paragraph -->\r\n\r\n<!-- wp:paragraph --><\/p>\r\n<p><em><strong>Transparencia y Resultados:<\/strong><\/em><\/p>\r\n<p><!-- \/wp:paragraph -->\r\n\r\n<!-- wp:list --><\/p>\r\n<ul><!-- wp:list-item -->\r\n<li>Los resultados de la consulta ser\u00e1n publicados el domingo 28 de julio a las 9:00 p.m.<\/li>\r\n<!-- \/wp:list-item -->\r\n\r\n<!-- wp:list-item -->\r\n<li>La lista de candidatos y sus respectivas estad\u00edsticas estar\u00e1n disponibles para el p\u00fablico, asegurando un proceso transparente sin posibilidad de trampas.<\/li>\r\n<!-- \/wp:list-item -->\r\n\r\n<!-- wp:list-item -->\r\n<li>Posteriormente, los datos ser\u00e1n sometidos a una auditor\u00eda para reforzar a\u00fan m\u00e1s la transparencia del proceso.<\/li>\r\n<!-- \/wp:list-item --><\/ul>\r\n<p><!-- \/wp:list -->\r\n\r\n<!-- wp:paragraph --><\/p>\r\n<p>Esta consulta est\u00e1 avalada por el magistrado Dr. Rommel Gil de la sala electoral del Tribunal Supremo de Justicia leg\u00edtimo, y se realiza en cumplimiento con los art\u00edculos 5, 62 y 70 de la Constituci\u00f3n.<\/p>\r\n<p><!-- \/wp:paragraph -->\r\n\r\n<!-- wp:paragraph --><\/p>\r\n<p>Se invita a todos los venezolanos a participar en esta consulta y a compartir la informaci\u00f3n con amigos y familiares a trav\u00e9s de redes sociales y contactos, con el fin de alcanzar la mayor participaci\u00f3n posible.<\/p>\r\n<p><!-- \/wp:paragraph -->\r\n\r\n<!-- wp:paragraph --><\/p>\r\n<p><em><strong>Hagamos que nuestras voces sean escuchadas<\/strong><\/em><\/p>","protected":false},"excerpt":{"rendered":"<p>Miami, 27 de julio de 2024 \u2013 En respuesta a la exclusi\u00f3n de millones de venezolanos en las elecciones presidenciales, se ha lanzado una iniciativa [&hellip;]<\/p>\n","protected":false},"author":2,"featured_media":3314,"comment_status":"open","ping_status":"open","sticky":false,"template":"","format":"standard","meta":{"h5ap_radio_sources":[],"_FSMCFIC_featured_image_caption":"","_FSMCFIC_featured_image_nocaption":"","_FSMCFIC_featured_image_hide":"","_jetpack_memberships_contains_paid_content":false,"footnotes":""},"categories":[2],"tags":[],"class_list":["post-3312","post","type-post","status-publish","format-standard","has-post-thumbnail","hentry","category-venezuela"],"aioseo_notices":[],"jetpack_featured_media_url":"https:\/\/nuevaprensaamerica.com\/wp-content\/uploads\/2024\/07\/Sin-titulo-19.png","jetpack_sharing_enabled":true,"_links":{"self":[{"href":"https:\/\/nuevaprensaamerica.com\/index.php\/wp-json\/wp\/v2\/posts\/3312","targetHints":{"allow":["GET"]}}],"collection":[{"href":"https:\/\/nuevaprensaamerica.com\/index.php\/wp-json\/wp\/v2\/posts"}],"about":[{"href":"https:\/\/nuevaprensaamerica.com\/index.php\/wp-json\/wp\/v2\/types\/post"}],"author":[{"embeddable":true,"href":"https:\/\/nuevaprensaamerica.com\/index.php\/wp-json\/wp\/v2\/users\/2"}],"replies":[{"embeddable":true,"href":"https:\/\/nuevaprensaamerica.com\/index.php\/wp-json\/wp\/v2\/comments?post=3312"}],"version-history":[{"count":3,"href":"https:\/\/nuevaprensaamerica.com\/index.php\/wp-json\/wp\/v2\/posts\/3312\/revisions"}],"predecessor-version":[{"id":3316,"href":"https:\/\/nuevaprensaamerica.com\/index.php\/wp-json\/wp\/v2\/posts\/3312\/revisions\/3316"}],"wp:featuredmedia":[{"embeddable":true,"href":"https:\/\/nuevaprensaamerica.com\/index.php\/wp-json\/wp\/v2\/media\/3314"}],"wp:attachment":[{"href":"https:\/\/nuevaprensaamerica.com\/index.php\/wp-json\/wp\/v2\/media?parent=3312"}],"wp:term":[{"taxonomy":"category","embeddable":true,"href":"https:\/\/nuevaprensaamerica.com\/index.php\/wp-json\/wp\/v2\/categories?post=3312"},{"taxonomy":"post_tag","embeddable":true,"href":"https:\/\/nuevaprensaamerica.com\/index.php\/wp-json\/wp\/v2\/tags?post=3312"}],"curies":[{"name":"wp","href":"https:\/\/api.w.org\/{rel}","templated":true}]}}