{"id":3354,"date":"2024-07-31T16:43:43","date_gmt":"2024-07-31T16:43:43","guid":{"rendered":"https:\/\/nuevaprensaamerica.com\/?p=3354"},"modified":"2024-07-31T16:44:52","modified_gmt":"2024-07-31T16:44:52","slug":"preso-en-venezuela-el-medico-cesar-omana-alcala-por-participar-en-otra-de-sus-conspiraciones-politicas","status":"publish","type":"post","link":"https:\/\/nuevaprensaamerica.com\/index.php\/2024\/07\/31\/preso-en-venezuela-el-medico-cesar-omana-alcala-por-participar-en-otra-de-sus-conspiraciones-politicas\/","title":{"rendered":"\u00bfPreso en Venezuela el m\u00e9dico C\u00e9sar Oma\u00f1a Alcal\u00e1 por participar en otra de sus \u00abconspiraciones\u00bb pol\u00edticas?"},"content":{"rendered":"\r\n<p>Un velo de intriga se cierne, una vez m\u00e1s, sobre la figura de C\u00e9sar Antonio Alfonso Oma\u00f1a Alcal\u00e1, un m\u00e9dico y empresario venezolano antes residenciado en Miami, despu\u00e9s que fuentes extraoficiales informaran sobre su presunta detenci\u00f3n en Venezuela.<\/p>\r\n\r\n\r\n\r\n<p>Seg\u00fan informaciones, reveladas de manera extraoficial por fuentes pr\u00f3ximas a \u00f3rganos de seguridad venezolanos, Oma\u00f1a habr\u00eda sido aprehendido por cuerpos de seguridad del Estado, bajo sospechas de estar involucrado en una trama conspirativa de doble juego, colaborando simult\u00e1neamente con la oposici\u00f3n venezolana y con la administraci\u00f3n de Nicol\u00e1s Maduro. La incertidumbre se extiende tambi\u00e9n al paradero actual de Oma\u00f1a y a su situaci\u00f3n legal.<\/p>\r\n\r\n\r\n\r\n<p>Hasta el momento, no se ha confirmado oficialmente si se encuentra bajo custodia del SEBIN, la DGCIM u otro cuerpo de seguridad, aunque seg\u00fan versiones extraoficiales, se espera que en pr\u00f3ximas horas se oficialice en Venezuela la aprehensi\u00f3n del m\u00e9dico. Advertisement Nacido el 8 de abril de 1979, Oma\u00f1a ha estado en el ojo del hurac\u00e1n pol\u00edtico en Venezuela debido a sus v\u00ednculos con figuras clave tanto del chavismo como de la oposici\u00f3n.<\/p>\r\n\r\n\r\n\r\n<p>Su nombre ha resonado con fuerza en los \u00faltimos a\u00f1os, particularmente tras ser se\u00f1alado como uno de los actores principales en la Operaci\u00f3n Libertad, un intento de levantamiento militar que tuvo lugar el 30 de abril de 2019 con el objetivo de liberar al l\u00edder opositor Leopoldo L\u00f3pez. Manuel Ricardo Christopher Figuera, exdirector del Servicio Bolivariano de Inteligencia Nacional (SEBIN) que desert\u00f3 durante la operaci\u00f3n para liberar a L\u00f3pez, ha sido una de las voces que m\u00e1s ha vinculado a Oma\u00f1a con la oposici\u00f3n. Figuera asegura que Oma\u00f1a aport\u00f3 financiamiento a la operaci\u00f3n conspirativa en 2019, adem\u00e1s de costear los gastos de alojamiento en Miami de figuras como el propio Figuera y el excomisario Iv\u00e1n Simonovis, quien tambi\u00e9n buscaba la salida de Maduro.<\/p>\r\n\r\n\r\n\r\n<h2 class=\"wp-block-heading\"><strong>Las controversiales conexiones de Oma\u00f1a\u00a0<\/strong><\/h2>\r\n\r\n\r\n\r\n<p>Las sombras de la duda se ciernen sobre el verdadero rol jugado por Oma\u00f1a en la compleja trama pol\u00edtica venezolana. Figuera no solo lo vincula al financiamiento de la Operaci\u00f3n Libertad, sino que tambi\u00e9n lo ha se\u00f1alado como un posible testaferro de Iv\u00e1n Hern\u00e1ndez Dala, el poderoso jefe de la Direcci\u00f3n General de Contrainteligencia Militar (DGCIM), uno de los cuerpos de seguridad del Estado m\u00e1s importantes durante el gobierno de Maduro.<\/p>\r\n\r\n\r\n\r\n<p>La posibilidad de que Oma\u00f1a haya actuado como enlace entre la oposici\u00f3n y un personaje de tanta influencia en el aparato de seguridad de la administraci\u00f3n madurista, alimenta las especulaciones sobre una supuesta doble vida del m\u00e9dico empresario. Las versiones de Figuera sugieren que Oma\u00f1a era un personaje muy activo en la planificaci\u00f3n y ejecuci\u00f3n del plan en 2019.<\/p>\r\n\r\n\r\n\r\n<p>De acuerdo con el exjefe del SEBIN, Oma\u00f1a, conocido con el alias de \u00abSuperman\u00bb dentro del c\u00edrculo de la conspiraci\u00f3n, particip\u00f3 en reuniones estrat\u00e9gicas, teji\u00f3 alianzas y se encarg\u00f3 de la log\u00edstica para la liberaci\u00f3n de Leopoldo L\u00f3pez y el excomisario Iv\u00e1n Simonovis durante la madrugada del 30 de abril de 2019. Una reuni\u00f3n en particular, celebrada el 28 de marzo de 2019 en Caracas entre Figuera y Oma\u00f1a, habr\u00eda sido clave para alimentar las esperanzas de un cambio pol\u00edtico en Venezuela.<\/p>\r\n\r\n\r\n\r\n<p>La controvertida figura de Oma\u00f1a ha trascendido el \u00e1mbito pol\u00edtico y ha salpicado incluso al mundo de la comunicaci\u00f3n. Recientemente, el comunicador y pol\u00edtico Leocenis Garc\u00eda se ha visto envuelto en una pol\u00e9mica por presentarse ante otros colegas como amigo cercano de Oma\u00f1a, utilizando esta supuesta relaci\u00f3n como forma de intimidaci\u00f3n hacia aquellos que han criticado p\u00fablicamente al m\u00e9dico o a sus allegados.<\/p>\r\n\r\n\r\n\r\n<p>La presunta detenci\u00f3n de Oma\u00f1a, de confirmarse oficialmente, abrir\u00eda un nuevo cap\u00edtulo en la ya de por s\u00ed turbia historia del m\u00e9dico, ante su vinculaci\u00f3n con la oposici\u00f3n y, al mismo tiempo, sus aparentes nexos con figuras claves de la administraci\u00f3n de Maduro.<\/p>\r\n\r\n\r\n\r\n<p><a href=\"https:\/\/www.ciudadgoticanews.com\/index.php\/2024\/07\/30\/preso-en-venezuela-el-medico-cesar-omana-alcala\/\">POR CGNEWS<\/a><\/p>\r\n","protected":false},"excerpt":{"rendered":"<p>Un velo de intriga se cierne, una vez m\u00e1s, sobre la figura de C\u00e9sar Antonio Alfonso Oma\u00f1a Alcal\u00e1, un m\u00e9dico y empresario venezolano antes residenciado [&hellip;]<\/p>\n","protected":false},"author":2,"featured_media":3356,"comment_status":"open","ping_status":"open","sticky":false,"template":"","format":"standard","meta":{"h5ap_radio_sources":[],"_FSMCFIC_featured_image_caption":"","_FSMCFIC_featured_image_nocaption":"","_FSMCFIC_featured_image_hide":"","_jetpack_memberships_contains_paid_content":false,"footnotes":""},"categories":[2],"tags":[],"class_list":["post-3354","post","type-post","status-publish","format-standard","has-post-thumbnail","hentry","category-venezuela"],"aioseo_notices":[],"jetpack_featured_media_url":"https:\/\/nuevaprensaamerica.com\/wp-content\/uploads\/2024\/07\/Sin-titulo-27.png","jetpack_sharing_enabled":true,"_links":{"self":[{"href":"https:\/\/nuevaprensaamerica.com\/index.php\/wp-json\/wp\/v2\/posts\/3354","targetHints":{"allow":["GET"]}}],"collection":[{"href":"https:\/\/nuevaprensaamerica.com\/index.php\/wp-json\/wp\/v2\/posts"}],"about":[{"href":"https:\/\/nuevaprensaamerica.com\/index.php\/wp-json\/wp\/v2\/types\/post"}],"author":[{"embeddable":true,"href":"https:\/\/nuevaprensaamerica.com\/index.php\/wp-json\/wp\/v2\/users\/2"}],"replies":[{"embeddable":true,"href":"https:\/\/nuevaprensaamerica.com\/index.php\/wp-json\/wp\/v2\/comments?post=3354"}],"version-history":[{"count":2,"href":"https:\/\/nuevaprensaamerica.com\/index.php\/wp-json\/wp\/v2\/posts\/3354\/revisions"}],"predecessor-version":[{"id":3357,"href":"https:\/\/nuevaprensaamerica.com\/index.php\/wp-json\/wp\/v2\/posts\/3354\/revisions\/3357"}],"wp:featuredmedia":[{"embeddable":true,"href":"https:\/\/nuevaprensaamerica.com\/index.php\/wp-json\/wp\/v2\/media\/3356"}],"wp:attachment":[{"href":"https:\/\/nuevaprensaamerica.com\/index.php\/wp-json\/wp\/v2\/media?parent=3354"}],"wp:term":[{"taxonomy":"category","embeddable":true,"href":"https:\/\/nuevaprensaamerica.com\/index.php\/wp-json\/wp\/v2\/categories?post=3354"},{"taxonomy":"post_tag","embeddable":true,"href":"https:\/\/nuevaprensaamerica.com\/index.php\/wp-json\/wp\/v2\/tags?post=3354"}],"curies":[{"name":"wp","href":"https:\/\/api.w.org\/{rel}","templated":true}]}}