{"id":372,"date":"2023-09-06T08:53:31","date_gmt":"2023-09-06T08:53:31","guid":{"rendered":"https:\/\/nuevaprensaamerica.com\/?p=372"},"modified":"2023-09-06T08:54:36","modified_gmt":"2023-09-06T08:54:36","slug":"el-canal-del-dique-de-desastre-ecologico-a-proyecto-de-restauracion-ambiental-en-colombia","status":"publish","type":"post","link":"https:\/\/nuevaprensaamerica.com\/index.php\/2023\/09\/06\/el-canal-del-dique-de-desastre-ecologico-a-proyecto-de-restauracion-ambiental-en-colombia\/","title":{"rendered":"El Canal del Dique: de desastre ecol\u00f3gico a proyecto de restauraci\u00f3n ambiental en Colombia"},"content":{"rendered":"<p>El Canal del Dique es una obra de ingenier\u00eda hidr\u00e1ulica que conecta el r\u00edo Magdalena con el mar Caribe, en Colombia. Su historia se remonta al siglo XVII, cuando se construy\u00f3 para facilitar el comercio y la navegaci\u00f3n entre el interior y la costa del pa\u00eds. Sin embargo, a lo largo de los a\u00f1os, el canal sufri\u00f3 diversas intervenciones que alteraron su cauce, su caudal y su relaci\u00f3n con los ecosistemas circundantes. El resultado fue un desastre ambiental que afect\u00f3 a la biodiversidad, la calidad del agua, la seguridad de las poblaciones y el equilibrio ecol\u00f3gico de la regi\u00f3n.<\/p>\n<h3>Un drag\u00f3n ecol\u00f3gico que hay que combatir<\/h3>\n<p>El Canal del Dique se fue deteriorando por la falta de mantenimiento, los dragados inadecuados y las obras que eliminaron sus curvas y meandros. Esto provoc\u00f3 que las aguas dulces cargadas de sedimentos y nutrientes invadieran las bah\u00edas de Cartagena y Barbacoas, donde se encuentran los parques naturales de las Islas Corales del Rosario y San Bernardo, con sus arrecifes y barreras coralinas. Tambi\u00e9n caus\u00f3 la desconexi\u00f3n entre las ci\u00e9nagas asociadas al canal, que perdieron su capacidad de amortiguaci\u00f3n frente a las crecidas y las sequ\u00edas. Adem\u00e1s, gener\u00f3 procesos de erosi\u00f3n, deforestaci\u00f3n e inundaci\u00f3n que perjudicaron a las comunidades locales, dedicadas a la agricultura, la ganader\u00eda y la pesca.<\/p>\n<p>El exministro de Medio Ambiente de Colombia, Jos\u00e9 Vicente Mogoll\u00f3n, nacido en Cartagena, fue uno de los primeros en denunciar esta situaci\u00f3n y en buscar soluciones. En su libro &#8220;El canal del dique: Historia de un desastre ambiental&#8221;, publicado en 2013, compar\u00f3 al canal con &#8220;ese gran monstruo ecol\u00f3gico que anda suelto, equivalente a un drag\u00f3n de la Edad Media que es preciso combatir hasta dominarlo&#8221;, seg\u00fan explica <a href=\"https:\/\/www.elconfidencial.com\/medioambiente\/2023-09-04\/canal-del-dique-macroproyecto-sacyr-bra_3727337\/\" target=\"_blank\" rel=\"noopener\">El Confidencial<\/a>.<\/p>\n<p><a href=\"https:\/\/nuevaprensaamerica.com\/wp-content\/uploads\/2023\/09\/canal-del-dique-11.jpg\"><img loading=\"lazy\" decoding=\"async\" class=\"aligncenter size-full wp-image-375\" src=\"https:\/\/nuevaprensaamerica.com\/wp-content\/uploads\/2023\/09\/canal-del-dique-11.jpg\" alt=\"\" width=\"700\" height=\"906\" srcset=\"https:\/\/nuevaprensaamerica.com\/wp-content\/uploads\/2023\/09\/canal-del-dique-11.jpg 700w, https:\/\/nuevaprensaamerica.com\/wp-content\/uploads\/2023\/09\/canal-del-dique-11-232x300.jpg 232w\" sizes=\"auto, (max-width: 700px) 100vw, 700px\" \/><\/a><\/p>\n<h3>Una soluci\u00f3n bajo el modelo de asociaci\u00f3n p\u00fablico privado<\/h3>\n<p>Despu\u00e9s de 13 a\u00f1os de trabajos preparatorios del Gobierno de Colombia, en diciembre de 2020 se adjudic\u00f3 la licitaci\u00f3n para restaurar el Canal del Dique a Sacyr Concesiones, una multinacional de infraestructuras. El proyecto se ejecutar\u00e1 bajo el modelo de asociaci\u00f3n p\u00fablico privado, con una inversi\u00f3n estimada de 1.100 millones de d\u00f3lares. El plazo previsto es de 15 a\u00f1os: a\u00f1o y medio de preparaci\u00f3n, cuatro y medio de construcci\u00f3n y nueve de operaci\u00f3n y mantenimiento.<\/p>\n<p>El proyecto consiste en construir dos sistemas de esclusas y compuertas, una en Calamar y otra en Puerto Badel, para controlar el flujo del agua entre el canal y las bah\u00edas. De esta manera, se podr\u00e1 regular el caudal y los niveles para evitar las inundaciones y la intrusi\u00f3n salina, as\u00ed como mitigar la erosi\u00f3n y la sedimentaci\u00f3n. El objetivo es recuperar los ecosistemas marinos y continentales que habitan 1,5 millones de personas y 435.000 hect\u00e1reas.<\/p>\n<p><a href=\"https:\/\/nuevaprensaamerica.com\/wp-content\/uploads\/2023\/09\/canal-del-dique-22.jpg\"><img loading=\"lazy\" decoding=\"async\" class=\"aligncenter size-full wp-image-376\" src=\"https:\/\/nuevaprensaamerica.com\/wp-content\/uploads\/2023\/09\/canal-del-dique-22.jpg\" alt=\"\" width=\"700\" height=\"906\" srcset=\"https:\/\/nuevaprensaamerica.com\/wp-content\/uploads\/2023\/09\/canal-del-dique-22.jpg 700w, https:\/\/nuevaprensaamerica.com\/wp-content\/uploads\/2023\/09\/canal-del-dique-22-232x300.jpg 232w\" sizes=\"auto, (max-width: 700px) 100vw, 700px\" \/><\/a><\/p>\n<h3>La participaci\u00f3n de las comunidades locales<\/h3>\n<p>Uno de los aspectos m\u00e1s destacados del proyecto es la implicaci\u00f3n de las comunidades locales en su planificaci\u00f3n y ejecuci\u00f3n. Seg\u00fan Carlos Rosado, portavoz de Sacyr Concesiones en Colombia, &#8220;este es un proyecto pensado para el beneficio de las comunidades que han participado en su planificaci\u00f3n a partir de sus necesidades&#8221;. Durante la etapa previa, se han creado redes log\u00edsticas de suministro de alimentos y otros productos para promover la econom\u00eda y los emprendimientos locales. Adem\u00e1s, se priorizar\u00e1 la mano de obra y los servicios comunitarios en cada una de las fases del proyecto. Se estima que se generar\u00e1n unos 60.000 empleos directos e indirectos con impacto local.<\/p>\n<p>El proyecto tambi\u00e9n contempla procesos educativos, ambientales y de desarrollo de infraestructuras comunitarias. Asimismo, busca hacer del Canal del Dique un recurso h\u00eddrico valioso para garantizar el abastecimiento de agua potable, el riego agr\u00edcola, la ganader\u00eda, la pesca y otros servicios. Por \u00faltimo, se pretende restaurar los parques ecosist\u00e9micos del Canal del Dique y las conexiones con las ci\u00e9nagas y ca\u00f1os, tejiendo un escenario m\u00e1s ordenado para afrontar el cambio clim\u00e1tico.<\/p>\n<h3>Un antes y un despu\u00e9s para el Caribe colombiano<\/h3>\n<p>El proyecto de restauraci\u00f3n ambiental del Canal del Dique es una iniciativa que marcar\u00e1 un antes y un despu\u00e9s para el Caribe colombiano. Se trata de una oportunidad para revertir los efectos negativos de una obra de ingenier\u00eda que se convirti\u00f3 en un desastre ecol\u00f3gico. Con la colaboraci\u00f3n entre el sector p\u00fablico y el privado, y la participaci\u00f3n de las comunidades locales, se espera recuperar la biodiversidad, la calidad del agua, la seguridad de las poblaciones y el equilibrio ecol\u00f3gico de la regi\u00f3n. As\u00ed, el Canal del Dique podr\u00e1 volver a ser una v\u00eda de comunicaci\u00f3n navegable que impulse el desarrollo econ\u00f3mico y social del pa\u00eds.<\/p>\n","protected":false},"excerpt":{"rendered":"<p>El Canal del Dique es una obra de ingenier\u00eda hidr\u00e1ulica que conecta el r\u00edo Magdalena con el mar Caribe, en Colombia. Su historia se remonta [&hellip;]<\/p>\n","protected":false},"author":1,"featured_media":374,"comment_status":"open","ping_status":"open","sticky":false,"template":"","format":"standard","meta":{"h5ap_radio_sources":[],"_FSMCFIC_featured_image_caption":"","_FSMCFIC_featured_image_nocaption":"","_FSMCFIC_featured_image_hide":"","_jetpack_memberships_contains_paid_content":false,"footnotes":""},"categories":[12],"tags":[],"class_list":["post-372","post","type-post","status-publish","format-standard","has-post-thumbnail","hentry","category-colombia"],"aioseo_notices":[],"jetpack_featured_media_url":"https:\/\/nuevaprensaamerica.com\/wp-content\/uploads\/2023\/09\/canal-del-dique1.jpg","jetpack_sharing_enabled":true,"_links":{"self":[{"href":"https:\/\/nuevaprensaamerica.com\/index.php\/wp-json\/wp\/v2\/posts\/372","targetHints":{"allow":["GET"]}}],"collection":[{"href":"https:\/\/nuevaprensaamerica.com\/index.php\/wp-json\/wp\/v2\/posts"}],"about":[{"href":"https:\/\/nuevaprensaamerica.com\/index.php\/wp-json\/wp\/v2\/types\/post"}],"author":[{"embeddable":true,"href":"https:\/\/nuevaprensaamerica.com\/index.php\/wp-json\/wp\/v2\/users\/1"}],"replies":[{"embeddable":true,"href":"https:\/\/nuevaprensaamerica.com\/index.php\/wp-json\/wp\/v2\/comments?post=372"}],"version-history":[{"count":4,"href":"https:\/\/nuevaprensaamerica.com\/index.php\/wp-json\/wp\/v2\/posts\/372\/revisions"}],"predecessor-version":[{"id":379,"href":"https:\/\/nuevaprensaamerica.com\/index.php\/wp-json\/wp\/v2\/posts\/372\/revisions\/379"}],"wp:featuredmedia":[{"embeddable":true,"href":"https:\/\/nuevaprensaamerica.com\/index.php\/wp-json\/wp\/v2\/media\/374"}],"wp:attachment":[{"href":"https:\/\/nuevaprensaamerica.com\/index.php\/wp-json\/wp\/v2\/media?parent=372"}],"wp:term":[{"taxonomy":"category","embeddable":true,"href":"https:\/\/nuevaprensaamerica.com\/index.php\/wp-json\/wp\/v2\/categories?post=372"},{"taxonomy":"post_tag","embeddable":true,"href":"https:\/\/nuevaprensaamerica.com\/index.php\/wp-json\/wp\/v2\/tags?post=372"}],"curies":[{"name":"wp","href":"https:\/\/api.w.org\/{rel}","templated":true}]}}