{"id":3791,"date":"2024-09-03T15:06:16","date_gmt":"2024-09-03T15:06:16","guid":{"rendered":"https:\/\/nuevaprensaamerica.com\/?p=3791"},"modified":"2024-09-03T15:06:16","modified_gmt":"2024-09-03T15:06:16","slug":"como-el-torturador-y-jefe-de-la-dgcim-alexander-granko-arteaga-se-las-arreglo-para-abrir-beer-food-truck-en-florida-burlandose-de-las-sanciones-y-del-gobierno-de-eeuu","status":"publish","type":"post","link":"https:\/\/nuevaprensaamerica.com\/index.php\/2024\/09\/03\/como-el-torturador-y-jefe-de-la-dgcim-alexander-granko-arteaga-se-las-arreglo-para-abrir-beer-food-truck-en-florida-burlandose-de-las-sanciones-y-del-gobierno-de-eeuu\/","title":{"rendered":"Como el torturador y jefe de la Dgcim Alexander Granko Arteaga se las arregl\u00f3 para abrir &#8220;Beer &amp; Food Truck&#8221; en Florida, burlandose de las sanciones y del gobierno de EEUU"},"content":{"rendered":"\r\n\r\nAlrededor del reci\u00e9n ascendido coronel Alexander Granko Arteaga ha emergido un grupo de negocios que \u2013entre fundos y agropecuarias, ferreter\u00edas, supermercados, empresas metal\u00fargicas, hoteles y cooperativas\u2013 suma unas 30 empresas, que se sepa. Naciones Unidas ya lo hab\u00eda se\u00f1alado por sus v\u00ednculos con el tr\u00e1fico de armas, la industria de la extorsi\u00f3n y la extracci\u00f3n ilegal de oro. Y ahora una nueva revelaci\u00f3n advierte que, si bien est\u00e1 sancionado en Estados Unidos, su esposa y familia pol\u00edtica han logrado abrir nuevas empresas en Florida.\r\n\r\n \r\n\r\nDesde hamburguesas \u2013<em>full<\/em>\u00a0de tocineta y queso derretido\u2013 hasta anti\u00e1cidos. Hay de todo en este lugar: harina de almendras, barras de prote\u00edna, freidoras de aire, Alka Seltzer Plus en empaques de \u201c<em>20 effervescent tablets<\/em>\u201d&#8230; Tampoco faltan marcas importadas de cerveza, como Bud Light o Estrella Galicia, entre dos y tres d\u00f3lares cada una. O mu\u00f1ecas de la pel\u00edcula\u00a0<em>Frozen II<\/em>, semillas de ajonjol\u00ed y paquetes de \u201c<em>100% Colombian Coffee<\/em>\u201d de Kirkland, la marca privada de los almacenes mayoristas Costco de Estados Unidos, cuya avena tambi\u00e9n se ofrece en el local.\r\n\r\n \r\n\r\nAdem\u00e1s del mercado, el lugar incluye un restaurante y un local nocturno que combina espacios para ver partidos de b\u00e9isbol y de f\u00fatbol con presentaciones de\u00a0<em>stand-up comedy<\/em>\u00a0y una pista de baile donde la rumba se prolonga hasta las 3:00 de la madrugada.\r\n\r\n \r\n\r\nEs el bodeg\u00f3n Beer &amp; Food Truck, al final de la avenida Bol\u00edvar, en el sector Rancho Grande de Puerto Cabello, estado Carabobo.\r\n\r\n \r\n<figure class=\"wp-block-image\"><a href=\"https:\/\/i1.wp.com\/armando.info\/wp-content\/uploads\/2024\/07\/07072024-1-fachada-del-bodegon.jpg\"><img decoding=\"async\" class=\"wp-image-88282\" src=\"https:\/\/i1.wp.com\/armando.info\/wp-content\/uploads\/2024\/07\/07072024-1-fachada-del-bodegon-700x411.jpg\" alt=\"\" \/><\/a><\/figure>\r\n \r\n<figure class=\"wp-block-image\"><a href=\"https:\/\/i1.wp.com\/armando.info\/wp-content\/uploads\/2024\/07\/07072024-2-bodegon.jpg\"><img decoding=\"async\" class=\"wp-image-88284\" src=\"https:\/\/i1.wp.com\/armando.info\/wp-content\/uploads\/2024\/07\/07072024-2-bodegon-700x411.jpg\" alt=\"\" \/><\/a><\/figure>\r\n \r\n<figure class=\"wp-block-image\"><a href=\"https:\/\/i1.wp.com\/armando.info\/wp-content\/uploads\/2024\/07\/07072024-3-bodegon-y-cartilla.jpg\"><img decoding=\"async\" class=\"wp-image-88286\" src=\"https:\/\/i1.wp.com\/armando.info\/wp-content\/uploads\/2024\/07\/07072024-3-bodegon-y-cartilla-700x411.jpg\" alt=\"\" \/><\/a><\/figure>\r\n \r\n<figure class=\"wp-block-image\"><a href=\"https:\/\/i1.wp.com\/armando.info\/wp-content\/uploads\/2024\/07\/07072024-4-restaurante-bodegon.jpg\"><img decoding=\"async\" class=\"wp-image-88288\" src=\"https:\/\/i1.wp.com\/armando.info\/wp-content\/uploads\/2024\/07\/07072024-4-restaurante-bodegon-700x477.jpg\" alt=\"\" \/><\/a><\/figure>\r\n \r\n<figure class=\"wp-block-image\"><a href=\"https:\/\/i1.wp.com\/armando.info\/wp-content\/uploads\/2024\/07\/07072024-5-ron-espartano.jpg\"><img decoding=\"async\" class=\"wp-image-88290\" src=\"https:\/\/i1.wp.com\/armando.info\/wp-content\/uploads\/2024\/07\/07072024-5-ron-espartano-700x477.jpg\" alt=\"\" \/><\/a><\/figure>\r\n \r\n<figure class=\"wp-block-image\"><a href=\"https:\/\/i1.wp.com\/armando.info\/wp-content\/uploads\/2024\/07\/07072024-6-rumba-bodegon.jpg\"><img decoding=\"async\" class=\"wp-image-88292\" src=\"https:\/\/i1.wp.com\/armando.info\/wp-content\/uploads\/2024\/07\/07072024-6-rumba-bodegon-700x477.jpg\" alt=\"\" \/><\/a><\/figure>\r\n \r\n<figure class=\"wp-block-image\"><a href=\"https:\/\/i1.wp.com\/armando.info\/wp-content\/uploads\/2024\/07\/07072024-7-jugueteria-bodegon.jpg\"><img decoding=\"async\" class=\"wp-image-88294\" src=\"https:\/\/i1.wp.com\/armando.info\/wp-content\/uploads\/2024\/07\/07072024-7-jugueteria-bodegon-700x477.jpg\" alt=\"\" \/><\/a><\/figure>\r\n \r\n<ul class=\"wp-block-list\">\r\n \t<li><\/li>\r\n \r\n \t<li><\/li>\r\n \r\n \t<li><\/li>\r\n \r\n \t<li><\/li>\r\n \r\n \t<li><\/li>\r\n \r\n \t<li><\/li>\r\n \r\n \t<li><\/li>\r\n<\/ul>\r\n \r\n\r\nTanto la variedad de marcas extranjeras como la can\u00edcula playera recuerdan a sus clientes que est\u00e1n en el principal puerto del pa\u00eds, a donde siguen llegando contenedores con mercanc\u00eda todos los d\u00edas. En su inventario y aspecto, el expendio reproduce una met\u00e1fora ya habitual de Venezuela, la que establecen los llamados\u00a0<em>bodegones<\/em>, en boga desde hace a\u00f1os: un pa\u00eds donde un maestro que gana escasos tres d\u00f3lares al mes puede ser vecino de un establecimiento repleto de productos ex\u00f3ticos y a precios m\u00e1s caros que en los mercados internacionales.\r\n\r\n \r\n\r\nLo distinto aqu\u00ed son los nombres y filiaciones de quienes registraron este comercio. Son tres las due\u00f1as, que aparecen tambi\u00e9n en los expedientes mercantiles de, al menos, otra decena de empresas. Todas son parientes del\u00a0<a href=\"https:\/\/www.lapatilla.com\/2024\/06\/30\/infobae-maduro-ascendio-a-dos-oficiales-senalados-en-informes-onu-por-torturas-y-tratos-crueles\/\" target=\"_blank\" rel=\"noreferrer noopener\">reci\u00e9n ascendido<\/a>\u00a0coronel de la Guardia Nacional Bolivariana (GNB),\u00a0<a href=\"https:\/\/storage.googleapis.com\/qurium\/armando.info\/cuando-el-esbirro-se-vuelve-jefe.html\" target=\"_blank\" rel=\"noreferrer noopener\">Alexander Granko Arteaga<\/a>, jefe de la Direcci\u00f3n de Asuntos Especiales (DAE) de la Direcci\u00f3n General de Contrainteligencia Militar (Dgcim), sobre quien pesan desde 2019 sanciones de la Uni\u00f3n Europea y Estados Unidos, que lo se\u00f1alan como uno de los responsables de las m\u00e1s graves torturas atribuidas por Naciones Unidas y la Corte Penal Internacional al r\u00e9gimen de Nicol\u00e1s Maduro.\r\n\r\n \r\n\r\nEl a\u00f1o pasado, el propio Granko dej\u00f3 ver ante el p\u00fablico una pista de su v\u00ednculo con el bodeg\u00f3n. Entonces anunci\u00f3 en sus redes sociales el lanzamiento de la edici\u00f3n limitada de un destilado de ron disponible, exclusivamente, en ese negocio de Puerto Cabello. Al lanzamiento lo acompa\u00f1\u00f3 el lema &#8220;Es tiempo de lealtad&#8221;, y a la botella de la bebida la rotulaba el escudo del Team Espartanos, una plataforma multieventos de aventura y deportes extremos con la que Granko promueve actividades de motocross, paracaidismo o surf.\r\n\r\n \r\n\r\nPero si eso no consigue relacionarlo de manera rotunda con el establecimiento, para hacerlo basta con las identidades de las tres propietarias: Yurima Ferreira y sus hijas, Yhuryseck y Mar\u00eda de los \u00c1ngeles Escalante Ferreira. Al tr\u00edo, que aparece en el expediente mercantil del negocio, abierto en septiembre de 2019, lo constituyen, respectivamente, la suegra, esposa y cu\u00f1ada del flamante coronel Granko Arteaga.\r\n\r\n \r\n<h2 id=\"miami-como-no\" class=\"wp-block-heading\">Miami, c\u00f3mo no<\/h2>\r\n \r\n\r\nEl 18 de julio de 2022, una firma hom\u00f3nima fue registrada en Miami, pero no a nombre de Granko ni de su esposa, sino a trav\u00e9s de su familia pol\u00edtica. La norteamericana Beer &amp; Food Truck CA Corp. qued\u00f3 registrada ante la Divisi\u00f3n de Corporaciones del estado de Florida por los venezolanos Najdi Valentina Mill\u00e1n Longart, Vicente Jos\u00e9 de Abreu Godoy y la propia cu\u00f1ada de Granko, Mar\u00eda de los \u00c1ngeles Escalante Ferreira, que tambi\u00e9n es parte de la directiva del bodeg\u00f3n en Puerto Cabello. Mantiene desde entonces su sede oficial en la oficina 313 del 1695 NW con la avenida 110, un edificio comercial en Doral, la ciudad del occidente del condado de Miami-Dade conocida por su numerosa poblaci\u00f3n venezolana. En el directorio del edificio, en su planta baja, esa oficina se identifica como sede de un negocio de bienes ra\u00edces de Najdi Valentina Mill\u00e1n Longart.\r\n\r\n \r\n<figure class=\"wp-block-image\"><a href=\"https:\/\/i1.wp.com\/armando.info\/wp-content\/uploads\/2024\/07\/v2-07072024-fachada-de-la-oficina.jpg\"><img decoding=\"async\" class=\"wp-image-88373\" src=\"https:\/\/i1.wp.com\/armando.info\/wp-content\/uploads\/2024\/07\/v2-07072024-fachada-de-la-oficina-700x527.jpg\" alt=\"\" \/><\/a><\/figure>\r\n \r\n<figure class=\"wp-block-image\"><a href=\"https:\/\/i1.wp.com\/armando.info\/wp-content\/uploads\/2024\/07\/V2-07072024-directorio-de-la-oficina.jpg\"><img decoding=\"async\" class=\"wp-image-88375\" src=\"https:\/\/i1.wp.com\/armando.info\/wp-content\/uploads\/2024\/07\/V2-07072024-directorio-de-la-oficina-700x818.jpg\" alt=\"\" \/><\/a><\/figure>\r\n \r\n<figure class=\"wp-block-image\"><a href=\"https:\/\/i1.wp.com\/armando.info\/wp-content\/uploads\/2024\/07\/v2-07072024-puerta-de-la-oficina.jpg\"><img decoding=\"async\" class=\"wp-image-88377\" src=\"https:\/\/i1.wp.com\/armando.info\/wp-content\/uploads\/2024\/07\/v2-07072024-puerta-de-la-oficina-700x930.jpg\" alt=\"\" \/><\/a><\/figure>\r\n \r\n<ul class=\"wp-block-list\">\r\n \t<li><\/li>\r\n \r\n \t<li><\/li>\r\n \r\n \t<li><\/li>\r\n<\/ul>\r\n \r\n\r\nPara esa fecha, Estados Unidos ya hab\u00eda\u00a0<a href=\"https:\/\/home.treasury.gov\/news\/press-releases\/sm738\" target=\"_blank\" rel=\"noreferrer noopener\">impuesto sanciones<\/a>\u00a0a Granko Arteaga. Fue el 19 de julio de 2019, tras \u201cel arresto, abuso f\u00edsico y muerte del Capit\u00e1n de la Armada venezolana Rafael Acosta Ar\u00e9valo\u201d, bajo custodia de la contrainteligencia militar, cuando el Departamento del Tesoro emiti\u00f3 restricciones contra Granko y otros oficiales de la Dgcim: Rafael Blanco Marrero, Hannover Guerrero Mijares y Rafael Franco Quintero. Para los cuatro, la principal consecuencia de la medida era que \u201ctodas las propiedades e intereses en propiedades (\u2026) de estos individuos que est\u00e9n en Estados Unidos o bajo control de personas en Estados Unidos, quedan bloqueadas y deber\u00e1n ser reportadas a la OFAC [<em>las siglas en ingl\u00e9s de la Oficina de Control de Activos Extranjeros del Departamento del Tesoro<\/em>]\u201d, seg\u00fan rezaba el comunicado oficial desde Washington, que a\u00f1ad\u00eda que as\u00ed quedaban prohibidos \u201ctodos los tratos de personas de Estados Unidos, o dentro de (o en tr\u00e1nsito en) Estados Unidos que involucren cualquier propiedad o intereses en propiedades de las personas designadas o bloqueadas\u201d.\r\n\r\n \r\n\r\nDos meses m\u00e1s tarde, Suiza, Reino Unido y la Uni\u00f3n Europea tambi\u00e9n expidieron sanciones similares contra Granko.\r\n\r\n \r\n\r\nPero apenas tres a\u00f1os despu\u00e9s, el entorno de Granko se las arregl\u00f3 para abrir Beer &amp; Food Truck en Florida. Junto a su familia pol\u00edtica, el oficial de contrainteligencia venezolano y temido represor hab\u00eda encontrado su propia manera de burlar las sanciones.\r\n\r\n \r\n\r\nAdem\u00e1s de Beer &amp; Food Truck, en la misma direcci\u00f3n de Doral se domicilian otras empresas tambi\u00e9n registradas por Mill\u00e1n Longart, Escalante Ferreira y De Abreu Godoy, como E &amp; F Servicios Generales Corp, Multiservicios Generales S &amp; S Corp y Multiservicios GEF LLC; esta \u00faltima permanece inactiva.\r\n\r\n \r\n\r\nEse mismo tr\u00edo a veces se alterna con otros nombres, hasta completar un grupo de siete personas, cuyas firmas se combinan en los directorios de al menos diez empresas, en su mayor\u00eda registradas en simult\u00e1neo en el per\u00edodo de gobierno de Nicol\u00e1s Maduro, un tiempo en el que Granko fue ascendiendo en la\u00a0<em>nomenklatura\u00a0<\/em>de la inteligencia chavista mientras se iba granjeando fama de torturador.\r\n\r\n \r\n\r\nGranko lider\u00f3 los comandos que hace seis a\u00f1os participaron en la llamada\u00a0<a href=\"https:\/\/storage.googleapis.com\/qurium\/armando.info\/oscar-perez-creyo-que-saldria-con-vida-de-la-operacion-gedeon.html\">Masacre de El Junquito<\/a>. El 15 de enero de 2018, las fuerzas de seguridad del Estado venezolano detectaron en El Junquito, una zona monta\u00f1osa al oeste de Caracas, el escondite de \u00d3scar P\u00e9rez, piloto y exintegrante del grupo de asalto de la polic\u00eda judicial, que se hab\u00eda rebelado contra el r\u00e9gimen y protagonizado\u00a0<a href=\"https:\/\/elpais.com\/internacional\/2017\/07\/05\/actualidad\/1499238529_316505.html\" target=\"_blank\" rel=\"noreferrer noopener\">acciones inocuas pero espectaculares<\/a>, como el robo de un helic\u00f3ptero oficial con el que sobrevol\u00f3 el valle de la capital venezolana e hizo algunos disparos contra las sedes del Tribunal Supremo de Justicia (TSJ) y el Ministerio del Interior. Las tropas de choque rodearon el lugar y tendieron una emboscada.\r\n\r\n \r\n<figure class=\"wp-block-image\"><img decoding=\"async\" class=\"wp-image-88304\" src=\"https:\/\/i1.wp.com\/armando.info\/wp-content\/uploads\/2024\/07\/portada-video.jpg\" alt=\"\" \/><\/figure>\r\n \r\n\r\nUniformado, con armas largas y chaleco antibalas; con toga y birrete; en traje de gala militar, y, hasta con tanques de guerra. As\u00ed se presenta Granko en su cuenta de Instagram, reabierta esta semana tras ser ascendido al grado de coronel. Cr\u00e9dito: Instagram \/ @<a href=\"https:\/\/www.instagram.com\/grankoarteagagk\/?hl=en\" target=\"_blank\" rel=\"noreferrer noopener\">grankoarteagagk<\/a>\r\n\r\n \r\n\r\nDespu\u00e9s de algunas horas de combate, en las que usaron armas de guerra, las fuerzas del gobierno lograron herir a P\u00e9rez y a sus acompa\u00f1antes, hasta obligarlos a rendirse. Pero luego vino el horror, que la Comisi\u00f3n Interamericana de Derechos Humanos (CIDH) relat\u00f3. Citando las im\u00e1genes del asalto y los informes de las autopsias de las v\u00edctimas, la CIDH concluy\u00f3 que los rebeldes fueron ejecutados con &#8220;tiros de gracia&#8221;.\r\n\r\n \r\n\r\nA Granko lo distinguen otros honores dudosos. Como el de figurar entre los pocos funcionarios del Estado venezolano que Naciones Unidas, en el primer informe de su Misi\u00f3n Internacional Independiente de Determinaci\u00f3n de los Hechos sobre la Rep\u00fablica Bolivariana de Venezuela, de septiembre de 2020, se\u00f1al\u00f3 expl\u00edcitamente como responsable de la cadena de mando sobre la tortura y los tratos crueles. Espec\u00edficamente, a Granko\u00a0<a href=\"https:\/\/monitoreamos.com\/venezuela\/quien-es-alexander-enrique-granko-arteaga-alias-barba-identificado-por-la-onu-como-el-responsable-de-las-casas-clandestinas-de-torturas-en-caracas\" target=\"_blank\" rel=\"noreferrer noopener\">se achaca<\/a>\u00a0el mando de las\u00a0<a href=\"https:\/\/storage.googleapis.com\/qurium\/armando.info\/series.htmlla-tortura-es-la-vecina\/\" target=\"_blank\" rel=\"noreferrer noopener\">casas de tortura<\/a>. Dos a\u00f1os despu\u00e9s, un nuevo informe del mismo ente volvi\u00f3 a mencionar al oficial, hasta 96 veces en un documento de 123 p\u00e1ginas, asoci\u00e1ndolo con detenciones arbitrarias, desapariciones forzadas de corta duraci\u00f3n, redadas y traslados a centros de detenci\u00f3n clandestinos.\r\n\r\n \r\n\r\n\u201cSeg\u00fan estas v\u00edctimas, en muchas de las sesiones de tortura, [<em>Granko<\/em>] Arteaga no se cubr\u00eda la cara como otros funcionarios de la DGCIM. \u00c9l mismo amenazaba a las v\u00edctimas, les propinaba golpes y les aplicaba otros medios severos de tortura, al tiempo que daba \u00f3rdenes y supervisaba las acciones de sus subordinados\u201d, se\u00f1ala el informe de 2022, elaborado a partir de 471 entrevistas con v\u00edctimas y funcionarios del Estado. \u201cEstas \u00f3rdenes inclu\u00edan actos de violencia sexual, como golpes y descargas el\u00e9ctricas en los genitales de los detenidos y desnudez forzada\u201d.\r\n\r\n \r\n\r\nEse descaro permiti\u00f3, por ejemplo, que en 2022, Vasco Da Costa, activista al que el r\u00e9gimen arrest\u00f3 en tres oportunidades, confirmara\u00a0<a href=\"https:\/\/storage.googleapis.com\/qurium\/armando.info\/cuando-el-esbirro-se-vuelve-jefe.html\" target=\"_blank\" rel=\"noreferrer noopener\">en entrevista para Armando.info<\/a>, poco antes de fallecer, que en su \u00faltima detenci\u00f3n, en abril de 2018, Granko lo tortur\u00f3 personalmente: \u201cMe ahogaba con una bolsa de pl\u00e1stico\u201d. Da Costa se desmay\u00f3 y al despertar se vio colgado en una escalera, donde luego lo apalearon por todo el cuerpo.\r\n\r\n \r\n\r\nEs el mismo Alexander Granko Arteaga que hoy ofrece el ron Espartano y todo un emporio del disfrute.\r\n\r\n \r\n<figure class=\"wp-block-embed\">\r\n<div class=\"wp-block-embed__wrapper\">https:\/\/www.scribd.com\/embeds\/748194475\/content?start_page=1&amp;view_mode=scroll&amp;access_key=key-7XuZ0NUxt2lKU4WkRXdA<\/div><\/figure>\r\n \r\n\r\n<a href=\"https:\/\/www.scribd.com\/document\/748194475\/Informe-de-Naciones-Unidas-de-la-Mision-Internacional-Independiente-de-Determinacion-de-los-Hechos-sobre-la-Republica-Bolivariana-de-Venezuela-de-sep#from_embed\" target=\"_blank\" rel=\"noreferrer noopener\">Informe de Naciones Unidas &#8230;<\/a>\u00a0by\u00a0<a href=\"https:\/\/www.scribd.com\/user\/172222252\/ArmandoInfo#from_embed\" target=\"_blank\" rel=\"noreferrer noopener\">ArmandoInfo<\/a>\r\n\r\n \r\n\r\nEn las 123 p\u00e1ginas de este documento de una misi\u00f3n de la ONU en 2022, a Granko se le menciona 96 veces como perpetrador de delitos asociados a la tortura y tratos crueles\r\n\r\n \r\n<h2 id=\"crueldad-y-resuelve\" class=\"wp-block-heading\">Crueldad y \u2018resuelve\u2019<\/h2>\r\n \r\n\r\nUna idea que propuso la fil\u00f3sofa jud\u00edo-alemana Hanna Arendt en su famoso reportaje de 1961, \u201cEichmann en Jerusal\u00e9n\u201d, encargado por la revista\u00a0<em>The New Yorke<\/em>r, fue la de la\u00a0<em>banalidad del mal<\/em>. Adolf Eichmann, el oficial de la SS nazi entonces puesto a rendir cuentas frente la justicia de Israel, quien hab\u00eda organizado el traslado de millones de jud\u00edos desde diversos rincones de Europa a los campos de exterminio, no era el monstruoso sic\u00f3pata que todos quer\u00edan imaginar. En cambio, se percat\u00f3 Arendt, apenas se trataba de un hombre com\u00fan, quiz\u00e1s anodino, al que hab\u00edan impulsado a cometer actos atroces la obediencia a la autoridad, la falta de pensamiento cr\u00edtico y la adaptaci\u00f3n a un sistema burocr\u00e1tico y deshumanizante.\r\n\r\n \r\n\r\nM\u00e1s de ocho d\u00e9cadas despu\u00e9s, Alexander Granko Arteaga todav\u00eda no enfrenta un tribunal, y de su personalidad solo dan algunos atisbos sus mensajes, a menudo desafiantes, en las redes sociales que hab\u00eda cerrado y esta semana volvi\u00f3 a reactivar tras su ascenso a coronel. Pero ya queda claro que sus acciones guardan ambiciones de riqueza y lucro personal.\r\n\r\n \r\n\r\n\u201cSeg\u00fan v\u00edctimas y otras fuentes, Granko Arteaga posee importantes propiedades y est\u00e1 implicado en el tr\u00e1fico de armas y en la extracci\u00f3n ilegal de minerales en el estado de Bol\u00edvar\u201d, dec\u00eda uno de los informes de Naciones Unidas. \u201cUn exoficial de la DGCIM indic\u00f3 que luego de la Operaci\u00f3n\u00a0<em>Manos de Metal<\/em>\u00a0del a\u00f1o 2018 en el estado de Bol\u00edvar, que tuvo por prop\u00f3sito erradicar a los grupos armados organizados de las \u00e1reas mineras, Granko Arteaga recibi\u00f3 \u00e1reas para la explotaci\u00f3n de miner\u00eda\u201d.\r\n\r\n \r\n\r\nAlexander Enrique Granko Arteaga, alias\u00a0<em>Barb<\/em>a, nacido en marzo de 1981, empez\u00f3 como escolta del expresidente Hugo Ch\u00e1vez, un cargo que percibe un salario en bol\u00edvares. A\u00fan con esa desventaja inicial, hoy apenas cuarent\u00f3n, mantiene un alto nivel de vida inalcanzable para la mayor\u00eda de los venezolanos. Ese ascenso tambi\u00e9n se explica con emprendimientos como el de la extorsi\u00f3n. Seg\u00fan informa la ONU en uno de sus reportes, un empresario fue detenido en cinco ocasiones en una casa clandestina ubicada en la zona de Prados del Este, un barrio de quintas de clase media-alta en el sureste de Caracas: \u201cGranko Arteaga y otros funcionarios de la DGCIM lo obligaron bajo tortura a realizar transferencias bancarias de grandes sumas de dinero a las cuentas personales\u201d.\r\n\r\n \r\n\r\nMientras esas denuncias iban apareciendo, tambi\u00e9n emerg\u00edan alusiones a las empresas del c\u00edrculo m\u00e1s cercano a Granko. Por ejemplo, en su\u00a0<a href=\"https:\/\/www.amazon.com\/Nicol%C3%A1s-Maduro-pudo-caer-Spanish\/dp\/B0C1JB1TTK\" target=\"_blank\" rel=\"noreferrer noopener\">libro<\/a>\u00a0<em>30-A: d\u00eda en que Nicol\u00e1s Maduro pudo caer<\/em>, el general Manuel Christopher Figuera,<em>\u00a0<\/em>exdirector del Servicio Bolivariano de Inteligencia Nacional (Sebin, polic\u00eda pol\u00edtica), hoy en el exilio, llega a contar otras 20 empresas presuntamente vinculadas a Granko, entre fundos y agropecuarias, ferreter\u00edas, supermercados, empresas metal\u00fargicas, hoteles y cooperativas.\r\n\r\n \r\n<figure class=\"wp-block-image\"><a href=\"https:\/\/i1.wp.com\/armando.info\/wp-content\/uploads\/2024\/07\/07072024-libro-1.jpg\"><img decoding=\"async\" class=\"wp-image-88296\" src=\"https:\/\/i1.wp.com\/armando.info\/wp-content\/uploads\/2024\/07\/07072024-libro-1-700x1100.jpg\" alt=\"\" \/><\/a><\/figure>\r\n \r\n<figure class=\"wp-block-image\"><a href=\"https:\/\/i1.wp.com\/armando.info\/wp-content\/uploads\/2024\/07\/07072024-libro-2.jpg\"><img decoding=\"async\" class=\"wp-image-88298\" src=\"https:\/\/i1.wp.com\/armando.info\/wp-content\/uploads\/2024\/07\/07072024-libro-2-700x1100.jpg\" alt=\"\" \/><\/a><\/figure>\r\n \r\n<ul class=\"wp-block-list\">\r\n \t<li><\/li>\r\n \r\n \t<li><\/li>\r\n<\/ul>\r\n \r\n\r\n\u201cA la fecha es conocido, que esta estructura creci\u00f3 exponencialmente, despu\u00e9s de las operaciones\u00a0<em>Manos de Papel y Manos de Metal<\/em>, conducidas [<em>por el general Iv\u00e1n<\/em>] Hern\u00e1ndez Dala y Granko, es decir, cometiendo todo tipo de abusos y atropellos su emporio se pierde de vista\u201d, escribe Figuera. Iv\u00e1n Hern\u00e1ndez Dala es el jefe de la Dgcim.\r\n\r\n \r\n\r\nDetr\u00e1s de la lista de empresas que refiere Cristopher Figuera aparecen varios de los nombres de la estructura comercial de Miami y Puerto Cabello. En conversaci\u00f3n telef\u00f3nica para este reportaje, el exdirector del Sebin cuenta que, en los \u00faltimos tiempos, Granko ha ido tejiendo una red de empresas, muchas de ellas a cargo de otros familiares, colaboradores y amigos, entre los que salta a la vista el nombre de su hermano, Luis Ignacio Granko Arteaga, que se ha desempe\u00f1ado como gerente de Oficinas Regionales del Instituto Nacional de Transporte y Tr\u00e1nsito Terrestre (INTTT) y que en paralelo tiene dos distribuidoras de alimentos en los estados Carabobo y Miranda, sobre la costa central del pa\u00eds.\r\n\r\n \r\n\r\nEsas empresas han mantenido un bajo perfil, tal como el propio Granko hasta la reciente reapertura de su cuenta en Instagram. Pero en el caso de Beer &amp; Food Truck, Puerto Cabello, la cosa es distinta: en ese lugar hay buena rumba, que se hace sentir hasta la madrugada. En sus salones el viernes transmitieron el partido de la Vinotinto y la de ayer fue otra noche de salsa. All\u00ed, entre cervezas importadas y destilados exclusivos como el ron del Team Espartanos, se encuentra el bodeg\u00f3n de Alexander Granko, el torturador que calculaba.\r\n\r\n \r\n\r\n<a href=\"https:\/\/flourish.studio\/visualisations\/network-charts\/?utm_source=showcase&amp;utm_campaign=visualisation\/18597314\">A Flourish network chart<\/a>\r\n\r\n \r\n\r\n&nbsp;\r\n\r\n","protected":false},"excerpt":{"rendered":"<p>Alrededor del reci\u00e9n ascendido coronel Alexander Granko Arteaga ha emergido un grupo de negocios que \u2013entre fundos y agropecuarias, ferreter\u00edas, supermercados, empresas metal\u00fargicas, hoteles y [&hellip;]<\/p>\n","protected":false},"author":2,"featured_media":3793,"comment_status":"open","ping_status":"open","sticky":false,"template":"","format":"standard","meta":{"h5ap_radio_sources":[],"_FSMCFIC_featured_image_caption":"","_FSMCFIC_featured_image_nocaption":"","_FSMCFIC_featured_image_hide":"","_jetpack_memberships_contains_paid_content":false,"footnotes":""},"categories":[2],"tags":[],"class_list":["post-3791","post","type-post","status-publish","format-standard","has-post-thumbnail","hentry","category-venezuela"],"aioseo_notices":[],"jetpack_featured_media_url":"https:\/\/nuevaprensaamerica.com\/wp-content\/uploads\/2024\/09\/Sin-titulo-3.png","jetpack_sharing_enabled":true,"_links":{"self":[{"href":"https:\/\/nuevaprensaamerica.com\/index.php\/wp-json\/wp\/v2\/posts\/3791","targetHints":{"allow":["GET"]}}],"collection":[{"href":"https:\/\/nuevaprensaamerica.com\/index.php\/wp-json\/wp\/v2\/posts"}],"about":[{"href":"https:\/\/nuevaprensaamerica.com\/index.php\/wp-json\/wp\/v2\/types\/post"}],"author":[{"embeddable":true,"href":"https:\/\/nuevaprensaamerica.com\/index.php\/wp-json\/wp\/v2\/users\/2"}],"replies":[{"embeddable":true,"href":"https:\/\/nuevaprensaamerica.com\/index.php\/wp-json\/wp\/v2\/comments?post=3791"}],"version-history":[{"count":1,"href":"https:\/\/nuevaprensaamerica.com\/index.php\/wp-json\/wp\/v2\/posts\/3791\/revisions"}],"predecessor-version":[{"id":3792,"href":"https:\/\/nuevaprensaamerica.com\/index.php\/wp-json\/wp\/v2\/posts\/3791\/revisions\/3792"}],"wp:featuredmedia":[{"embeddable":true,"href":"https:\/\/nuevaprensaamerica.com\/index.php\/wp-json\/wp\/v2\/media\/3793"}],"wp:attachment":[{"href":"https:\/\/nuevaprensaamerica.com\/index.php\/wp-json\/wp\/v2\/media?parent=3791"}],"wp:term":[{"taxonomy":"category","embeddable":true,"href":"https:\/\/nuevaprensaamerica.com\/index.php\/wp-json\/wp\/v2\/categories?post=3791"},{"taxonomy":"post_tag","embeddable":true,"href":"https:\/\/nuevaprensaamerica.com\/index.php\/wp-json\/wp\/v2\/tags?post=3791"}],"curies":[{"name":"wp","href":"https:\/\/api.w.org\/{rel}","templated":true}]}}