{"id":3794,"date":"2024-09-03T19:47:52","date_gmt":"2024-09-03T19:47:52","guid":{"rendered":"https:\/\/nuevaprensaamerica.com\/?p=3794"},"modified":"2024-09-03T19:47:53","modified_gmt":"2024-09-03T19:47:53","slug":"anos-de-carrera-del-productor-y-director-de-tv-carlos-mesber-fue-premiada","status":"publish","type":"post","link":"https:\/\/nuevaprensaamerica.com\/index.php\/2024\/09\/03\/anos-de-carrera-del-productor-y-director-de-tv-carlos-mesber-fue-premiada\/","title":{"rendered":"A\u00f1os de carrera del productor y director de TV Carlos Mesber fue premiada"},"content":{"rendered":"\r\n\r\nEn una noche llena de elegancia y sorpresas, <strong><em>Original Living Magazine<\/em><\/strong>, bajo la direcci\u00f3n de<strong><em> Isabel L\u00f3pez<\/em><\/strong>, rindi\u00f3 un merecido homenaje al <strong><em>productor Carlos Mesber<\/em><\/strong>, destacando su impresionante trayectoria y el \u00e9xito rotundo que ha cosechado en los a\u00f1os m\u00e1s recientes como productor y director de televisi\u00f3n.\r\n\r\n \r\n<figure class=\"wp-block-image size-full\"><img decoding=\"async\" class=\"wp-image-66597\" src=\"https:\/\/infocaos.com\/wp-content\/uploads\/2024\/09\/k.png\" alt=\"\" \/><\/figure>\r\n \r\n\r\nLa edici\u00f3n del mes de agosto de la prestigiosa revista fue dedicada\u00a0\u00a0a Mesber, quien tambi\u00e9n tuvo el honor de aparecer en la portada de la revista acompa\u00f1ado por el grupo de talentosas mujeres que forman parte de sus reconocidos programas, <strong><em>&#8220;Si\u00e9ntese Quien Pueda&#8221; <\/em><\/strong>y <strong><em>&#8220;Desiguales&#8221; <\/em><\/strong>y adentro de la revista muchas p\u00e1ginas dedicadas a todos los talentos de <em><strong>We Love Entertainment<\/strong><\/em> que trabajan a diario por lograr estos maravillosos programas en <strong><em>Univision<\/em><\/strong>.\r\n\r\n <div class=\"wp-block-image\">\r\n<figure class=\"aligncenter size-full\"><img decoding=\"async\" class=\"wp-image-11163\" src=\"https:\/\/eldoral.com\/wp-content\/uploads\/2024\/09\/l.png\" alt=\"\" \/><\/figure>\r\n<\/div> \r\n<figure class=\"wp-block-image\"><img decoding=\"async\" class=\"wp-image-11033\" src=\"https:\/\/eldoral.com\/wp-content\/uploads\/2024\/09\/image-1024x341.png\" alt=\"\" \/><\/figure>\r\n \r\n\r\nEn la portada, Carlos Mesber estuvo rodeado por destacadas figuras femeninas como la doctora Nancy \u00c1lvarez, Amara La Negra, Karina Banda, Carolina Sandoval, Kerly Ruiz, ChiquiBaby y Adamari L\u00f3pez, quienes engalanaron esta edici\u00f3n especial. Adem\u00e1s, los hombres del programa &#8220;Si\u00e9ntese Qui\u00e9n Pueda&#8221;, Jorge Bernal, Lucho Borrego y Alex Rodr\u00edguez, tambi\u00e9n fueron reconocidos y resaltados en la revista por su contribuci\u00f3n al \u00e9xito del programa.\r\n\r\n \r\n<figure class=\"wp-block-image\"><img decoding=\"async\" class=\"wp-image-11091\" src=\"https:\/\/eldoral.com\/wp-content\/uploads\/2024\/09\/3-1-823x1024.png\" alt=\"\" \/><\/figure>\r\n \r\n\r\nEl evento, que se llev\u00f3 a cabo en Miami, fue un derroche de glamour y reuni\u00f3 a importantes personalidades de los medios de comunicaci\u00f3n, el mundo de la moda, el arte, la m\u00fasica, empresarios, y amigos cercanos tanto de Mesber como de la revista. La velada estuvo marcada por varias presentaciones musicales que animaron la noche, creando un ambiente inigualable.\r\n\r\n \r\n\r\n&nbsp;\r\n\r\n \r\n\r\n&nbsp;\r\n\r\n \r\n<figure class=\"wp-block-image size-full\"><img decoding=\"async\" class=\"wp-image-11164\" src=\"https:\/\/eldoral.com\/wp-content\/uploads\/2024\/09\/j.png\" alt=\"\" \/><\/figure>\r\n \r\n\r\nUno de los momentos m\u00e1s destacados de la noche fue el reconocimiento otorgado a Carlos Mesber y a los talentos de sus programas por parte de Cristian Cevallos, Concejal de Miami-Dade. Este reconocimiento resalta no solo la destacada trayectoria de Mesber, sino tambi\u00e9n su valiosa contribuci\u00f3n a la sociedad a trav\u00e9s de su trabajo en la televisi\u00f3n.\r\n\r\n <div class=\"wp-block-image\">\r\n<figure class=\"aligncenter size-full\"><img decoding=\"async\" class=\"wp-image-11165\" src=\"https:\/\/eldoral.com\/wp-content\/uploads\/2024\/09\/h.png\" alt=\"\" \/><\/figure>\r\n<\/div> \r\n\r\nAdem\u00e1s, Isabel L\u00f3pez, directora de Original Living Magazine, entreg\u00f3 personalmente dos reconocimientos a Carlos Mesber en honor a la portada de la revista y a su gran trabajo por la comunidad latina en USA, sellando as\u00ed una noche que se recordar\u00e1 como un hito en la carrera del destacado productor.\r\n\r\n <div class=\"wp-block-image\">\r\n<figure class=\"aligncenter size-full\"><img decoding=\"async\" class=\"wp-image-11166\" src=\"https:\/\/eldoral.com\/wp-content\/uploads\/2024\/09\/ll.png\" alt=\"\" \/><\/figure>\r\n<\/div> \r\n\r\nLa alfombra roja del evento fue un espect\u00e1culo en s\u00ed misma, con una gran presencia de periodistas y medios de comunicaci\u00f3n que aprovecharon la ocasi\u00f3n para entrevistar a los agasajados. Sin lugar a dudas, fue una celebraci\u00f3n que reflej\u00f3 el lujo y la sofisticaci\u00f3n que caracterizan tanto a Carlos Mesber como a Original Living Magazine.\r\n\r\n \r\n<figure class=\"wp-block-image size-large\"><img decoding=\"async\" class=\"wp-image-11167\" src=\"https:\/\/eldoral.com\/wp-content\/uploads\/2024\/09\/c-1024x683.png\" alt=\"\" \/><\/figure>\r\n <div class=\"wp-block-image\">\r\n<figure class=\"aligncenter size-full\"><img decoding=\"async\" class=\"wp-image-11168\" src=\"https:\/\/eldoral.com\/wp-content\/uploads\/2024\/09\/n.png\" alt=\"\" \/><\/figure>\r\n<\/div> \r\n<figure class=\"wp-block-gallery aligncenter has-nested-images columns-default is-cropped wp-block-gallery-1 is-layout-flex wp-block-gallery-is-layout-flex\">\r\n<figure class=\"wp-block-image size-full\"><img decoding=\"async\" data-id=\"11169\" class=\"wp-image-11169\" src=\"https:\/\/eldoral.com\/wp-content\/uploads\/2024\/09\/o.png\" alt=\"\" \/><\/figure>\r\n<\/figure>\r\n <div class=\"wp-block-image\">\r\n<figure class=\"aligncenter size-full\"><img decoding=\"async\" class=\"wp-image-11171\" src=\"https:\/\/eldoral.com\/wp-content\/uploads\/2024\/09\/p-1.png\" alt=\"\" \/><\/figure>\r\n<\/div> <div class=\"wp-block-image\">\r\n<figure class=\"aligncenter size-full\"><img decoding=\"async\" class=\"wp-image-11172\" src=\"https:\/\/eldoral.com\/wp-content\/uploads\/2024\/09\/q.png\" alt=\"\" \/><\/figure>\r\n<\/div> \r\n\r\n&nbsp;\r\n\r\n \r\n<figure class=\"wp-block-image size-large\"><img decoding=\"async\" class=\"wp-image-11173\" src=\"https:\/\/eldoral.com\/wp-content\/uploads\/2024\/09\/d-1024x683.png\" alt=\"\" \/><\/figure>\r\n \r\n\r\n&nbsp;\r\n\r\n <div class=\"wp-block-image\">\r\n<figure class=\"aligncenter size-full\"><img decoding=\"async\" class=\"wp-image-11174\" src=\"https:\/\/eldoral.com\/wp-content\/uploads\/2024\/09\/g.png\" alt=\"\" \/><\/figure>\r\n<\/div> <div class=\"wp-block-image\">\r\n<figure class=\"aligncenter size-full\"><img decoding=\"async\" class=\"wp-image-11175\" src=\"https:\/\/eldoral.com\/wp-content\/uploads\/2024\/09\/e.png\" alt=\"\" \/><\/figure>\r\n<\/div> <div class=\"wp-block-image\">\r\n<figure class=\"aligncenter size-large\"><img decoding=\"async\" class=\"wp-image-11176\" src=\"https:\/\/eldoral.com\/wp-content\/uploads\/2024\/09\/a-576x1024.png\" alt=\"\" \/><\/figure>\r\n<\/div> \r\n\r\n&nbsp;\r\n\r\n \r\n\r\n&nbsp;\r\n\r\n <div class=\"wp-block-image\">\r\n<figure class=\"aligncenter size-full\"><img decoding=\"async\" class=\"wp-image-11177\" src=\"https:\/\/eldoral.com\/wp-content\/uploads\/2024\/09\/m.png\" alt=\"\" \/><\/figure>\r\n<\/div> \r\n\r\n&nbsp;\r\n\r\n <div class=\"wp-block-image\">\r\n<figure class=\"aligncenter size-full\"><img decoding=\"async\" class=\"wp-image-11180\" src=\"https:\/\/eldoral.com\/wp-content\/uploads\/2024\/09\/p-2.png\" alt=\"\" \/><\/figure>\r\n<\/div> \r\n\r\n&nbsp;\r\n\r\n \r\n\r\n&nbsp;\r\n\r\n","protected":false},"excerpt":{"rendered":"<p>En una noche llena de elegancia y sorpresas, Original Living Magazine, bajo la direcci\u00f3n de Isabel L\u00f3pez, rindi\u00f3 un merecido homenaje al productor Carlos Mesber, [&hellip;]<\/p>\n","protected":false},"author":2,"featured_media":3796,"comment_status":"open","ping_status":"open","sticky":false,"template":"","format":"standard","meta":{"h5ap_radio_sources":[],"_FSMCFIC_featured_image_caption":"","_FSMCFIC_featured_image_nocaption":"","_FSMCFIC_featured_image_hide":"","_jetpack_memberships_contains_paid_content":false,"footnotes":""},"categories":[17],"tags":[],"class_list":["post-3794","post","type-post","status-publish","format-standard","has-post-thumbnail","hentry","category-estados-unidos"],"aioseo_notices":[],"jetpack_featured_media_url":"https:\/\/nuevaprensaamerica.com\/wp-content\/uploads\/2024\/09\/h.png","jetpack_sharing_enabled":true,"_links":{"self":[{"href":"https:\/\/nuevaprensaamerica.com\/index.php\/wp-json\/wp\/v2\/posts\/3794","targetHints":{"allow":["GET"]}}],"collection":[{"href":"https:\/\/nuevaprensaamerica.com\/index.php\/wp-json\/wp\/v2\/posts"}],"about":[{"href":"https:\/\/nuevaprensaamerica.com\/index.php\/wp-json\/wp\/v2\/types\/post"}],"author":[{"embeddable":true,"href":"https:\/\/nuevaprensaamerica.com\/index.php\/wp-json\/wp\/v2\/users\/2"}],"replies":[{"embeddable":true,"href":"https:\/\/nuevaprensaamerica.com\/index.php\/wp-json\/wp\/v2\/comments?post=3794"}],"version-history":[{"count":2,"href":"https:\/\/nuevaprensaamerica.com\/index.php\/wp-json\/wp\/v2\/posts\/3794\/revisions"}],"predecessor-version":[{"id":3797,"href":"https:\/\/nuevaprensaamerica.com\/index.php\/wp-json\/wp\/v2\/posts\/3794\/revisions\/3797"}],"wp:featuredmedia":[{"embeddable":true,"href":"https:\/\/nuevaprensaamerica.com\/index.php\/wp-json\/wp\/v2\/media\/3796"}],"wp:attachment":[{"href":"https:\/\/nuevaprensaamerica.com\/index.php\/wp-json\/wp\/v2\/media?parent=3794"}],"wp:term":[{"taxonomy":"category","embeddable":true,"href":"https:\/\/nuevaprensaamerica.com\/index.php\/wp-json\/wp\/v2\/categories?post=3794"},{"taxonomy":"post_tag","embeddable":true,"href":"https:\/\/nuevaprensaamerica.com\/index.php\/wp-json\/wp\/v2\/tags?post=3794"}],"curies":[{"name":"wp","href":"https:\/\/api.w.org\/{rel}","templated":true}]}}