{"id":3798,"date":"2024-09-04T18:40:35","date_gmt":"2024-09-04T18:40:35","guid":{"rendered":"https:\/\/nuevaprensaamerica.com\/?p=3798"},"modified":"2024-09-04T18:40:35","modified_gmt":"2024-09-04T18:40:35","slug":"aleska-genesis-deslumbro-en-el-dubai-fashion-week-2024-modelando-para-el-disenador-michael-cinco-couture","status":"publish","type":"post","link":"https:\/\/nuevaprensaamerica.com\/index.php\/2024\/09\/04\/aleska-genesis-deslumbro-en-el-dubai-fashion-week-2024-modelando-para-el-disenador-michael-cinco-couture\/","title":{"rendered":"Aleska G\u00e9nesis deslumbr\u00f3 en el Dubai Fashion Week 2024 modelando para el dise\u00f1ador Michael Cinco Couture"},"content":{"rendered":"\r\n\r\nLa empresaria y modelo venezolana Aleska G\u00e9nesis, conocida por su elegante estilo y presencia en la industria de la moda, ha dejado una marca imborrable en el Dubai Fashion Week 2024. Aleska fue invitada a modelar para el prestigioso dise\u00f1ador internacional Michael Cinco Couture, quien ha sido elogiado por su innovador enfoque en la moda contempor\u00e1nea.\r\n\r\n \r\n\r\nLuciendo dise\u00f1os exclusivos de la \u00faltima colecci\u00f3n de Cinco Couture, Aleska G\u00e9nesis cautiv\u00f3 a la audiencia con su belleza, carisma y profesionalismo en la pasarela, destac\u00e1ndose como una de las figuras m\u00e1s comentadas del evento. La colecci\u00f3n, caracterizada por sus l\u00edneas audaces y sofisticadas combinaciones de texturas y colores, encontr\u00f3 en Aleska la int\u00e9rprete perfecta para transmitir la visi\u00f3n del dise\u00f1ador.\r\n\r\n \r\n\r\nLa modelo venezolana se convirti\u00f3 en una de las protagonistas indiscutibles del Dubai Fashion Week 2024 al desfilar un deslumbrante vestido blanco que dej\u00f3 a todos boquiabiertos. El dise\u00f1o, creado por el renombrado dise\u00f1ador Michael Cinco Couture, se ajustaba a la perfecci\u00f3n a su escultural figura, destacando su elegancia y presencia en la pasarela.\r\n\r\n \r\n\r\nEl vestido, confeccionado con finos tejidos y detalles delicados, fue una verdadera obra de arte que captur\u00f3 la esencia de la alta costura contempor\u00e1nea. Con su ca\u00edda fluida y una silueta que abrazaba sus curvas de manera impecable, el atuendo reflejaba un estilo sofisticado y atemporal, resaltado por el porte natural de Aleska.\r\n\r\n \r\n\r\nMientras desfilaba, las luces de la pasarela parec\u00edan brillar a\u00fan m\u00e1s, reflej\u00e1ndose en los delicados bordados del vestido y acentuando la belleza radiante de Aleska G\u00e9nesis. La audiencia qued\u00f3 maravillada ante su magnetismo y gracia, confirmando una vez m\u00e1s por qu\u00e9 es una de las modelos m\u00e1s reconocidas y queridas del panorama internacional.\r\n\r\n \r\n\r\n&nbsp;\r\n\r\n \r\n\r\n&nbsp;\r\n\r\n \r\n<blockquote class=\"instagram-media\" data-instgrm-captioned=\"\" data-instgrm-permalink=\"https:\/\/www.instagram.com\/p\/C_gPjckPQwC\/?utm_source=ig_embed&amp;utm_campaign=loading\" data-instgrm-version=\"14\">\r\n<div>\r\n<div>\r\n<div><\/div>\r\n<div>\r\n<div><\/div>\r\n<div><\/div>\r\n<\/div>\r\n<\/div>\r\n<div><\/div>\r\n<div><\/div>\r\n<div>\r\n<div>Ver esta publicaci\u00f3n en Instagram<\/div>\r\n<\/div>\r\n<div><\/div>\r\n<div>\r\n<div>\r\n<div><\/div>\r\n<div><\/div>\r\n<div><\/div>\r\n<\/div>\r\n<div>\r\n<div><\/div>\r\n<div><\/div>\r\n<\/div>\r\n<div>\r\n<div><\/div>\r\n<div><\/div>\r\n<div><\/div>\r\n<\/div>\r\n<\/div>\r\n<div>\r\n<div><\/div>\r\n<div><\/div>\r\n<\/div>\r\n<a href=\"https:\/\/www.instagram.com\/p\/C_gPjckPQwC\/?utm_source=ig_embed&amp;utm_campaign=loading\" target=\"_blank\" rel=\"noopener\">Una publicaci\u00f3n compartida de Genesis Aleska (@aleskagenesis)<\/a>\r\n\r\n<\/div><\/blockquote>\r\n \r\n\r\nCon esta impresionante aparici\u00f3n en el Dubai Fashion Week, Aleska reafirm\u00f3 su lugar como un \u00edcono de la moda global, demostrando que su talento y belleza no conocen fronteras.\r\n\r\n \r\n\r\nLa participaci\u00f3n de Aleska G\u00e9nesis en este importante evento internacional, la reafirma como una figura destacada en la industria de la moda, consolidando su presencia tanto en Am\u00e9rica Latina como en escenarios globales.\r\n\r\n","protected":false},"excerpt":{"rendered":"<p>La empresaria y modelo venezolana Aleska G\u00e9nesis, conocida por su elegante estilo y presencia en la industria de la moda, ha dejado una marca imborrable [&hellip;]<\/p>\n","protected":false},"author":2,"featured_media":3800,"comment_status":"open","ping_status":"open","sticky":false,"template":"","format":"standard","meta":{"h5ap_radio_sources":[],"_FSMCFIC_featured_image_caption":"","_FSMCFIC_featured_image_nocaption":"","_FSMCFIC_featured_image_hide":"","_jetpack_memberships_contains_paid_content":false,"footnotes":""},"categories":[17,5],"tags":[],"class_list":["post-3798","post","type-post","status-publish","format-standard","has-post-thumbnail","hentry","category-estados-unidos","category-internacionales"],"aioseo_notices":[],"jetpack_featured_media_url":"https:\/\/nuevaprensaamerica.com\/wp-content\/uploads\/2024\/09\/Sin-titulo-4.png","jetpack_sharing_enabled":true,"_links":{"self":[{"href":"https:\/\/nuevaprensaamerica.com\/index.php\/wp-json\/wp\/v2\/posts\/3798","targetHints":{"allow":["GET"]}}],"collection":[{"href":"https:\/\/nuevaprensaamerica.com\/index.php\/wp-json\/wp\/v2\/posts"}],"about":[{"href":"https:\/\/nuevaprensaamerica.com\/index.php\/wp-json\/wp\/v2\/types\/post"}],"author":[{"embeddable":true,"href":"https:\/\/nuevaprensaamerica.com\/index.php\/wp-json\/wp\/v2\/users\/2"}],"replies":[{"embeddable":true,"href":"https:\/\/nuevaprensaamerica.com\/index.php\/wp-json\/wp\/v2\/comments?post=3798"}],"version-history":[{"count":1,"href":"https:\/\/nuevaprensaamerica.com\/index.php\/wp-json\/wp\/v2\/posts\/3798\/revisions"}],"predecessor-version":[{"id":3799,"href":"https:\/\/nuevaprensaamerica.com\/index.php\/wp-json\/wp\/v2\/posts\/3798\/revisions\/3799"}],"wp:featuredmedia":[{"embeddable":true,"href":"https:\/\/nuevaprensaamerica.com\/index.php\/wp-json\/wp\/v2\/media\/3800"}],"wp:attachment":[{"href":"https:\/\/nuevaprensaamerica.com\/index.php\/wp-json\/wp\/v2\/media?parent=3798"}],"wp:term":[{"taxonomy":"category","embeddable":true,"href":"https:\/\/nuevaprensaamerica.com\/index.php\/wp-json\/wp\/v2\/categories?post=3798"},{"taxonomy":"post_tag","embeddable":true,"href":"https:\/\/nuevaprensaamerica.com\/index.php\/wp-json\/wp\/v2\/tags?post=3798"}],"curies":[{"name":"wp","href":"https:\/\/api.w.org\/{rel}","templated":true}]}}