{"id":3804,"date":"2024-09-04T23:41:45","date_gmt":"2024-09-04T23:41:45","guid":{"rendered":"https:\/\/nuevaprensaamerica.com\/?p=3804"},"modified":"2024-09-04T23:41:45","modified_gmt":"2024-09-04T23:41:45","slug":"bajo-investigacion-federal-jose-vicente-amparan-crocker-pieza-clave-en-la-compra-del-avion-confiscado-por-estados-unidos-a-venezuela","status":"publish","type":"post","link":"https:\/\/nuevaprensaamerica.com\/index.php\/2024\/09\/04\/bajo-investigacion-federal-jose-vicente-amparan-crocker-pieza-clave-en-la-compra-del-avion-confiscado-por-estados-unidos-a-venezuela\/","title":{"rendered":"Bajo investigaci\u00f3n federal Jos\u00e9 Vicente Amparan Crocker pieza clave en la compra del avi\u00f3n confiscado por Estados Unidos a Venezuela"},"content":{"rendered":"\r\n\r\nEn una operaci\u00f3n que gener\u00f3 gran repercusi\u00f3n internacional, el avi\u00f3n oficial de Nicol\u00e1s Maduro fue confiscado por autoridades estadounidenses en Rep\u00fablica Dominicana. El Departamento de Justicia de Estados Unidos ha se\u00f1alado que la aeronave, cuyo valor se estima en aproximadamente 13 millones de d\u00f3lares, fue adquirida de manera ilegal entre finales de 2022 y principios de 2023. Esta acci\u00f3n ha puesto el foco sobre varios personajes involucrados en la transacci\u00f3n, entre ellos Jos\u00e9 Vicente Amparan Crocker.\r\n\r\n \r\n\r\nAmparan Crocker, un nombre recurrente en varios c\u00edrculos financieros y empresariales de Am\u00e9rica Latina, ha sido se\u00f1alado como uno de los facilitadores de la compra del avi\u00f3n. De acuerdo con fuentes cercanas al caso, su participaci\u00f3n habr\u00eda sido clave en la adquisici\u00f3n del aparato a trav\u00e9s de complejas operaciones financieras que buscaron eludir las sanciones internacionales impuestas por Estados Unidos a funcionarios y entidades del gobierno venezolano.\r\n\r\n \r\n<figure class=\"wp-block-image size-large\"><img decoding=\"async\" class=\"wp-image-8347\" src=\"https:\/\/elnoticiero.net\/wp-content\/uploads\/2024\/09\/jose-vicente-amparan3-1-1024x658.webp\" alt=\"\" \/><figcaption class=\"wp-element-caption\">Jos\u00e9 Vicente Amparan Croquer<\/figcaption><\/figure>\r\n \r\n\r\nEl Departamento de Justicia sostiene que Jos\u00e9 Vicente Amparan Crocker, utilizando una red de empresas fachada y transacciones bancarias opacas, ayud\u00f3 a ocultar el origen y destino final de los fondos empleados para la compra del avi\u00f3n. Este esquema, que supuestamente involucraba entidades en para\u00edsos fiscales, fue dise\u00f1ado para que la aeronave pudiera ser utilizada por el gobierno de Maduro sin atraer la atenci\u00f3n de las autoridades internacionales.\r\n\r\n \r\n\r\n&nbsp;\r\n\r\n \r\n\r\nLa incautaci\u00f3n del avi\u00f3n en Rep\u00fablica Dominicana no solo representa un golpe significativo para el r\u00e9gimen de Maduro, sino que tambi\u00e9n subraya el compromiso de Estados Unidos en su lucha contra la corrupci\u00f3n y la evasi\u00f3n de sanciones en Venezuela. Jos\u00e9 Vicente Amparan Crocker, quien hasta ahora ha evitado hacer declaraciones p\u00fablicas, se encuentra ahora en el centro de una investigaci\u00f3n que podr\u00eda derivar en cargos penales si se confirma su participaci\u00f3n en esta operaci\u00f3n fraudulenta.\r\n\r\n <div class=\"wp-block-image\">\r\n<figure class=\"aligncenter size-large\"><img decoding=\"async\" class=\"wp-image-8350\" src=\"https:\/\/elnoticiero.net\/wp-content\/uploads\/2024\/09\/Falcon-900EX-T7-ESPRT-N900SJ-1024x658.webp\" alt=\"\" \/><figcaption class=\"wp-element-caption\">Aeronave confiscada por el Departmento del Tesoro de EEUU<\/figcaption><\/figure>\r\n<\/div> <div class=\"wp-block-image\">\r\n<figure class=\"aligncenter size-full\"><img decoding=\"async\" class=\"wp-image-8348\" src=\"https:\/\/elnoticiero.net\/wp-content\/uploads\/2024\/09\/circle-cropped-2.png\" alt=\"\" \/><figcaption class=\"wp-element-caption\">Jos\u00e9 Vicente Amparan Croquer<\/figcaption><\/figure>\r\n<\/div> \r\n\r\nEl caso, que contin\u00faa desarroll\u00e1ndose, podr\u00eda tener implicaciones de gran alcance para otros actores involucrados y abre la puerta a m\u00e1s acciones internacionales dirigidas a desmantelar redes financieras que apoyan al r\u00e9gimen de Maduro.\r\n\r\n","protected":false},"excerpt":{"rendered":"<p>En una operaci\u00f3n que gener\u00f3 gran repercusi\u00f3n internacional, el avi\u00f3n oficial de Nicol\u00e1s Maduro fue confiscado por autoridades estadounidenses en Rep\u00fablica Dominicana. El Departamento de [&hellip;]<\/p>\n","protected":false},"author":2,"featured_media":0,"comment_status":"open","ping_status":"open","sticky":false,"template":"","format":"standard","meta":{"h5ap_radio_sources":[],"_FSMCFIC_featured_image_caption":"","_FSMCFIC_featured_image_nocaption":"","_FSMCFIC_featured_image_hide":"","_jetpack_memberships_contains_paid_content":false,"footnotes":""},"categories":[2],"tags":[],"class_list":["post-3804","post","type-post","status-publish","format-standard","hentry","category-venezuela"],"aioseo_notices":[],"jetpack_featured_media_url":"","jetpack_sharing_enabled":true,"_links":{"self":[{"href":"https:\/\/nuevaprensaamerica.com\/index.php\/wp-json\/wp\/v2\/posts\/3804","targetHints":{"allow":["GET"]}}],"collection":[{"href":"https:\/\/nuevaprensaamerica.com\/index.php\/wp-json\/wp\/v2\/posts"}],"about":[{"href":"https:\/\/nuevaprensaamerica.com\/index.php\/wp-json\/wp\/v2\/types\/post"}],"author":[{"embeddable":true,"href":"https:\/\/nuevaprensaamerica.com\/index.php\/wp-json\/wp\/v2\/users\/2"}],"replies":[{"embeddable":true,"href":"https:\/\/nuevaprensaamerica.com\/index.php\/wp-json\/wp\/v2\/comments?post=3804"}],"version-history":[{"count":1,"href":"https:\/\/nuevaprensaamerica.com\/index.php\/wp-json\/wp\/v2\/posts\/3804\/revisions"}],"predecessor-version":[{"id":3805,"href":"https:\/\/nuevaprensaamerica.com\/index.php\/wp-json\/wp\/v2\/posts\/3804\/revisions\/3805"}],"wp:attachment":[{"href":"https:\/\/nuevaprensaamerica.com\/index.php\/wp-json\/wp\/v2\/media?parent=3804"}],"wp:term":[{"taxonomy":"category","embeddable":true,"href":"https:\/\/nuevaprensaamerica.com\/index.php\/wp-json\/wp\/v2\/categories?post=3804"},{"taxonomy":"post_tag","embeddable":true,"href":"https:\/\/nuevaprensaamerica.com\/index.php\/wp-json\/wp\/v2\/tags?post=3804"}],"curies":[{"name":"wp","href":"https:\/\/api.w.org\/{rel}","templated":true}]}}