{"id":421,"date":"2023-09-24T07:45:40","date_gmt":"2023-09-24T07:45:40","guid":{"rendered":"https:\/\/nuevaprensaamerica.com\/?p=421"},"modified":"2023-09-24T07:46:22","modified_gmt":"2023-09-24T07:46:22","slug":"acusan-a-la-presidencia-colombiana-de-falsear-el-video-de-petro-en-la-onu","status":"publish","type":"post","link":"https:\/\/nuevaprensaamerica.com\/index.php\/2023\/09\/24\/acusan-a-la-presidencia-colombiana-de-falsear-el-video-de-petro-en-la-onu\/","title":{"rendered":"Acusan a la presidencia colombiana de falsear el video de Gustavo Petro en la ONU"},"content":{"rendered":"<p>Un medio local colombiano, La Silla Vac\u00eda, revel\u00f3 que el video del discurso del presidente Gustavo Petro ante las Naciones Unidas fue manipulado por su equipo de prensa para hacer creer que recibi\u00f3 m\u00e1s aplausos de los que realmente tuvo. Seg\u00fan esta investigaci\u00f3n, se edit\u00f3 la respuesta del p\u00fablico al discurso del presidente estadounidense Joe Biden y se insert\u00f3 al final del video de Petro, que fue distribuido por la presidencia colombiana.<\/p>\n<h3>El discurso de Petro<\/h3>\n<p>Petro pronunci\u00f3 su discurso en la ONU el pasado martes 19 de septiembre, en el que abog\u00f3 por medidas m\u00e1s urgentes para enfrentar el cambio clim\u00e1tico, critic\u00f3 la guerra contra las drogas como un fracaso e hizo un llamado a la paz entre Rusia y Ucrania. Su intervenci\u00f3n dur\u00f3 unos 15 minutos y recibi\u00f3 algunos aplausos, pero menos que los que obtuvo Biden, quien habl\u00f3 antes que \u00e9l.<\/p>\n<h3>La ca\u00edda de popularidad de Petro<\/h3>\n<p>El presidente colombiano, que lleg\u00f3 al poder hace un a\u00f1o con la promesa de reformar el modelo econ\u00f3mico conservador de su pa\u00eds, ha visto c\u00f3mo su popularidad se ha desplomado en las encuestas mientras enfrenta una fuerte oposici\u00f3n en el Congreso y una crisis social y sanitaria por la pandemia. Su discurso en la ONU buscaba proyectar una imagen de liderazgo internacional, pero la manipulaci\u00f3n del video ha generado cr\u00edticas y cuestionamientos a su credibilidad.<\/p>\n","protected":false},"excerpt":{"rendered":"<p>Un medio local colombiano, La Silla Vac\u00eda, revel\u00f3 que el video del discurso del presidente Gustavo Petro ante las Naciones Unidas fue manipulado por su [&hellip;]<\/p>\n","protected":false},"author":1,"featured_media":424,"comment_status":"open","ping_status":"open","sticky":false,"template":"","format":"standard","meta":{"h5ap_radio_sources":[],"_FSMCFIC_featured_image_caption":"","_FSMCFIC_featured_image_nocaption":"","_FSMCFIC_featured_image_hide":"","_jetpack_memberships_contains_paid_content":false,"footnotes":""},"categories":[12],"tags":[],"class_list":["post-421","post","type-post","status-publish","format-standard","has-post-thumbnail","hentry","category-colombia"],"aioseo_notices":[],"jetpack_featured_media_url":"https:\/\/nuevaprensaamerica.com\/wp-content\/uploads\/2023\/09\/gustavo-petro-aplausos1.jpg","jetpack_sharing_enabled":true,"_links":{"self":[{"href":"https:\/\/nuevaprensaamerica.com\/index.php\/wp-json\/wp\/v2\/posts\/421","targetHints":{"allow":["GET"]}}],"collection":[{"href":"https:\/\/nuevaprensaamerica.com\/index.php\/wp-json\/wp\/v2\/posts"}],"about":[{"href":"https:\/\/nuevaprensaamerica.com\/index.php\/wp-json\/wp\/v2\/types\/post"}],"author":[{"embeddable":true,"href":"https:\/\/nuevaprensaamerica.com\/index.php\/wp-json\/wp\/v2\/users\/1"}],"replies":[{"embeddable":true,"href":"https:\/\/nuevaprensaamerica.com\/index.php\/wp-json\/wp\/v2\/comments?post=421"}],"version-history":[{"count":3,"href":"https:\/\/nuevaprensaamerica.com\/index.php\/wp-json\/wp\/v2\/posts\/421\/revisions"}],"predecessor-version":[{"id":425,"href":"https:\/\/nuevaprensaamerica.com\/index.php\/wp-json\/wp\/v2\/posts\/421\/revisions\/425"}],"wp:featuredmedia":[{"embeddable":true,"href":"https:\/\/nuevaprensaamerica.com\/index.php\/wp-json\/wp\/v2\/media\/424"}],"wp:attachment":[{"href":"https:\/\/nuevaprensaamerica.com\/index.php\/wp-json\/wp\/v2\/media?parent=421"}],"wp:term":[{"taxonomy":"category","embeddable":true,"href":"https:\/\/nuevaprensaamerica.com\/index.php\/wp-json\/wp\/v2\/categories?post=421"},{"taxonomy":"post_tag","embeddable":true,"href":"https:\/\/nuevaprensaamerica.com\/index.php\/wp-json\/wp\/v2\/tags?post=421"}],"curies":[{"name":"wp","href":"https:\/\/api.w.org\/{rel}","templated":true}]}}