{"id":4482,"date":"2025-01-21T13:52:53","date_gmt":"2025-01-21T13:52:53","guid":{"rendered":"https:\/\/nuevaprensaamerica.com\/?p=4482"},"modified":"2025-01-21T13:52:53","modified_gmt":"2025-01-21T13:52:53","slug":"exclusivo-trump-se-muestra-frio-con-guaido-y-consideraria-reunirse-con-maduro","status":"publish","type":"post","link":"https:\/\/nuevaprensaamerica.com\/index.php\/2025\/01\/21\/exclusivo-trump-se-muestra-frio-con-guaido-y-consideraria-reunirse-con-maduro\/","title":{"rendered":"Exclusivo: Trump se muestra fr\u00edo con Guaid\u00f3 y considerar\u00eda reunirse con Maduro"},"content":{"rendered":"<div class=\"flex-1 overflow-hidden @container\/thread\">\n<div class=\"h-full\">\n<div class=\"react-scroll-to-bottom--css-ifvce-79elbk h-full\">\n<div class=\"react-scroll-to-bottom--css-ifvce-1n7m0yu\">\n<div class=\"flex flex-col text-sm md:pb-9\">\n<article class=\"w-full scroll-mb-[var(--thread-trailing-height,150px)] text-token-text-primary focus-visible:outline-2 focus-visible:outline-offset-[-4px]\" dir=\"auto\" data-testid=\"conversation-turn-23\" data-scroll-anchor=\"true\">\n<div class=\"m-auto text-base py-[18px] px-3 md:px-4 w-full md:px-5 lg:px-4 xl:px-5\">\n<div class=\"mx-auto flex flex-1 gap-4 text-base md:gap-5 lg:gap-6 md:max-w-3xl\">\n<div class=\"group\/conversation-turn relative flex w-full min-w-0 flex-col agent-turn\">\n<div class=\"flex-col gap-1 md:gap-3\">\n<div class=\"flex max-w-full flex-col flex-grow\">\n<div class=\"min-h-8 text-message flex w-full flex-col items-end gap-2 whitespace-normal break-words text-start [.text-message+&amp;]:mt-5\" dir=\"auto\" data-message-author-role=\"assistant\" data-message-id=\"7aab5938-b36c-48b7-b444-ff5a16563c89\" data-message-model-slug=\"gpt-4o-mini\">\n<div class=\"flex w-full flex-col gap-1 empty:hidden first:pt-[3px]\">\n<div class=\"markdown prose w-full break-words dark:prose-invert light\">\n<p><em>(Fuente: <a href=\"https:\/\/www.axios.com\/2020\/06\/21\/trump-venezuela-guaido-maduro\">Axios<\/a> . Publicado el 21 de junio del 2020)<\/em> En una entrevista en la Oficina Oval con Axios, el presidente Trump sugiri\u00f3 que ha reconsiderado su decisi\u00f3n de reconocer a Juan Guaid\u00f3 como el l\u00edder leg\u00edtimo de Venezuela y afirm\u00f3 que est\u00e1 abierto a reunirse con el dictador Nicol\u00e1s Maduro.<\/p>\n<p>Cuando se le pregunt\u00f3 si se reunir\u00eda con Maduro, Trump respondi\u00f3: &#8220;Tal vez lo considerar\u00eda&#8230; A Maduro le gustar\u00eda reunirse. Y yo nunca me opongo a las reuniones; sabes, rara vez me opongo a reuniones.&#8221;<\/p>\n<ul>\n<li><em>&#8220;Siempre digo que se pierde muy poco con las reuniones. Pero, en este momento, las he rechazado.&#8221;<\/em><\/li>\n<\/ul>\n<p>Trump tambi\u00e9n indic\u00f3 que no tiene mucha confianza en Guaid\u00f3, quien no ha logrado arrebatar el control del gobierno venezolano, a pesar del apoyo de EE. UU. y de otros pa\u00edses.<\/p>\n<p>Cuando se le pregunt\u00f3 si lamentaba haber seguido el consejo de su exasesor de seguridad nacional, John Bolton, respecto a Guaid\u00f3, Trump inicialmente dijo &#8220;no particularmente&#8221;, pero luego agreg\u00f3: &#8220;Podr\u00eda haber vivido con eso o sin eso, pero estaba muy firmemente en contra de lo que estaba sucediendo en Venezuela.&#8221;<\/p>\n<p>Trump mencion\u00f3 que en el momento en que intervino y reconoci\u00f3 a Guaid\u00f3, &#8220;Guaid\u00f3 fue elegido. Creo que no estaba necesariamente a favor, pero dije \u2014 algunas personas lo apoyaron, otras no. Yo estaba bien con eso. No creo que haya sido&#8230; ya sabes, no creo que haya sido algo muy significativo, de un lado u otro.&#8221;<\/p>\n<p>P Si Trump se reuniera con Maduro, esto trastocar\u00eda por completo la pol\u00edtica de su administraci\u00f3n respecto a Venezuela. Altos funcionarios de la administraci\u00f3n, incluidos el vicepresidente Pence y el secretario de Estado Pompeo, han invertido mucho esfuerzo en apoyar a Guaid\u00f3.<\/p>\n<p>Y en marzo, el fiscal general Bill Barr anunci\u00f3 que el Departamento de Justicia estaba acusando a Maduro de narcoterrorismo. El comunicado de prensa del DOJ que anunciaba los cargos lo refer\u00eda como el &#8220;ex presidente de Venezuela.&#8221;<\/p>\n<p>Un exfuncionario de la administraci\u00f3n Trump me coment\u00f3 que los comentarios de Trump a Axios reflejan su experiencia de primera mano durante los primeros dos a\u00f1os y medio de su presidencia, cuando la pol\u00edtica sobre Venezuela era un tema mucho m\u00e1s relevante en el Ala Oeste de lo que es ahora.<\/p>\n<p>En 2017, el gobierno venezolano se comunic\u00f3 con la Casa Blanca y el Departamento de Estado al menos en dos ocasiones para expresar la disposici\u00f3n de Maduro a reunirse con Trump, seg\u00fan el exfuncionario.<\/p>\n<p>En una de estas ocasiones, la embajada venezolana llam\u00f3 a la central telef\u00f3nica de la Casa Blanca. La otra solicitud fue realizada mediante una carta. Maduro tambi\u00e9n expres\u00f3 p\u00fablicamente su deseo de reunirse con Trump.<\/p>\n<p>El exfuncionario se\u00f1al\u00f3 que esta fue una &#8220;preocupaci\u00f3n recurrente&#8221; dentro de la administraci\u00f3n durante 2017 y 2018, el hecho de que Trump se reuniera con Maduro. &#8220;Fue realmente un proceso de altibajos por un tiempo,&#8221; explic\u00f3. &#8220;Y la oposici\u00f3n venezolana estaba desconcertada.&#8221;<\/p>\n<p>El presidente mostr\u00f3 en 2018 una apertura general a reunirse con Maduro, pero tambi\u00e9n reiter\u00f3 que &#8220;todas las opciones&#8221; estaban sobre la mesa, lo que indicaba que estaba considerando una posible acci\u00f3n militar contra Venezuela.<\/p>\n<p>En su libro <em>The Room Where It Happened<\/em>, Bolton escribe sobre los sentimientos privados de Trump respecto a Guaid\u00f3, despu\u00e9s de haber respaldado diplom\u00e1ticamente al l\u00edder opositor:<\/p>\n<ul>\n<li><em>&#8220;Pensaba que Guaid\u00f3 era &#8216;d\u00e9bil&#8217;, a diferencia de Maduro, quien era &#8216;fuerte&#8217;.&#8221;<\/em><\/li>\n<li><em>&#8220;Para la primavera, Trump ya llamaba a Guaid\u00f3 el &#8216;Beto O&#8217;Rourke de Venezuela&#8217;, algo que est\u00e1 lejos de ser el tipo de cumplido que un aliado de Estados Unidos deber\u00eda esperar.&#8221;<\/em><\/li>\n<li><em>&#8220;Eso no fue \u00fatil, pero es t\u00edpico de c\u00f3mo Trump desprestigi\u00f3 descuidadamente a los que lo rodeaban, como cuando empez\u00f3 a culparme a m\u00ed por el fracaso de la oposici\u00f3n para derrocar a Maduro.&#8221;<\/em><\/li>\n<\/ul>\n<p>En la entrevista con Axios, Trump describi\u00f3 a su exasesor de seguridad nacional como un &#8220;loco&#8221; que podr\u00eda ser el &#8220;ser humano m\u00e1s tonto del planeta&#8221; por apoyar persistente la guerra de Irak.<\/p>\n<\/div>\n<\/div>\n<\/div>\n<\/div>\n<div class=\"mb-2 flex gap-3 empty:hidden -ml-2\">\n<div class=\"items-center justify-start rounded-xl p-1 flex\">\n<div class=\"flex items-center\"><\/div>\n<\/div>\n<\/div>\n<div class=\"pr-2 lg:pr-0\"><\/div>\n<div class=\"mt-3 w-full empty:hidden\">\n<div class=\"text-center\"><\/div>\n<\/div>\n<\/div>\n<div class=\"absolute\">\n<div class=\"flex items-center justify-center\"><\/div>\n<\/div>\n<\/div>\n<\/div>\n<\/div>\n<\/article>\n<\/div>\n<\/div>\n<\/div>\n<\/div>\n<\/div>\n<div class=\"md:pt-0 dark:border-white\/20 md:border-transparent md:dark:border-transparent w-full\">\n<div>\n<div class=\"m-auto text-base px-3 md:px-4 w-full md:px-5 lg:px-4 xl:px-5\">\n<div class=\"mx-auto flex flex-1 gap-4 text-base md:gap-5 lg:gap-6 md:max-w-3xl\">\n<div class=\"flex justify-center\"><\/div>\n<\/div>\n<\/div>\n<\/div>\n<\/div>\n","protected":false},"excerpt":{"rendered":"<p>(Fuente: Axios . Publicado el 21 de junio del 2020) En una entrevista en la Oficina Oval con Axios, el presidente Trump sugiri\u00f3 que ha [&hellip;]<\/p>\n","protected":false},"author":5,"featured_media":4494,"comment_status":"open","ping_status":"open","sticky":false,"template":"","format":"standard","meta":{"h5ap_radio_sources":[],"_FSMCFIC_featured_image_caption":"Fuente: Axios. 2020","_FSMCFIC_featured_image_nocaption":"","_FSMCFIC_featured_image_hide":"","_jetpack_memberships_contains_paid_content":false,"footnotes":""},"categories":[1],"tags":[],"class_list":["post-4482","post","type-post","status-publish","format-standard","has-post-thumbnail","hentry","category-uncategorized"],"aioseo_notices":[],"jetpack_featured_media_url":"https:\/\/nuevaprensaamerica.com\/wp-content\/uploads\/2025\/01\/1592771721527.webp","jetpack_sharing_enabled":true,"_links":{"self":[{"href":"https:\/\/nuevaprensaamerica.com\/index.php\/wp-json\/wp\/v2\/posts\/4482","targetHints":{"allow":["GET"]}}],"collection":[{"href":"https:\/\/nuevaprensaamerica.com\/index.php\/wp-json\/wp\/v2\/posts"}],"about":[{"href":"https:\/\/nuevaprensaamerica.com\/index.php\/wp-json\/wp\/v2\/types\/post"}],"author":[{"embeddable":true,"href":"https:\/\/nuevaprensaamerica.com\/index.php\/wp-json\/wp\/v2\/users\/5"}],"replies":[{"embeddable":true,"href":"https:\/\/nuevaprensaamerica.com\/index.php\/wp-json\/wp\/v2\/comments?post=4482"}],"version-history":[{"count":15,"href":"https:\/\/nuevaprensaamerica.com\/index.php\/wp-json\/wp\/v2\/posts\/4482\/revisions"}],"predecessor-version":[{"id":4498,"href":"https:\/\/nuevaprensaamerica.com\/index.php\/wp-json\/wp\/v2\/posts\/4482\/revisions\/4498"}],"wp:featuredmedia":[{"embeddable":true,"href":"https:\/\/nuevaprensaamerica.com\/index.php\/wp-json\/wp\/v2\/media\/4494"}],"wp:attachment":[{"href":"https:\/\/nuevaprensaamerica.com\/index.php\/wp-json\/wp\/v2\/media?parent=4482"}],"wp:term":[{"taxonomy":"category","embeddable":true,"href":"https:\/\/nuevaprensaamerica.com\/index.php\/wp-json\/wp\/v2\/categories?post=4482"},{"taxonomy":"post_tag","embeddable":true,"href":"https:\/\/nuevaprensaamerica.com\/index.php\/wp-json\/wp\/v2\/tags?post=4482"}],"curies":[{"name":"wp","href":"https:\/\/api.w.org\/{rel}","templated":true}]}}