{"id":4527,"date":"2025-01-22T13:55:06","date_gmt":"2025-01-22T13:55:06","guid":{"rendered":"https:\/\/nuevaprensaamerica.com\/?p=4527"},"modified":"2025-01-22T13:55:06","modified_gmt":"2025-01-22T13:55:06","slug":"aldama-asegura-que-tiene-un-sobre-con-informacion-que-compromete-a-pedro-sanchez","status":"publish","type":"post","link":"https:\/\/nuevaprensaamerica.com\/index.php\/2025\/01\/22\/aldama-asegura-que-tiene-un-sobre-con-informacion-que-compromete-a-pedro-sanchez\/","title":{"rendered":"Aldama asegura que tiene un sobre con informaci\u00f3n que compromete a Pedro S\u00e1nchez"},"content":{"rendered":"<p><em>(Fuente: <a href=\"https:\/\/theobjective.com\/espana\/tribunales\/2025-01-22\/aldama-sobre-informacion-pedro-sanchez\/\">The Objetive<\/a>. Publicado el 22 de enero de 2025)<\/em> Victor de Aldama ha asegurado este mi\u00e9rcoles que tiene un s<strong>obre con informaci\u00f3n que compromete a Pedro S\u00e1nchez. El comisionista de la trama Koldo<\/strong>\u00a0y, seg\u00fan la\u00a0<a href=\"https:\/\/theobjective.com\/etiqueta\/uco\/\">UCO<\/a>, \u00abcoautor\u00bb de la trama de hidrocarburos ha indicado que \u00abese sobre existe y esa documentaci\u00f3n existe\u00bb. Al ser preguntado por Carlos Herrera sobre qu\u00e9 contiene ese sobre, Aldama ha indicado que \u00abes algo muy delicado, tenemos que tratar directamente con Fiscal\u00eda y que trataremos seguramente en el Supremo\u00bb.<\/p>\n<p>En una nueva entrevista en Herrera en Cope dos meses despu\u00e9s de concederle la primera,\u00a0<strong>Aldama ha explicado que ya remiti\u00f3 la informaci\u00f3n de ese sobre a la\u00a0<a href=\"https:\/\/theobjective.com\/etiqueta\/fiscalia\/\">Fiscal\u00eda<\/a><\/strong>: \u00abDe ese sobre tiene conocimiento fiscal\u00eda, le hicimos llegar el conocimiento y le pedimos por favor que pro el contenido y la delicadeza de lo que hay que tendr\u00edamos que esperar y hablar en otros t\u00e9rminos\u00bb.<\/p>\n<p>Ha sido la segunda ocasi\u00f3n en la que el investigado por el caso Koldo y la trama de hidrocarburos ha sido entrevistado por Carlos Herrera en los micr\u00f3fonos de la COPE. En la primera, el pasado 27 de noviembre, Aldama asegur\u00f3 que hab\u00eda \u00abpruebas m\u00e1s que suficientes\u00bb sobre todas las acusaciones que solt\u00f3 d\u00edas antes en su declaraci\u00f3n ante el juez.<\/p>\n<p>\u00ab<strong>Se est\u00e1n aportando pruebas a la Fiscal\u00eda. Hay pruebas m\u00e1s que suficientes\u00bb<\/strong>, explic\u00f3 entonces, se\u00f1alando que el presidente del Gobierno, Pedro S\u00e1nchez, estaba al tanto de la organizaci\u00f3n que hab\u00eda creado el se\u00f1or \u00c1balos, pero aclar\u00f3: \u00abNo s\u00e9 si algunas de esas recompensas le ha llegado a S\u00e1nchez\u00bb.<\/p>\n<h2 id=\"h-investigacion-de-la-uco\" class=\"wp-block-heading\">Investigaci\u00f3n de la UCO<\/h2>\n<p>Las declaraciones de Aldama se producen despu\u00e9s de conocer que la Unidad Central Operativa de la Guardia Civil llev\u00f3 a cabo registros en propiedades vinculadas a V\u00edctor de Aldama con el objetivo de localizar ese sobre que contendr\u00eda informaci\u00f3n comprometedora sobre el presidente del Gobierno.<\/p>\n<p>Durante el an\u00e1lisis de los dispositivos m\u00f3viles incautados a Aldama, la UCO descubri\u00f3 fotograf\u00edas de documentos sensibles relacionados con S\u00e1nchez, almacenadas en un sobre custodiado por Luis Alberto Escolano, colaborador cercano de Aldama. Esta informaci\u00f3n motiv\u00f3 al juez Santiago Pedraz a ordenar registros en las viviendas de Escolano en Calatayud (Zaragoza) y Madrid el pasado 16 de diciembre. Sin embargo, el sobre no fue encontrado durante estas diligencias.<\/p>\n","protected":false},"excerpt":{"rendered":"<p>(Fuente: The Objetive. Publicado el 22 de enero de 2025) Victor de Aldama ha asegurado este mi\u00e9rcoles que tiene un sobre con informaci\u00f3n que compromete [&hellip;]<\/p>\n","protected":false},"author":5,"featured_media":4536,"comment_status":"open","ping_status":"open","sticky":false,"template":"","format":"standard","meta":{"h5ap_radio_sources":[],"_FSMCFIC_featured_image_caption":"Fuente: The Objetive.2025","_FSMCFIC_featured_image_nocaption":"","_FSMCFIC_featured_image_hide":"","_jetpack_memberships_contains_paid_content":false,"footnotes":""},"categories":[15,5],"tags":[],"class_list":["post-4527","post","type-post","status-publish","format-standard","has-post-thumbnail","hentry","category-espana","category-internacionales"],"aioseo_notices":[],"jetpack_featured_media_url":"https:\/\/nuevaprensaamerica.com\/wp-content\/uploads\/2025\/01\/unnamed-file.jpg","jetpack_sharing_enabled":true,"_links":{"self":[{"href":"https:\/\/nuevaprensaamerica.com\/index.php\/wp-json\/wp\/v2\/posts\/4527","targetHints":{"allow":["GET"]}}],"collection":[{"href":"https:\/\/nuevaprensaamerica.com\/index.php\/wp-json\/wp\/v2\/posts"}],"about":[{"href":"https:\/\/nuevaprensaamerica.com\/index.php\/wp-json\/wp\/v2\/types\/post"}],"author":[{"embeddable":true,"href":"https:\/\/nuevaprensaamerica.com\/index.php\/wp-json\/wp\/v2\/users\/5"}],"replies":[{"embeddable":true,"href":"https:\/\/nuevaprensaamerica.com\/index.php\/wp-json\/wp\/v2\/comments?post=4527"}],"version-history":[{"count":8,"href":"https:\/\/nuevaprensaamerica.com\/index.php\/wp-json\/wp\/v2\/posts\/4527\/revisions"}],"predecessor-version":[{"id":4535,"href":"https:\/\/nuevaprensaamerica.com\/index.php\/wp-json\/wp\/v2\/posts\/4527\/revisions\/4535"}],"wp:featuredmedia":[{"embeddable":true,"href":"https:\/\/nuevaprensaamerica.com\/index.php\/wp-json\/wp\/v2\/media\/4536"}],"wp:attachment":[{"href":"https:\/\/nuevaprensaamerica.com\/index.php\/wp-json\/wp\/v2\/media?parent=4527"}],"wp:term":[{"taxonomy":"category","embeddable":true,"href":"https:\/\/nuevaprensaamerica.com\/index.php\/wp-json\/wp\/v2\/categories?post=4527"},{"taxonomy":"post_tag","embeddable":true,"href":"https:\/\/nuevaprensaamerica.com\/index.php\/wp-json\/wp\/v2\/tags?post=4527"}],"curies":[{"name":"wp","href":"https:\/\/api.w.org\/{rel}","templated":true}]}}