{"id":4537,"date":"2025-01-22T18:35:42","date_gmt":"2025-01-22T18:35:42","guid":{"rendered":"https:\/\/nuevaprensaamerica.com\/?p=4537"},"modified":"2025-01-22T18:35:42","modified_gmt":"2025-01-22T18:35:42","slug":"erik-prince-evita-hablar-de-venezuela-el-silencio-de-una-figura-controvertida","status":"publish","type":"post","link":"https:\/\/nuevaprensaamerica.com\/index.php\/2025\/01\/22\/erik-prince-evita-hablar-de-venezuela-el-silencio-de-una-figura-controvertida\/","title":{"rendered":"Erik Prince Evita Hablar de Venezuela: El Silencio de una Figura Controvertida"},"content":{"rendered":"<p><em>(Via <a href=\"https:\/\/x.com\/elavefenix66753\/status\/1881944639835648461?s=48&amp;t=K4kJFzvovdrdUbSdqEN7Gw\">El Ave Fenix<\/a> 2025)<\/em>El periodista David Placer, conocido por su vinculaci\u00f3n con la oposici\u00f3n venezolana y su trabajo cr\u00edtico hacia el r\u00e9gimen de Nicol\u00e1s Maduro, intent\u00f3 entrevistar al empresario Erik Prince sobre su relaci\u00f3n con Venezuela, pero se encontr\u00f3 con un rotundo &#8220;silencio absoluto&#8221;. Prince, quien ha sido una figura controvertida por su vinculaci\u00f3n con operaciones militares privadas y su influencia en ciertos c\u00edrculos internacionales, evit\u00f3 cualquier comentario sobre el pa\u00eds sudamericano.<\/p>\n<div><\/div>\n<div>Placer, que ha sido un cr\u00edtico firme de la situaci\u00f3n pol\u00edtica en Venezuela y un defensor de los derechos humanos en el pa\u00eds, no solo intent\u00f3 obtener respuestas en c\u00e1mara, sino que tambi\u00e9n lo abord\u00f3 fuera de las c\u00e1maras, sin obtener ninguna respuesta. En un video que circula en las redes sociales, se puede ver como las preguntas son ignoradas. Prince solo accedi\u00f3 a posar para selfies, pero evit\u00f3 cualquier declaraci\u00f3n sobre Venezuela.<\/div>\n<div><\/div>\n<div><\/div>\n<div>Este episodio es particularmente llamativo, dado que Prince ha estado vinculado a varios eventos controvertidos en Venezuela, y su silencio ante la situaci\u00f3n pol\u00edtica que vive el pa\u00eds es desconcertante, especialmente cuando su cercan\u00eda con sectores de la oposici\u00f3n podr\u00eda haberlo llevado a dar una postura p\u00fablica. Para muchos, este silencio refleja un distanciamiento calculado o un desinter\u00e9s.<\/div>\n<div class=\"yj6qo ajU\"><\/div>\n<div style=\"max-width: 550px;\">\n<div style=\"left: 0; width: 100%; height: 0; position: relative; padding-bottom: 100%;\"><iframe loading=\"lazy\" title=\"EL AVE FENIX on Twitter \/ X\" src=\"\/\/if-cdn.com\/fZwxgBX?maxheight=960&#038;maxwidth=640&#038;app=1\" width=\"640\" height=\"640\" style=\"top: 0; left: 0; width: 100%; height: 100%; position: absolute; border: 0;\" allowfullscreen><\/iframe><\/div>\n<\/div>\n<p><script async src=\"\/\/if-cdn.com\/embed.js\" charset=\"utf-8\"><\/script><script type=\"text\/javascript\">window.addEventListener(\"message\",function(e){\n                window.parent.postMessage(e.data,\"*\");\n            },false);<\/script><\/p>\n","protected":false},"excerpt":{"rendered":"<p>(Via El Ave Fenix 2025)El periodista David Placer, conocido por su vinculaci\u00f3n con la oposici\u00f3n venezolana y su trabajo cr\u00edtico hacia el r\u00e9gimen de Nicol\u00e1s [&hellip;]<\/p>\n","protected":false},"author":5,"featured_media":0,"comment_status":"open","ping_status":"open","sticky":false,"template":"","format":"standard","meta":{"h5ap_radio_sources":[],"_FSMCFIC_featured_image_caption":"","_FSMCFIC_featured_image_nocaption":"","_FSMCFIC_featured_image_hide":"","_jetpack_memberships_contains_paid_content":false,"footnotes":""},"categories":[2],"tags":[],"class_list":["post-4537","post","type-post","status-publish","format-standard","hentry","category-venezuela"],"aioseo_notices":[],"jetpack_featured_media_url":"","jetpack_sharing_enabled":true,"_links":{"self":[{"href":"https:\/\/nuevaprensaamerica.com\/index.php\/wp-json\/wp\/v2\/posts\/4537","targetHints":{"allow":["GET"]}}],"collection":[{"href":"https:\/\/nuevaprensaamerica.com\/index.php\/wp-json\/wp\/v2\/posts"}],"about":[{"href":"https:\/\/nuevaprensaamerica.com\/index.php\/wp-json\/wp\/v2\/types\/post"}],"author":[{"embeddable":true,"href":"https:\/\/nuevaprensaamerica.com\/index.php\/wp-json\/wp\/v2\/users\/5"}],"replies":[{"embeddable":true,"href":"https:\/\/nuevaprensaamerica.com\/index.php\/wp-json\/wp\/v2\/comments?post=4537"}],"version-history":[{"count":13,"href":"https:\/\/nuevaprensaamerica.com\/index.php\/wp-json\/wp\/v2\/posts\/4537\/revisions"}],"predecessor-version":[{"id":4550,"href":"https:\/\/nuevaprensaamerica.com\/index.php\/wp-json\/wp\/v2\/posts\/4537\/revisions\/4550"}],"wp:attachment":[{"href":"https:\/\/nuevaprensaamerica.com\/index.php\/wp-json\/wp\/v2\/media?parent=4537"}],"wp:term":[{"taxonomy":"category","embeddable":true,"href":"https:\/\/nuevaprensaamerica.com\/index.php\/wp-json\/wp\/v2\/categories?post=4537"},{"taxonomy":"post_tag","embeddable":true,"href":"https:\/\/nuevaprensaamerica.com\/index.php\/wp-json\/wp\/v2\/tags?post=4537"}],"curies":[{"name":"wp","href":"https:\/\/api.w.org\/{rel}","templated":true}]}}