{"id":459,"date":"2023-09-27T21:13:16","date_gmt":"2023-09-27T21:13:16","guid":{"rendered":"https:\/\/nuevaprensaamerica.com\/?p=459"},"modified":"2023-09-27T21:16:37","modified_gmt":"2023-09-27T21:16:37","slug":"asesoria-en-colombia-de-j-j-rendon-a-alfredo-varela-mal-augurio-para-el-candidato-a-la-gobernacion-del-atlantico","status":"publish","type":"post","link":"https:\/\/nuevaprensaamerica.com\/index.php\/2023\/09\/27\/asesoria-en-colombia-de-j-j-rendon-a-alfredo-varela-mal-augurio-para-el-candidato-a-la-gobernacion-del-atlantico\/","title":{"rendered":"\u00bfAsesor\u00eda en Colombia de J.J. Rend\u00f3n a Alfredo Varela? \u00bfMal augurio para el candidato a la gobernaci\u00f3n del Atl\u00e1ntico?"},"content":{"rendered":"<p>El candidato a la gobernaci\u00f3n del Atl\u00e1ntico por el Partido Verde, Alfredo Varela, ha revelado que se reuni\u00f3 en Miami el pasado 21 de septiembre con el pol\u00e9mico estratega pol\u00edtico Juan Jos\u00e9 Rend\u00f3n, conocido como J.J. Rend\u00f3n. El encuentro, que fue organizado por una tercera persona, habr\u00eda tenido como objetivo concretar una asesor\u00eda con el venezolano para impulsar la campa\u00f1a de Varela, que cuenta con el respaldo de varios empresarios de la costa colombiana.<\/p>\n<h3>Un candidato independiente que no polariza<\/h3>\n<p>Varela, que se enfrenta al liberal Eduardo Verano de la Rosa, se define como un candidato independiente y asegura que no hace parte del Pacto Hist\u00f3rico, ni milita con el colectivo. Sin embargo, reconoce que tiene el apoyo del representante a la C\u00e1mara Agmeth Escaf, quien anunci\u00f3 la adhesi\u00f3n del Pacto a su campa\u00f1a.<\/p>\n<p>En un v\u00eddeo que circul\u00f3 en redes sociales, Varela afirm\u00f3 que no ve con malos ojos al Pacto, pero que piensa que se est\u00e1n equivocando, que toman malas decisiones y que no est\u00e1n actuando bien. &#8220;Yo soy una persona que no polariza. Yo no pienso que el Pacto sea el &#8216;demonio'&#8221;, dijo.<\/p>\n<h3>La opini\u00f3n de J.J. Rend\u00f3n sobre Colombia<\/h3>\n<p>Seg\u00fan Varela, la reuni\u00f3n con J.J. Rend\u00f3n se debi\u00f3 a los ataques que ha recibido en la campa\u00f1a y a la necesidad de escuchar su punto de vista sobre lo que est\u00e1 pasando en Colombia. &#8220;Estuve all\u00e1, estuve conversando con \u00e9l, me dio su punto de vista de lo que estaba pasando en Colombia con todo este cuento del Gobierno y de Petro, ustedes saben que J.J. es anti-izquierda&#8221;, expres\u00f3.<\/p>\n<p><a href=\"https:\/\/nuevaprensaamerica.com\/wp-content\/uploads\/2023\/09\/Alfredo-Varela-J.J.-Rendon71.jpg\"><img loading=\"lazy\" decoding=\"async\" class=\"aligncenter size-full wp-image-465\" src=\"https:\/\/nuevaprensaamerica.com\/wp-content\/uploads\/2023\/09\/Alfredo-Varela-J.J.-Rendon71.jpg\" alt=\"\" width=\"1200\" height=\"900\" srcset=\"https:\/\/nuevaprensaamerica.com\/wp-content\/uploads\/2023\/09\/Alfredo-Varela-J.J.-Rendon71.jpg 1200w, https:\/\/nuevaprensaamerica.com\/wp-content\/uploads\/2023\/09\/Alfredo-Varela-J.J.-Rendon71-300x225.jpg 300w, https:\/\/nuevaprensaamerica.com\/wp-content\/uploads\/2023\/09\/Alfredo-Varela-J.J.-Rendon71-1024x768.jpg 1024w, https:\/\/nuevaprensaamerica.com\/wp-content\/uploads\/2023\/09\/Alfredo-Varela-J.J.-Rendon71-768x576.jpg 768w\" sizes=\"auto, (max-width: 1200px) 100vw, 1200px\" \/><\/a><\/p>\n<p>Las declaraciones de Varela contrastan con lo que hab\u00eda dicho una semana antes a medios de comunicaci\u00f3n, cuando neg\u00f3 conocer a J.J. Rend\u00f3n. El medio El Expediente confirm\u00f3 el pasado 22 de septiembre con fuentes de primera mano que el asesor pol\u00edtico hab\u00eda regresado al ruedo en Colombia y que hab\u00eda firmado contrato con uno de los candidatos a la gobernaci\u00f3n del Atl\u00e1ntico.<\/p>\n<blockquote class=\"twitter-tweet\" data-dnt=\"true\">\n<p dir=\"ltr\" lang=\"es\">Dato: El Expediente confirm\u00f3 con fuentes de primera mano que el asesor pol\u00edtico <a href=\"https:\/\/twitter.com\/JJRENDON?ref_src=twsrc%5Etfw\">@JJRENDON<\/a> regresa al ruedo a Colombia. Ya firm\u00f3 contrato con uno de los candidatos a la gobernaci\u00f3n del Atl\u00e1ntico que estuvo en Miami contratando sus servicios. Se har\u00eda oficial, la pr\u00f3xima semana. <a href=\"https:\/\/t.co\/N8Xqs507bD\">pic.twitter.com\/N8Xqs507bD<\/a><\/p>\n<p>\u2014 El Expediente (@EIExpedienteCol) <a href=\"https:\/\/twitter.com\/EIExpedienteCol\/status\/1705325668769185895?ref_src=twsrc%5Etfw\">September 22, 2023<\/a><\/p><\/blockquote>\n<p><script async src=\"https:\/\/platform.twitter.com\/widgets.js\" charset=\"utf-8\"><\/script><\/p>\n<h3>Los fracasos recientes de J.J. Rend\u00f3n<\/h3>\n<p>J.J. Rend\u00f3n es un famoso estratega de origen venezolano que ha trabajado con gobiernos como el de Juan Manuel Santos en Colombia. Sin embargo, en los \u00faltimos a\u00f1os, varios candidatos asesorados por \u00e9l no han logrado triunfar electoralmente.<\/p>\n","protected":false},"excerpt":{"rendered":"<p>El candidato a la gobernaci\u00f3n del Atl\u00e1ntico por el Partido Verde, Alfredo Varela, ha revelado que se reuni\u00f3 en Miami el pasado 21 de septiembre [&hellip;]<\/p>\n","protected":false},"author":1,"featured_media":468,"comment_status":"open","ping_status":"open","sticky":false,"template":"","format":"standard","meta":{"h5ap_radio_sources":[],"_FSMCFIC_featured_image_caption":"","_FSMCFIC_featured_image_nocaption":"","_FSMCFIC_featured_image_hide":"","_jetpack_memberships_contains_paid_content":false,"footnotes":""},"categories":[12],"tags":[],"class_list":["post-459","post","type-post","status-publish","format-standard","has-post-thumbnail","hentry","category-colombia"],"aioseo_notices":[],"jetpack_featured_media_url":"https:\/\/nuevaprensaamerica.com\/wp-content\/uploads\/2023\/09\/Alfredo-Varela-J.J.-Rendon21.jpg","jetpack_sharing_enabled":true,"_links":{"self":[{"href":"https:\/\/nuevaprensaamerica.com\/index.php\/wp-json\/wp\/v2\/posts\/459","targetHints":{"allow":["GET"]}}],"collection":[{"href":"https:\/\/nuevaprensaamerica.com\/index.php\/wp-json\/wp\/v2\/posts"}],"about":[{"href":"https:\/\/nuevaprensaamerica.com\/index.php\/wp-json\/wp\/v2\/types\/post"}],"author":[{"embeddable":true,"href":"https:\/\/nuevaprensaamerica.com\/index.php\/wp-json\/wp\/v2\/users\/1"}],"replies":[{"embeddable":true,"href":"https:\/\/nuevaprensaamerica.com\/index.php\/wp-json\/wp\/v2\/comments?post=459"}],"version-history":[{"count":5,"href":"https:\/\/nuevaprensaamerica.com\/index.php\/wp-json\/wp\/v2\/posts\/459\/revisions"}],"predecessor-version":[{"id":467,"href":"https:\/\/nuevaprensaamerica.com\/index.php\/wp-json\/wp\/v2\/posts\/459\/revisions\/467"}],"wp:featuredmedia":[{"embeddable":true,"href":"https:\/\/nuevaprensaamerica.com\/index.php\/wp-json\/wp\/v2\/media\/468"}],"wp:attachment":[{"href":"https:\/\/nuevaprensaamerica.com\/index.php\/wp-json\/wp\/v2\/media?parent=459"}],"wp:term":[{"taxonomy":"category","embeddable":true,"href":"https:\/\/nuevaprensaamerica.com\/index.php\/wp-json\/wp\/v2\/categories?post=459"},{"taxonomy":"post_tag","embeddable":true,"href":"https:\/\/nuevaprensaamerica.com\/index.php\/wp-json\/wp\/v2\/tags?post=459"}],"curies":[{"name":"wp","href":"https:\/\/api.w.org\/{rel}","templated":true}]}}