{"id":4615,"date":"2025-01-28T14:28:29","date_gmt":"2025-01-28T14:28:29","guid":{"rendered":"https:\/\/nuevaprensaamerica.com\/?p=4615"},"modified":"2025-01-28T14:41:19","modified_gmt":"2025-01-28T14:41:19","slug":"alex-saab-el-todopoderoso-ministro-de-nicolas-maduro-recuperara-su-megamansion-en-barranquilla-esta-es-la-decision-de-un-juez","status":"publish","type":"post","link":"https:\/\/nuevaprensaamerica.com\/index.php\/2025\/01\/28\/alex-saab-el-todopoderoso-ministro-de-nicolas-maduro-recuperara-su-megamansion-en-barranquilla-esta-es-la-decision-de-un-juez\/","title":{"rendered":"\u00c1lex Saab, el todopoderoso ministro de Nicol\u00e1s Maduro, recuperar\u00e1 su megamansi\u00f3n en Barranquilla. Esta es la decisi\u00f3n de un juez"},"content":{"rendered":"<p><em>(Fuente: <a href=\"https:\/\/www.semana.com\/nacion\/articulo\/alex-saab-el-todopoderoso-ministro-de-nicolas-maduro-recuperara-su-megamansion-en-barranquilla-esta-es-la-decision-de-un-juez\/202542\/\">Semana<\/a>. Publicado el 27 de Enero de 2025) <\/em>El bien hab\u00eda sido decomisado en 2021 por la Fiscal\u00eda General en medio del proceso que se adelantaba contra el empresario barranquillero por exportaciones ficticias.<\/p>\n<p>&nbsp;<\/p>\n<div class=\"mx-auto lg:flex lg:gap-10\">\n<div class=\"min-w-0 max-w-none flex-auto\">\n<div class=\"paywall mx-auto mb-4\">\n<div class=\"max-w-screen-md prose prose-lg mx-auto mb-5\">\n<p data-type=\"text\"><b>\u00c1lex Saab<\/b>, el contratista y ahora todopoderoso ministro de Industria y Producci\u00f3n Nacional del r\u00e9gimen de Nicol\u00e1s Maduro, fue notificado este lunes de la decisi\u00f3n de un juez que<a href=\"https:\/\/www.semana.com\/nacion\/barranquilla\/articulo\/a-proposito-de-alex-saab-libre-que-paso-con-su-mansion-en-barranquilla\/202326\/\" target=\"_blank\" rel=\"noopener\">\u00a0orden\u00f3 reintegrarle su mansi\u00f3n ubicada en uno de los barrios m\u00e1s exclusivos de<b>\u00a0<\/b><\/a><b>Barranquilla, Atl\u00e1ntico.<\/b><\/p>\n<\/div>\n<div class=\"max-w-screen-md prose prose-lg mx-auto mb-5\">\n<p data-type=\"text\">En la decisi\u00f3n, emitida por el j<b>uez penal especializado de extinci\u00f3n de dominio de Barranquilla,\u00a0<\/b>se ordenan realizar todos los tr\u00e1mites para retirar todos los embargos que exist\u00edan en 2021 en contra de los bienes que estaban a nombre de las empresas de<b> Saab.<\/b><\/p>\n<\/div>\n<div class=\"max-w-screen-md prose prose-lg mx-auto mb-5\">\n<p data-type=\"text\">\u201cLos argumentos y la evidencia presentada lleva a concluir que la Fiscal\u00eda General de la Naci\u00f3n no logr\u00f3 demostrar que los bienes cuestionados son constitutivos de un incremento patrimonial injustificado\u201d, concluy\u00f3 el juez al resolver la demanda presentada por el embargo realizado.<\/p>\n<\/div>\n<div class=\"-mx-5 mb-5 lg:mx-0\" data-type=\"image\">\n<div class=\"px-5 lg:px-0\">\u201cEl tama\u00f1o de la cleptocracia venezolana se evidencia en la decisi\u00f3n de Nicol\u00e1s Maduro de nombrar presidente del Centro de Inversi\u00f3n Productiva a \u00c1lex Saab, su contratista favorito, al que quiso proteger para que no lo juzguen por lavado de dinero. El regreso de Saab a Venezuela fue bastante emotivo y con un marcado protocolo\u201d, afirm\u00f3 el periodista Roberto Deniz.\u00a0| Foto:\u00a0afp<\/div>\n<\/div>\n<div class=\"max-w-screen-md prose prose-lg mx-auto mb-5\">\n<p data-type=\"text\">La defensa de Saab aseguraba que no exist\u00eda ninguna prueba documental que se\u00f1alara que estos bienes inmuebles hubieran sido comprados<b> en medio de una operaci\u00f3n delictiva.<\/b><\/p>\n<\/div>\n<div class=\"max-w-screen-md prose prose-lg mx-auto mb-5\">\n<p data-type=\"text\">Esto teniendo en cuenta el fallo emitido en mayo de 2024 que absolvi\u00f3 al\u00a0<b>empresario de los delitos de lavado de activos\u00a0<\/b>por la presunta exportaci\u00f3n ficticia de telas, con la empresa\u00a0<b>Shatex S.A.S. de la cual Saab era socio mayoritario.<\/b><\/p>\n<\/div>\n<div class=\"max-w-screen-md prose prose-lg mx-auto mb-5\">\n<p data-type=\"text\">Con los documentos de compra-venta, el juzgado determin\u00f3 que no existe evidencia o un rastro que le d\u00e9 validez a los argumentos presentados por la<b>\u00a0Fiscal\u00eda durante el extenso proceso.<\/b><\/p>\n<\/div>\n<div class=\"max-w-screen-md prose prose-lg mx-auto mb-5\">\n<p data-type=\"text\">\u201c(&#8230;) datos hist\u00f3ricos certificados por el Banco de la Rep\u00fablica que mostrar\u00edan que, efectivamente, la suma de m\u00e1s de doce millones de d\u00f3lares ingreso a las cuentas de la compa\u00f1\u00eda<b>\u00a0Promotora Dubera S.A.S.<\/b>, como empresa receptora de inversi\u00f3n extranjera, proveniente de dos sociedades paname\u00f1as que no tienen ning\u00fan cuestionamiento de irregularidad patrimonial\u201d, se\u00f1ala el fallo que le ordeno a la Oficina de Registros de Instrumentos P\u00fablicos de Barranquilla, cancelar las medidas de embargo y suspensi\u00f3n.<\/p>\n<\/div>\n<div class=\"max-w-screen-md prose prose-lg mx-auto mb-5\">\n<p data-type=\"text\">Tras ser notificado de la decisi\u00f3n, el\u00a0<b>abogado Camilo Bocanegra<\/b>, quien representa a Saab manifest\u00f3 su satisfacci\u00f3n y asegur\u00f3 que avalaron todos los elementos que contrarrestaban los argumentos emitidos por la Fiscal\u00eda General sobre el origen y la forma en c\u00f3mo se adquirieron dichos bienes.<\/p>\n<\/div>\n<div class=\"max-w-screen-md prose prose-lg mx-auto mb-5\">\n<p data-type=\"text\">\u201cNosotros aportamos la prueba documental y testimonial suficiente para acreditar el origen l\u00edcito de los recursos con que se adquirieron los inmuebles, cuyo origen fueron dos contratos celebrados con el gobierno venezolano, uno por 60 millones de d\u00f3lares, y otro por m\u00e1s o menos\u00a0<b>292 millones de d\u00f3lares\u201d<\/b>, precis\u00f3 el abogado.<\/p>\n<\/div>\n<div class=\"max-w-screen-md prose prose-lg mx-auto mb-5\">\n<p data-type=\"text\">Con estos ingresos, sostiene, Saab pudo comprar el terreno y construir la casa ubicada en un exclusivo sector de la capital del Atl\u00e1ntico.<\/p>\n<\/div>\n<\/div>\n<\/div>\n<\/div>\n<p>&nbsp;<\/p>\n","protected":false},"excerpt":{"rendered":"<p>(Fuente: Semana. Publicado el 27 de Enero de 2025) El bien hab\u00eda sido decomisado en 2021 por la Fiscal\u00eda General en medio del proceso que [&hellip;]<\/p>\n","protected":false},"author":5,"featured_media":4622,"comment_status":"open","ping_status":"open","sticky":false,"template":"","format":"standard","meta":{"h5ap_radio_sources":[],"_FSMCFIC_featured_image_caption":"Fuente: The Rio Times. 2025","_FSMCFIC_featured_image_nocaption":"","_FSMCFIC_featured_image_hide":"","_jetpack_memberships_contains_paid_content":false,"footnotes":""},"categories":[12,2],"tags":[],"class_list":["post-4615","post","type-post","status-publish","format-standard","has-post-thumbnail","hentry","category-colombia","category-venezuela"],"aioseo_notices":[],"jetpack_featured_media_url":"https:\/\/nuevaprensaamerica.com\/wp-content\/uploads\/2025\/01\/images.jpg","jetpack_sharing_enabled":true,"_links":{"self":[{"href":"https:\/\/nuevaprensaamerica.com\/index.php\/wp-json\/wp\/v2\/posts\/4615","targetHints":{"allow":["GET"]}}],"collection":[{"href":"https:\/\/nuevaprensaamerica.com\/index.php\/wp-json\/wp\/v2\/posts"}],"about":[{"href":"https:\/\/nuevaprensaamerica.com\/index.php\/wp-json\/wp\/v2\/types\/post"}],"author":[{"embeddable":true,"href":"https:\/\/nuevaprensaamerica.com\/index.php\/wp-json\/wp\/v2\/users\/5"}],"replies":[{"embeddable":true,"href":"https:\/\/nuevaprensaamerica.com\/index.php\/wp-json\/wp\/v2\/comments?post=4615"}],"version-history":[{"count":7,"href":"https:\/\/nuevaprensaamerica.com\/index.php\/wp-json\/wp\/v2\/posts\/4615\/revisions"}],"predecessor-version":[{"id":4630,"href":"https:\/\/nuevaprensaamerica.com\/index.php\/wp-json\/wp\/v2\/posts\/4615\/revisions\/4630"}],"wp:featuredmedia":[{"embeddable":true,"href":"https:\/\/nuevaprensaamerica.com\/index.php\/wp-json\/wp\/v2\/media\/4622"}],"wp:attachment":[{"href":"https:\/\/nuevaprensaamerica.com\/index.php\/wp-json\/wp\/v2\/media?parent=4615"}],"wp:term":[{"taxonomy":"category","embeddable":true,"href":"https:\/\/nuevaprensaamerica.com\/index.php\/wp-json\/wp\/v2\/categories?post=4615"},{"taxonomy":"post_tag","embeddable":true,"href":"https:\/\/nuevaprensaamerica.com\/index.php\/wp-json\/wp\/v2\/tags?post=4615"}],"curies":[{"name":"wp","href":"https:\/\/api.w.org\/{rel}","templated":true}]}}