{"id":4623,"date":"2025-01-28T14:37:52","date_gmt":"2025-01-28T14:37:52","guid":{"rendered":"https:\/\/nuevaprensaamerica.com\/?p=4623"},"modified":"2025-01-28T14:37:52","modified_gmt":"2025-01-28T14:37:52","slug":"alvaro-uribe-llamo-a-laura-sarabia-y-le-ofrecio-ayuda-para-resolver-la-crisis-con-donald-trump-segun-the-new-york-times","status":"publish","type":"post","link":"https:\/\/nuevaprensaamerica.com\/index.php\/2025\/01\/28\/alvaro-uribe-llamo-a-laura-sarabia-y-le-ofrecio-ayuda-para-resolver-la-crisis-con-donald-trump-segun-the-new-york-times\/","title":{"rendered":"\u00c1lvaro Uribe llam\u00f3 a Laura Sarabia y le ofreci\u00f3 ayuda para resolver la crisis con Donald Trump, seg\u00fan \u2018The New York Times\u2019"},"content":{"rendered":"<div class=\"mx-auto max-w-6xl px-2.5 lg:pt-8\">\n<div class=\"mx-auto max-w-[968px]\">\n<p class=\"mb-4 text-lg\"><em>(Fuente: <a href=\"https:\/\/www.semana.com\/nacion\/articulo\/alvaro-uribe-llamo-a-laura-sarabia-y-le-ofrecio-ayuda-para-resolver-la-crisis-con-donald-trump-segun-the-new-york-times\/202533\/\">Semana<\/a>. Publicado el 28 de enero de 2025)<\/em> La designada canciller le pidi\u00f3 al expresidente \u201cllamar a sus amigos en Washington, incluido Marco Rubio\u201d para arreglar la embarrada del presidente colombiano, Gustavo Petro, con su hom\u00f3logo norteamericano.<\/p>\n<\/div>\n<\/div>\n<p><main class=\"mx-auto mb-4 max-w-[1152px] px-2.5\"><\/p>\n<div class=\"mx-auto lg:flex lg:gap-10\">\n<div class=\"min-w-0 max-w-none flex-auto\">\n<div class=\"paywall mx-auto mb-4\">\n<div class=\"max-w-screen-md prose prose-lg mx-auto mb-5\">\n<p data-type=\"text\">Un art\u00edculo del diario\u00a0<i>The New York Times\u00a0<\/i>narra los secretos detr\u00e1s de las horas de frenes\u00ed que se vivieron en la b\u00fasqueda de arreglar la crisis desatada con Estados Unidos por los trinos del presidente Petro a las tres de la ma\u00f1ana. \u201cLa recientemente nombrada ministra de Relaciones Exteriores de Colombia, Laura Sarabia, llam\u00f3 a la calma\u201d, cuenta el diario.<\/p>\n<\/div>\n<div class=\"max-w-screen-md prose prose-lg mx-auto mb-5\">\n<p data-type=\"text\">Y revela un dato hasta ahora desconocido:\u00a0<b>\u201cAl menos tres expresidentes, incluido Uribe, un l\u00edder de derecha que durante mucho tiempo ha estado en desacuerdo con Petro, se ofrecieron a ayudar a navegar la tormenta.<\/b> Un funcionario con conocimiento de los hechos dijo que el se\u00f1or Uribe hab\u00eda llamado a la se\u00f1ora Sarabia y le hab\u00eda dicho, esencialmente: \u2018Tenemos diferencias con el presidente Petro. Cometi\u00f3 un error. Pero tenemos que resolver esto. \u00bfC\u00f3mo puedo ayudar?\u2018\u201d.<\/p>\n<\/div>\n<div class=\"max-w-screen-md prose prose-lg mx-auto mb-5\">\n<p data-type=\"text\">Por cuenta de ese ofrecimiento, Laura Sarabia le pidi\u00f3 a \u00c1lvaro Uribe \u201cllamar a sus amigos en Washington, incluido Marco Rubio\u201d para arreglar la embarrada de Petro con Trump.<\/p>\n<\/div>\n<div class=\"max-w-screen-md prose prose-lg mx-auto mb-5\">\n<p data-type=\"text\">Colombia nunca hab\u00eda vivido un d\u00eda de tanta tensi\u00f3n en la relaci\u00f3n con Estados Unidos como el domingo pasado. El pa\u00eds estuvo muy cerca de recibir impactos que, como dijo la presidenta de la C\u00e1mara de Comercio Colombo Americana, Mar\u00eda Claudia Lacouture, habr\u00edan sido inmediatos y demoledores.<b> Por cuenta de los agresivos trinos del presidente Petro, que comenzaron a las tres de la ma\u00f1ana, pero no cedieron en todo el d\u00eda, Trump anunci\u00f3 medidas muy fuertes.<\/b><\/p>\n<\/div>\n<div class=\"max-w-screen-md prose prose-lg mx-auto mb-5\">\n<p data-type=\"text\"><a href=\"https:\/\/www.semana.com\/nacion\/articulo\/donald-trump-contra-gustavo-petro-viene-un-tsunami-para-colombia-por-la-peor-crisis-diplomatica-con-estados-unidos-que-puede-pasar\/202529\/\" target=\"_blank\" rel=\"noopener\">Se trataba de cinco puntos que habr\u00edan revolcado la pol\u00edtica y la econom\u00eda del pa\u00eds<\/a>: 1) Aranceles de emergencia del 25 % sobre todos los bienes que ingresan a los Estados Unidos. En una semana, los aranceles del 25 % se elevar\u00e1n al 50 %; 2) Prohibici\u00f3n de viajar y revocaci\u00f3n inmediata de visas para los funcionarios del gobierno colombiano y todos los aliados y partidarios;\u00a0<b>3) Sanciones de visas para todos los miembros del partido, familiares y partidarios del Gobierno colombiano;\u00a0<\/b>4) Inspecciones reforzadas de aduanas y protecci\u00f3n fronteriza de todos los nacionales y cargamentos colombianos por motivos de seguridad nacional, y 5) Se impondr\u00e1n plenamente las sanciones a la Tesorer\u00eda, la Banca y las Finanzas de la IEEPA.<\/p>\n<\/div>\n<div class=\"max-w-screen-md prose prose-lg mx-auto mb-5\">\n<p data-type=\"text\">Todo hab\u00eda comenzado con un mensaje de madrugada en el que el presidente Petro, despu\u00e9s de haber autorizado el regreso de los colombianos deportados en dos vuelos, decidi\u00f3 negarse a recibirlos. Como dato curioso, un tiempo antes hab\u00eda publicado otro trino en un sentido totalmente opuesto, en el que llamaba a los colombianos a recibir a sus connacionales con flores.<\/p>\n<\/div>\n<div class=\"max-w-screen-md prose prose-lg mx-auto mb-5\">\n<p data-type=\"text\">Durante todo el d\u00eda, Petro parec\u00eda enardecer cada vez m\u00e1s su cuenta de X. Alcanz\u00f3 a decirle cosas al presidente Trump que nadie imaginar\u00eda:<b>\u00a0\u201cNo me gusta su petr\u00f3leo\u201d, \u201cEstados Unidos me aburre\u201d, \u201cT<\/b><a href=\"https:\/\/www.semana.com\/nacion\/articulo\/gustavo-petro-le-escribe-un-mensaje-desafiante-a-donald-trump-tumbeme-presidente-y-le-responderan-las-americas-y-la-humanidad\/202515\/\" target=\"_blank\" rel=\"noopener\"><b>\u00fambeme, presidente, y le responder\u00e1n las Am\u00e9ricas y la humanidad\u201d.<\/b><\/a><\/p>\n<\/div>\n<div class=\"max-w-screen-md prose prose-lg mx-auto mb-5\">\n<p data-type=\"text\">Nadie anticipaba que semejante crisis se podr\u00eda resolver y, entonces, despu\u00e9s de las 10 de la noche, todo parec\u00eda arreglado. El Gobierno de Estados Unidos anunci\u00f3 que suspend\u00eda esas sanciones, dado que la Casa de Nari\u00f1o hab\u00eda aceptado recibir esos vuelos y todos los dem\u00e1s que fueran al pa\u00eds.<\/p>\n<\/div>\n<div class=\"max-w-screen-md prose prose-lg mx-auto mb-5\">\n<p data-type=\"text\">Muy poco se sabe de lo que pas\u00f3 en esas horas de efervescencia. El reportaje de\u00a0<i>The New York Times\u00a0<\/i>cuenta detalles hasta ahora desconocidos de esas horas de infarto para Colombia.<\/p>\n<\/div>\n<div class=\"max-w-screen-md prose prose-lg mx-auto mb-5\">\n<p data-type=\"text\">Adem\u00e1s de Uribe, otra persona fue protagonista en lograr llamar a la calma al presidente. \u201cGustavo Bol\u00edvar, quien dirige los programas de servicios sociales para la administraci\u00f3n de Petro, dijo que el presidente se acerc\u00f3 a \u00e9l despu\u00e9s de las medidas de represalia de Trump.\u00a0<b>Bol\u00edvar comparti\u00f3 su preocupaci\u00f3n de que las sanciones econ\u00f3micas da\u00f1ar\u00edan a las empresas colombianas\u201d, cuenta el diario<\/b><i><b>\u00a0<\/b><\/i><b>estadounidense<\/b><i><b>.<\/b><\/i><\/p>\n<\/div>\n<div class=\"max-w-screen-md prose prose-lg mx-auto mb-5\">\n<p data-type=\"text\">El prestigioso peri\u00f3dico expone que habl\u00f3 con varios funcionarios del primer mandatario que pidieron la reserva de su nombre, pero que narraron lo que hab\u00edan vivido.<\/p>\n<\/div>\n<div class=\"max-w-screen-md prose prose-lg mx-auto mb-5\">\n<p data-type=\"text\">\u201cEn Colombia, miembros del c\u00edrculo \u00edntimo de Petro advirtieron que las sanciones estadounidenses<b>\u00a0podr\u00edan causar da\u00f1os generalizados al pa\u00eds.<\/b>\u00a0Estados Unidos es el mayor socio comercial de Colombia, e industrias clave como la del petr\u00f3leo, el caf\u00e9 y las flores dependen del mercado estadounidense\u201d, asegura\u00a0<i>The New York Times\u00a0<\/i>en su reportaje.<\/p>\n<\/div>\n<div class=\"max-w-screen-md prose prose-lg mx-auto mb-5\">\n<p data-type=\"text\">El canciller Murillo le explic\u00f3 al diario que hab\u00eda dos razones para la molestia del primer mandatario y su retiro del permiso de aterrizaje de los aviones. Lo primero, el trato degradante que se hab\u00eda visto horas antes en Brasil, a donde los migrantes hab\u00edan llegado esposados de pies y manos. El segundo, el uso de aviones militares para ese fin.<\/p>\n<\/div>\n<div class=\"max-w-screen-md prose prose-lg mx-auto mb-5\">\n<p data-type=\"text\">Por otro lado, durante la ma\u00f1ana de hoy, 28 de enero, se conoci\u00f3 la reacci\u00f3n del expresidente de Colombia \u00c1lvaro Uribe, quien confirm\u00f3 que s\u00ed habl\u00f3 con Laura Sarabia, y que una persona le dijo que la \u201ccanciller necesitaba urgentemente\u201d hablar con \u00e9l.<\/p>\n<\/div>\n<div class=\"mx-auto mb-5 max-w-screen-full text-secondary\">\n<div class=\"flex flex-col justify-center\" data-type=\"raw_html\">\n<blockquote class=\"twitter-tweet\" data-twitter-extracted-i1738074596105988676=\"true\">\n<p dir=\"ltr\" lang=\"es\">1. Se supo la noticia del grave problema con los Estados Unidos;<br \/>\n2. El partido Centro Democr\u00e1tico public\u00f3 en redes un comunicado, que me correspondi\u00f3 redactar;<br \/>\n3. Me llam\u00f3 una tercera persona, quien ninguna participaci\u00f3n tiene en la pol\u00edtica, me dijo que la se\u00f1ora Canciller\u2026<\/p>\n<p>\u2014 \u00c1lvaro Uribe V\u00e9lez (@AlvaroUribeVel)\u00a0<a href=\"https:\/\/twitter.com\/AlvaroUribeVel\/status\/1884218226059456966?ref_src=twsrc%5Etfw\">January 28, 2025<\/a><\/p><\/blockquote>\n<\/div>\n<\/div>\n<div class=\"max-w-screen-md prose prose-lg mx-auto mb-5\">\n<p data-type=\"text\">Seg\u00fan el diario, al final del d\u00eda qued\u00f3 claro que\u00a0<b>los colombianos no llegar\u00edan en esas condiciones a su tierra.<\/b>\u00a0Al d\u00eda siguiente, el lunes, Murillo anunci\u00f3 que un avi\u00f3n colombiano ir\u00eda por los deportados, con lo cual qued\u00f3 claro que el segundo malestar tambi\u00e9n hab\u00eda quedado arreglado.<\/p>\n<\/div>\n<div class=\"max-w-screen-md prose prose-lg mx-auto mb-5\">\n<p data-type=\"text\">El diario concluye que Petro sigue teniendo su posici\u00f3n, pero que Trump gan\u00f3 bastante.\u00a0<b>\u201cAm\u00e9rica es respetada otra vez\u201d,<\/b>\u00a0dijo el primer mandatario desde la Casa Blanca.<\/p>\n<\/div>\n<\/div>\n<\/div>\n<\/div>\n<p><\/main><\/p>\n","protected":false},"excerpt":{"rendered":"<p>(Fuente: Semana. Publicado el 28 de enero de 2025) La designada canciller le pidi\u00f3 al expresidente \u201cllamar a sus amigos en Washington, incluido Marco Rubio\u201d [&hellip;]<\/p>\n","protected":false},"author":5,"featured_media":4627,"comment_status":"open","ping_status":"open","sticky":false,"template":"","format":"standard","meta":{"h5ap_radio_sources":[],"_FSMCFIC_featured_image_caption":"Fuente: Semana. 2025","_FSMCFIC_featured_image_nocaption":"","_FSMCFIC_featured_image_hide":"","_jetpack_memberships_contains_paid_content":false,"footnotes":""},"categories":[12,17,5],"tags":[],"class_list":["post-4623","post","type-post","status-publish","format-standard","has-post-thumbnail","hentry","category-colombia","category-estados-unidos","category-internacionales"],"aioseo_notices":[],"jetpack_featured_media_url":"https:\/\/nuevaprensaamerica.com\/wp-content\/uploads\/2025\/01\/image_2025-01-28_103423350.png","jetpack_sharing_enabled":true,"_links":{"self":[{"href":"https:\/\/nuevaprensaamerica.com\/index.php\/wp-json\/wp\/v2\/posts\/4623","targetHints":{"allow":["GET"]}}],"collection":[{"href":"https:\/\/nuevaprensaamerica.com\/index.php\/wp-json\/wp\/v2\/posts"}],"about":[{"href":"https:\/\/nuevaprensaamerica.com\/index.php\/wp-json\/wp\/v2\/types\/post"}],"author":[{"embeddable":true,"href":"https:\/\/nuevaprensaamerica.com\/index.php\/wp-json\/wp\/v2\/users\/5"}],"replies":[{"embeddable":true,"href":"https:\/\/nuevaprensaamerica.com\/index.php\/wp-json\/wp\/v2\/comments?post=4623"}],"version-history":[{"count":5,"href":"https:\/\/nuevaprensaamerica.com\/index.php\/wp-json\/wp\/v2\/posts\/4623\/revisions"}],"predecessor-version":[{"id":4629,"href":"https:\/\/nuevaprensaamerica.com\/index.php\/wp-json\/wp\/v2\/posts\/4623\/revisions\/4629"}],"wp:featuredmedia":[{"embeddable":true,"href":"https:\/\/nuevaprensaamerica.com\/index.php\/wp-json\/wp\/v2\/media\/4627"}],"wp:attachment":[{"href":"https:\/\/nuevaprensaamerica.com\/index.php\/wp-json\/wp\/v2\/media?parent=4623"}],"wp:term":[{"taxonomy":"category","embeddable":true,"href":"https:\/\/nuevaprensaamerica.com\/index.php\/wp-json\/wp\/v2\/categories?post=4623"},{"taxonomy":"post_tag","embeddable":true,"href":"https:\/\/nuevaprensaamerica.com\/index.php\/wp-json\/wp\/v2\/tags?post=4623"}],"curies":[{"name":"wp","href":"https:\/\/api.w.org\/{rel}","templated":true}]}}