{"id":4631,"date":"2025-01-28T20:19:42","date_gmt":"2025-01-28T20:19:42","guid":{"rendered":"https:\/\/nuevaprensaamerica.com\/?p=4631"},"modified":"2025-01-28T20:19:42","modified_gmt":"2025-01-28T20:19:42","slug":"madrid-acoge-la-cumbre-preministerial-2025-un-paso-clave-hacia-la-transformacion-digital-de-iberoamerica","status":"publish","type":"post","link":"https:\/\/nuevaprensaamerica.com\/index.php\/2025\/01\/28\/madrid-acoge-la-cumbre-preministerial-2025-un-paso-clave-hacia-la-transformacion-digital-de-iberoamerica\/","title":{"rendered":"Madrid acoge la Cumbre Preministerial 2025: Un paso clave hacia la transformaci\u00f3n digital de Iberoam\u00e9rica"},"content":{"rendered":"<p><em>Madrid, 28 de enero de 2025<\/em> \u2013 En un contexto global cada vez m\u00e1s digitalizado, los retos y oportunidades del entorno digital se vuelven una prioridad para gobiernos, empresas y ciudadanos. Con el objetivo de abordar estos desaf\u00edos, el Centro de Estudios de las Telecomunicaciones y Regulaci\u00f3n de Am\u00e9rica Latina (CERTAL) celebrar\u00e1 la tercera edici\u00f3n de la Cumbre Preministerial 2025 los d\u00edas 27 y 28 de febrero en la sede de la Confederaci\u00f3n Espa\u00f1ola de Organizaciones Empresariales (CEOE) en Madrid. Este evento, que se realiza anualmente antes del Mobile World Congress de Barcelona, reunir\u00e1 a l\u00edderes gubernamentales, expertos y representantes de empresas bajo el lema \u201cCONECT\u00c9MONOS\u201d, con el objetivo de impulsar la digitalizaci\u00f3n y la cooperaci\u00f3n internacional.<\/p>\n<p><strong>Prevenci\u00f3n y combate del comercio il\u00edcito digital: El enfoque colaborativo de la Estrategia Tri\u00e1ngulos<\/strong><\/p>\n<p>Uno de los puntos m\u00e1s destacados de la cumbre ser\u00e1 el debate sobre el <strong>comercio il\u00edcito digital<\/strong>, un desaf\u00edo global que afecta la econom\u00eda, la seguridad y la innovaci\u00f3n tecnol\u00f3gica. <strong>Juan Carlos Buitrago<\/strong>, Fundador y CEO de <strong>Strategos BIP<\/strong>, moderar\u00e1 el panel titulado <strong>&#8220;Medidas para combatir la pirater\u00eda digital y el comercio il\u00edcito online&#8221;<\/strong>, donde subrayar\u00e1 la necesidad de <strong>colaboraci\u00f3n p\u00fablico-privada<\/strong> para enfrentar eficazmente los delitos en el entorno digital.<\/p>\n<p>Buitrago, experto internacional en <strong>inteligencia estrat\u00e9gica<\/strong> y <strong>anticombate contra el contrabando<\/strong>, ha liderado iniciativas clave en la regi\u00f3n a trav\u00e9s de la <strong>Estrategia Tri\u00e1ngulos<\/strong>, un enfoque de colaboraci\u00f3n que integra al sector p\u00fablico y privado en la lucha contra el comercio ilegal. Esta estrategia ha demostrado ser crucial en las recientes reuniones realizadas en <strong>M\u00e9xico<\/strong> y <strong>Guatemala<\/strong>, donde se analizaron los desaf\u00edos del <strong>contrabando y la falsificaci\u00f3n<\/strong> en el entorno digital, con \u00e9nfasis en la protecci\u00f3n de la <strong>propiedad intelectual<\/strong> y el fortalecimiento de la <strong>cooperaci\u00f3n internacional<\/strong>.<\/p>\n<p>El 22 de enero de 2025, en <strong>Ciudad de M\u00e9xico<\/strong>, Buitrago present\u00f3 su obra <em>&#8220;\u00bfPodremos Derrotar la Hidra de Mil Cabezas?&#8221;<\/em> y <em>&#8220;Los Principios NO se negocian&#8221;<\/em>, en un evento titulado <strong>&#8220;Buenas Pr\u00e1cticas Vs. el Contrabando y la Falsificaci\u00f3n. Oportunidades para M\u00e9xico&#8221;<\/strong>. En esta ocasi\u00f3n, se destac\u00f3 la importancia de implementar buenas pr\u00e1cticas y estrategias innovadoras en la lucha contra el crimen organizado, con el objetivo de reforzar las capacidades de M\u00e9xico para enfrentar estos desaf\u00edos de forma efectiva. Durante el evento, Buitrago entreg\u00f3 un ejemplar de su libro al <strong>Dr. Santiago Nieto<\/strong>, Director del Instituto Mexicano de la Propiedad Industrial (IMPI), reafirmando su compromiso con la <strong>protecci\u00f3n de la propiedad intelectual<\/strong> y la <strong>lucha contra el comercio il\u00edcito<\/strong>.<\/p>\n<p><strong>Liderazgo y cooperaci\u00f3n internacional para enfrentar el comercio il\u00edcito digital<\/strong><\/p>\n<p>La <strong>Estrategia Tri\u00e1ngulos<\/strong> ha sido clave para impulsar la cooperaci\u00f3n entre pa\u00edses de Am\u00e9rica Latina y el Caribe, fomentando el intercambio de inteligencia, recursos y mejores pr\u00e1cticas en la lucha contra el comercio il\u00edcito y el crimen organizado. En el marco de esta estrategia, Buitrago ha trabajado estrechamente con diversas agencias internacionales, como <strong>Europol<\/strong>, <strong>Interpol<\/strong> y organismos de Estados Unidos y Am\u00e9rica Latina, para desarrollar soluciones que integren la tecnolog\u00eda, la inteligencia estrat\u00e9gica y la cooperaci\u00f3n transnacional.<\/p>\n<p>En la <strong>Cumbre Preministerial 2025<\/strong>, Buitrago presentar\u00e1 la <strong>Estrategia Tri\u00e1ngulos<\/strong> como modelo para enfrentar los retos del comercio il\u00edcito digital. Su panel abordar\u00e1 las <strong>innovaciones tecnol\u00f3gicas<\/strong> necesarias para desarticular las redes de pirater\u00eda y contrabando en l\u00ednea, haciendo hincapi\u00e9 en c\u00f3mo las <strong>alianzas p\u00fablico-privadas<\/strong> son esenciales para abordar estos problemas de manera efectiva y sostenible. Tambi\u00e9n se discutir\u00e1 c\u00f3mo tecnolog\u00edas como la <strong>inteligencia artificial<\/strong> pueden ayudar a modernizar los sistemas judiciales y a proteger las infraestructuras digitales de los pa\u00edses.<\/p>\n<p>A lo largo de la cumbre, se tratar\u00e1n otros temas clave como la <strong>implementaci\u00f3n del 5G<\/strong>, el impacto de la <strong>ciberseguridad<\/strong> en el desarrollo de <strong>ciudades inteligentes<\/strong> y la <strong>transformaci\u00f3n digital<\/strong> de la regi\u00f3n, siempre con un enfoque en la <strong>cooperaci\u00f3n internacional<\/strong> y la creaci\u00f3n de pol\u00edticas p\u00fablicas inclusivas y eficaces.<\/p>\n<p><strong>Para m\u00e1s informaci\u00f3n y registro:<\/strong><br \/>\n<a target=\"_new\" rel=\"noopener\">www.certal.org<\/a><\/p>\n","protected":false},"excerpt":{"rendered":"<p>Madrid, 28 de enero de 2025 \u2013 En un contexto global cada vez m\u00e1s digitalizado, los retos y oportunidades del entorno digital se vuelven una [&hellip;]<\/p>\n","protected":false},"author":5,"featured_media":4635,"comment_status":"open","ping_status":"open","sticky":false,"template":"","format":"standard","meta":{"h5ap_radio_sources":[],"_FSMCFIC_featured_image_caption":"Fuente: Certal.2025","_FSMCFIC_featured_image_nocaption":"","_FSMCFIC_featured_image_hide":"","_jetpack_memberships_contains_paid_content":false,"footnotes":""},"categories":[15,5],"tags":[],"class_list":["post-4631","post","type-post","status-publish","format-standard","has-post-thumbnail","hentry","category-espana","category-internacionales"],"aioseo_notices":[],"jetpack_featured_media_url":"https:\/\/nuevaprensaamerica.com\/wp-content\/uploads\/2025\/01\/Pantalla-CERTAL-MADRID-2-768x432-1.png","jetpack_sharing_enabled":true,"_links":{"self":[{"href":"https:\/\/nuevaprensaamerica.com\/index.php\/wp-json\/wp\/v2\/posts\/4631","targetHints":{"allow":["GET"]}}],"collection":[{"href":"https:\/\/nuevaprensaamerica.com\/index.php\/wp-json\/wp\/v2\/posts"}],"about":[{"href":"https:\/\/nuevaprensaamerica.com\/index.php\/wp-json\/wp\/v2\/types\/post"}],"author":[{"embeddable":true,"href":"https:\/\/nuevaprensaamerica.com\/index.php\/wp-json\/wp\/v2\/users\/5"}],"replies":[{"embeddable":true,"href":"https:\/\/nuevaprensaamerica.com\/index.php\/wp-json\/wp\/v2\/comments?post=4631"}],"version-history":[{"count":14,"href":"https:\/\/nuevaprensaamerica.com\/index.php\/wp-json\/wp\/v2\/posts\/4631\/revisions"}],"predecessor-version":[{"id":4647,"href":"https:\/\/nuevaprensaamerica.com\/index.php\/wp-json\/wp\/v2\/posts\/4631\/revisions\/4647"}],"wp:featuredmedia":[{"embeddable":true,"href":"https:\/\/nuevaprensaamerica.com\/index.php\/wp-json\/wp\/v2\/media\/4635"}],"wp:attachment":[{"href":"https:\/\/nuevaprensaamerica.com\/index.php\/wp-json\/wp\/v2\/media?parent=4631"}],"wp:term":[{"taxonomy":"category","embeddable":true,"href":"https:\/\/nuevaprensaamerica.com\/index.php\/wp-json\/wp\/v2\/categories?post=4631"},{"taxonomy":"post_tag","embeddable":true,"href":"https:\/\/nuevaprensaamerica.com\/index.php\/wp-json\/wp\/v2\/tags?post=4631"}],"curies":[{"name":"wp","href":"https:\/\/api.w.org\/{rel}","templated":true}]}}