{"id":4648,"date":"2025-01-28T20:34:41","date_gmt":"2025-01-28T20:34:41","guid":{"rendered":"https:\/\/nuevaprensaamerica.com\/?p=4648"},"modified":"2025-01-28T20:34:41","modified_gmt":"2025-01-28T20:34:41","slug":"ultima-hora-venezuela-identifica-al-menos-10-de-los-delincuentes-buscados-por-terrorismo-en-acto-de-edmundo-gonzalez-en-quito","status":"publish","type":"post","link":"https:\/\/nuevaprensaamerica.com\/index.php\/2025\/01\/28\/ultima-hora-venezuela-identifica-al-menos-10-de-los-delincuentes-buscados-por-terrorismo-en-acto-de-edmundo-gonzalez-en-quito\/","title":{"rendered":"\u00daLTIMA HORA | Venezuela identifica \u201cal menos 10 de los delincuentes buscados por terrorismo\u201d en acto de Edmundo Gonz\u00e1lez en Quito."},"content":{"rendered":"<p>El l\u00edder opositor venezolano, Edmundo Gonz\u00e1lez Urrutia, cumple una apretada agenda durante su visita a la Rep\u00fablica del Ecuador donde ha sostenido una encuentro con el mandatario Daniel Noboa en el Palacio de Carondelet.<\/p>\n<p>Seg\u00fan se conoci\u00f3, organismos de inteligencia habr\u00edan logrado identificar \u201cal menos 10 de los delincuentes m\u00e1s buscados por terrorismo\u201d que est\u00e1n requeridos por las autoridades venezolanas.<\/p>\n<p>Seg\u00fan las acusaciones, los se\u00f1alados habr\u00edan participado como p\u00fablico este martes 28 de enero en el acto de recibimiento a Edmundo Gonz\u00e1lez en las afueras del palacio presidencial en Quito, Ecuador.<\/p>\n<p>Recientemente, las autoridades venezolanas denunciaron que en Ecuador se \u201cest\u00e1n entrenando a personas para desestabilizar a Venezuela\u201d.<\/p>\n<p>&#8220;No solo el epicentro es en Colombia, en Ecuador est\u00e1n entrenando gente en estos momentos. En ese pa\u00eds hay centros de entrenamientos&#8221;, puntualiz\u00f3 el ministro de Interior, Justicia y Paz, Diosdado Cabello en una conferencia de prensa.<\/p>\n","protected":false},"excerpt":{"rendered":"<p>El l\u00edder opositor venezolano, Edmundo Gonz\u00e1lez Urrutia, cumple una apretada agenda durante su visita a la Rep\u00fablica del Ecuador donde ha sostenido una encuentro con [&hellip;]<\/p>\n","protected":false},"author":5,"featured_media":4651,"comment_status":"open","ping_status":"open","sticky":false,"template":"","format":"standard","meta":{"h5ap_radio_sources":[],"_FSMCFIC_featured_image_caption":"","_FSMCFIC_featured_image_nocaption":"","_FSMCFIC_featured_image_hide":"","_jetpack_memberships_contains_paid_content":false,"footnotes":""},"categories":[2],"tags":[],"class_list":["post-4648","post","type-post","status-publish","format-standard","has-post-thumbnail","hentry","category-venezuela"],"aioseo_notices":[],"jetpack_featured_media_url":"https:\/\/nuevaprensaamerica.com\/wp-content\/uploads\/2025\/01\/PHOTO-2025-01-28-16-30-38.jpg","jetpack_sharing_enabled":true,"_links":{"self":[{"href":"https:\/\/nuevaprensaamerica.com\/index.php\/wp-json\/wp\/v2\/posts\/4648","targetHints":{"allow":["GET"]}}],"collection":[{"href":"https:\/\/nuevaprensaamerica.com\/index.php\/wp-json\/wp\/v2\/posts"}],"about":[{"href":"https:\/\/nuevaprensaamerica.com\/index.php\/wp-json\/wp\/v2\/types\/post"}],"author":[{"embeddable":true,"href":"https:\/\/nuevaprensaamerica.com\/index.php\/wp-json\/wp\/v2\/users\/5"}],"replies":[{"embeddable":true,"href":"https:\/\/nuevaprensaamerica.com\/index.php\/wp-json\/wp\/v2\/comments?post=4648"}],"version-history":[{"count":2,"href":"https:\/\/nuevaprensaamerica.com\/index.php\/wp-json\/wp\/v2\/posts\/4648\/revisions"}],"predecessor-version":[{"id":4650,"href":"https:\/\/nuevaprensaamerica.com\/index.php\/wp-json\/wp\/v2\/posts\/4648\/revisions\/4650"}],"wp:featuredmedia":[{"embeddable":true,"href":"https:\/\/nuevaprensaamerica.com\/index.php\/wp-json\/wp\/v2\/media\/4651"}],"wp:attachment":[{"href":"https:\/\/nuevaprensaamerica.com\/index.php\/wp-json\/wp\/v2\/media?parent=4648"}],"wp:term":[{"taxonomy":"category","embeddable":true,"href":"https:\/\/nuevaprensaamerica.com\/index.php\/wp-json\/wp\/v2\/categories?post=4648"},{"taxonomy":"post_tag","embeddable":true,"href":"https:\/\/nuevaprensaamerica.com\/index.php\/wp-json\/wp\/v2\/tags?post=4648"}],"curies":[{"name":"wp","href":"https:\/\/api.w.org\/{rel}","templated":true}]}}