{"id":4829,"date":"2025-02-05T15:31:25","date_gmt":"2025-02-05T15:31:25","guid":{"rendered":"https:\/\/nuevaprensaamerica.com\/?p=4829"},"modified":"2025-02-05T15:31:25","modified_gmt":"2025-02-05T15:31:25","slug":"petro-preside-un-consejo-de-ministros-transmitido-en-vivo-lleno-de-reproches-y-acusaciones-laura-miente-presidente","status":"publish","type":"post","link":"https:\/\/nuevaprensaamerica.com\/index.php\/2025\/02\/05\/petro-preside-un-consejo-de-ministros-transmitido-en-vivo-lleno-de-reproches-y-acusaciones-laura-miente-presidente\/","title":{"rendered":"Petro preside un consejo de ministros transmitido en vivo lleno de reproches y acusaciones: \u201cLaura miente, presidente\u201d"},"content":{"rendered":"<header class=\"a_e _g _g-xs\">\n<div class=\"a_e_txt _df\">\n<h2 class=\"a_st\">El presidente culpa a sus funcionarios de incumplir 146 de 195 promesas de Gobierno y recibe cr\u00edticas por nombrar a Benedetti y Sarabia en cargos importantes<\/h2>\n<\/div>\n<\/header>\n<div class=\"a_c clearfix\" data-dtm-region=\"articulo_cuerpo\">\n<p class=\"\"><em>(Fuente: <a href=\"https:\/\/elpais.com\/america-colombia\/2025-02-05\/petro-preside-un-consejo-de-ministros-transmitido-en-vivo-lleno-de-reproches-y-acusaciones-laura-miente-presidente.html\">El Pa\u00eds.<\/a> Publicado el 5 de febrero de 2025)<\/em> El Consejo de Ministros televisado en cadena nacional, a hora de m\u00e1xima audiencia, ha retratado este martes el momento ca\u00f3tico que vive el Gobierno de Petro. La gente vio al presidente reprender durante horas a sus ministros, a los que acus\u00f3 de hacer mal su trabajo y de tener una doble agenda. Rega\u00f1\u00f3 a uno que lleg\u00f3 tarde, le hizo <i>ghosting<\/i>\u00a0a su vicepresidenta y se rio de manera forzada cuando otro, en un arrebato de amor, asegur\u00f3 que lo amaba. Dos de sus ministras y el director de una entidad p\u00fablica le devolvieron las cr\u00edticas, acus\u00e1ndole de permitir la corrupci\u00f3n e incluir en su proyecto progresista a gente que no es tal. La incomodidad del momento se vio reflejada en la cara de todos los presentes. Petro no se dio por aludido y culp\u00f3 a todos de incumplir 146 de sus 195 promesas de Gobierno: \u201cMe da verg\u00fcenza. El presidente es revolucionario. El Gobierno, no\u201d.<\/p>\n<p class=\"\">El presidente no ha quedado contento con la manera en la que se zanj\u00f3 el asunto de las deportaciones con Donald Trump. Piensa que el canciller en ese momento, Luis Gilberto Murillo, cedi\u00f3 a las amenazas de Estados Unidos de iniciar una guerra comercial y<a href=\"https:\/\/elpais.com\/america-colombia\/2025-01-27\/las-horas-clave-que-evitaron-una-guerra-comercial-entre-estados-unidos-y-colombia-trump-esta-mas-loco-que-maduro.html\" target=\"_blank\" rel=\"noopener\" data-link-track-dtm=\"\" data-mrf-link=\"https:\/\/elpais.com\/america-colombia\/2025-01-27\/las-horas-clave-que-evitaron-una-guerra-comercial-entre-estados-unidos-y-colombia-trump-esta-mas-loco-que-maduro.html\">\u00a0cerr\u00f3 en falso<\/a>\u00a0una crisis que hab\u00eda surgido por el trato que reciben los colombianos en los vuelos de deportaci\u00f3n,\u00a0<a href=\"https:\/\/elpais.com\/america\/2025-02-02\/el-viaje-de-jaime-valdiris-como-deportado-por-trump-es-una-vaina-muy-cruel.html\" target=\"_blank\" rel=\"noopener\" data-link-track-dtm=\"\" data-mrf-link=\"https:\/\/elpais.com\/america\/2025-02-02\/el-viaje-de-jaime-valdiris-como-deportado-por-trump-es-una-vaina-muy-cruel.html\">donde son encadenados de pies y manos.<\/a> Pero ahora, con \u00e9l al mando de las conversaciones, no tiene intenci\u00f3n de ceder ni un cent\u00edmetro, seg\u00fan su entorno. Y quer\u00eda que todo el mundo lo viese por televisi\u00f3n.<\/p>\n<p class=\"\">Lleg\u00f3 furioso a la reuni\u00f3n con los ministros. Dijo que se le ocurri\u00f3 la idea de transmitirla en vivo despu\u00e9s de ver que se hac\u00eda en Cuba. No lo mencion\u00f3, pero este formato tipo telerrealidad recuerda tambi\u00e9n a Al\u00f3 presidente, el programa de Hugo Ch\u00e1vez, y a las intervenciones televisadas de \u00c1lvaro Uribe, que somet\u00eda a escarnio p\u00fablico a sus asesores. Desde el primer momento dej\u00f3 claro que \u00e9l mismo se ocupar\u00e1 de las relaciones internacionales, aunque de canciller est\u00e9 ahora Laura Sarabia, la que hasta ahora era su n\u00famero 2. \u201cMe tienen que matar a m\u00ed primero. Este Gobierno no se arrodilla, ministra Laura. Yo no me arrodillo\u201d, dijo con claridad en un tono de reproche hacia ella que no se le conoc\u00eda en p\u00fablico. Petro asegura estar dispuesto a librar una guerra arancelaria con Trump en el caso de que las autoridades estadounidenses sigan maltratando a los inmigrantes colombianos.<\/p>\n<p class=\"\">Esos choques con Trump los ha tenido Petro a trav\u00e9s de Twitter, lo que le ha valido muchas cr\u00edticas. Su gente m\u00e1s cercana le ha implorado esta semana que se desintoxique de la red social, pero \u00e9l ha dado una respuesta t\u00edpica muy suya: ninguna. Se ha quedado en silencio. Hoy ha reconocido, eso s\u00ed, que se equivoc\u00f3 al tuitear la ubicaci\u00f3n de la guerrilla del ELN en el Catatumbo, una regi\u00f3n en la que se libra una guerra entre facciones armadas. \u201cLa oficialidad del Ej\u00e9rcito est\u00e1 brava con el presidente porque se me fue un trino mal hecho. Casi nunca me hab\u00eda pasado, pero me pas\u00f3\u201d, afirm\u00f3, sin dejar claro de d\u00f3nde hab\u00eda recibido esa informaci\u00f3n, que ni siquiera parec\u00eda verdadera. Armando Benedetti,\u00a0<a href=\"https:\/\/elpais.com\/america-colombia\/2025-02-04\/petro-nombra-jefe-de-gabinete-a-armando-benedetti.html\" target=\"_blank\" rel=\"noopener\" data-link-track-dtm=\"\" data-mrf-link=\"https:\/\/elpais.com\/america-colombia\/2025-02-04\/petro-nombra-jefe-de-gabinete-a-armando-benedetti.html\">su nuevo jefe de gabinete<\/a>, sentado a su izquierda, tomaba notas.<\/p>\n<p class=\"\">Uno a uno, tuvo reproches para todos los ministros. Los acus\u00f3 de estar fall\u00e1ndole \u201cal pueblo\u201d y de no ser verdaderos revolucionarios como \u00e9l. Lanzaba preguntas ret\u00f3ricas, hac\u00eda incursiones hist\u00f3ricas, digresiones que lo alejaban del punto principal. Por su cabeza circularon sus obsesiones personales. Los ministros simulaban tomar notas para no tener que aguantarle la mirada. El presidente estaba invadido por la ira y no ten\u00eda ninguna intenci\u00f3n de esconderlo. \u201cMinistra de Vivienda: est\u00e1 mal hecho el trabajo. Nos debe agua, agua potable\u201d.<\/p>\n<p class=\"\">Casi una hora despu\u00e9s tom\u00f3 el turno la vicepresidenta Francia M\u00e1rquez, con la que Petro no tiene ninguna relaci\u00f3n. M\u00e1rquez tiene fama de ser muy clara y directa y as\u00ed lo fue: \u201cNo todo se hace con la transparencia, presidente, con la que hoy le hablamos al pa\u00eds. Eso es parte de mis dolores porque ayud\u00e9 a elegir este Gobierno y me duele que se presenten tantos actos de corrupci\u00f3n. Tenemos que decirlo de frente\u201d. M\u00e1rquez se siente apartada, sin apenas responsabilidades. Se quej\u00f3 de haber estado dos a\u00f1os creando desde cero un ministerio de Igualdad, con toda la burocracia que eso conlleva. Se ha enfrentado en varias ocasiones a Sarabia. \u201cNo me parece las actitudes de Laura Sarabia conmigo. Me ha tocado decirle: resp\u00e9teme, que soy la vicepresidenta. Y respeto a Benedetti, pero no comparto su decisi\u00f3n de traer a este Gobierno a estas personas que sabemos que tienen gran parte de responsabilidad con lo que est\u00e1 pasando. Tal vez esto me cueste qui\u00e9n sabe qu\u00e9\u201d.<\/p>\n<p class=\"\">Ahora era Petro el que recib\u00eda los ataques y, de paso, tambi\u00e9n Sarabia y Benedetti. Dentro del gabinete trataron de convencer al presidente de que no nombrase al segundo su asesor jefe despu\u00e9s de las pol\u00e9micas que ha protagonizado en el pasado. Benedetti sali\u00f3 por primera vez del Gobierno despu\u00e9s de que se publicasen unos audios en los que se le escuchaba decir:\u00a0<a href=\"https:\/\/elpais.com\/america-colombia\/2023-06-05\/armando-benedetti-nos-hundimos-todos-nos-vamos-presos.html\" data-link-track-dtm=\"\" data-mrf-link=\"https:\/\/elpais.com\/america-colombia\/2023-06-05\/armando-benedetti-nos-hundimos-todos-nos-vamos-presos.html\">\u201cNos hundimos todos, nos vamos presos\u201d.<\/a>\u00a0Le hablaba a Sarabia, con la que discut\u00eda a gritos de la financiaci\u00f3n de la campa\u00f1a electoral. En julio del a\u00f1o pasado, la esposa de Benedetti lo denunci\u00f3 por violencia de g\u00e9nero en Madrid, donde pasaban unos d\u00edas. \u00c9l neg\u00f3 los hechos y ella lo ha hecho a posteriori, cuando han vuelto a ser pareja.<\/p>\n<p class=\"\">Ese es el principal motivo por el que ministras como Susana Muhamad se han escandalizado con el nombramiento. Muhamad, una de las personas m\u00e1s respetadas del gabinete, le lanz\u00f3 un \u00f3rdago a Petro: o Benedetti o ella. \u201cComo feminista y como mujer no me puedo sentar en esta mesa de gabinete y de proyecto progresista con Armando Benedetti. Y yo no voy a renunciar ni al proyecto ni al Gobierno\u201d, dijo, emocionada. Tambi\u00e9n carg\u00f3 contra Sarabia: \u201cNi las relaciones exteriores ni la actual jefatura de gabinete est\u00e1n en manos de este proyecto, est\u00e1n en manos de todo lo contrario, presidente\u201d.<\/p>\n<p class=\"\">A las cr\u00edticas se sum\u00f3 el director de la Unidad Nacional de Protecci\u00f3n, Augusto Rodr\u00edguez, uno de los pocos amigos que tiene Petro en la vida. \u201cDesde que Benedetti lleg\u00f3 a la campa\u00f1a yo puse alertas y me enter\u00e9 de sus artima\u00f1as para lograr que no fuera puesto preso. De tal manera que hoy debo decir que este espacio no es el espacio del se\u00f1or Benedetti\u201d.<\/p>\n<p class=\"\">El presidente defendi\u00f3 a Benedetti, que fue su jefe de campa\u00f1a y uno de los art\u00edfices de que la izquierda ganara las elecciones en 2022: \u201cEl feminismo no es para destruir al hombre, como el hombre no es para destruir a la mujer. (&#8230;) He visto feminismos que destruyen hombres. Cuando se quiere un hombre perfecto, no existe. En el M-19 (la guerrilla en la que \u00e9l milit\u00f3) se daban segundas oportunidades\u201d. Benedetti, mientras tanto, se manten\u00eda erguido en la silla, se atusaba el pelo y la barba. Una parte del Gobierno est\u00e1 contenta con que llegue alguien como \u00e9l, mu\u00f1idor de pactos, con amigos en el cielo y el infierno. Aunque nadie se atreve a decirlo en p\u00fablico, salvo Petro.<\/p>\n<p class=\"\">Las siguientes intervenciones y roces de Petro con el ministro de Educaci\u00f3n, Daniel Rojas, y el director del departamento encargado de las ayudas sociales, Gustavo Bol\u00edvar, tuvieron un punto c\u00f3mico. Cuando Rojas entr\u00f3 tarde a la reuni\u00f3n, Petro ironiz\u00f3: \u201cLleg\u00f3 el ministro de Educaci\u00f3n, bravo\u201d. A esas alturas el presidente ya hab\u00eda hablado de su ministerio: \u201cEspero que le digan sus compa\u00f1eros qu\u00e9 fue lo que dije\u201d. En Twitter, Rojas explic\u00f3 que hab\u00eda llegado tarde porque andaba en otras regiones del pa\u00eds. En la r\u00e9plica cara a cara, Rojas sostuvo brevemente el pulso, aunque con la voz entrecortada: \u201cPresidente, p\u00f3ngame un poquito de atenci\u00f3n, por favor\u201d.<\/p>\n<p class=\"\">Bol\u00edvar fue el responsable del momento m\u00e1s inc\u00f3modo de todos al hacer una declaraci\u00f3n de amor en una reuni\u00f3n de trabajo. \u201cYo a usted lo amo, presidente\u201d, le dijo a Petro, que solo atin\u00f3 a responder con una risa fingida. Poco antes, Petro se hab\u00eda quejado de los shows de televisi\u00f3n que retrataban a los colombianos como narcotraficantes que viv\u00edan en Miami. Bol\u00edvar se dio por aludido por ambas cosas, tiene casa en esa ciudad de Florida y ha escrito narconovelas para televisi\u00f3n con esos argumentos (Sin tetas no hay para\u00edso). Por lo que gast\u00f3 un par de minutos en explicar su relaci\u00f3n con la ciudad:<b>\u00a0<\/b>\u201cHoy ya no s\u00e9 si tenga visa para ir a Miami\u201d.<\/p>\n<p class=\"\">El momento \u00e1lgido lleg\u00f3 cuando Sarabia dijo que nadie del DPS (la entidad que dirige Bol\u00edvar) hab\u00eda estado pendiente de unos deportados que llegaron hace dos d\u00edas.<\/p>\n<p class=\"\">\u2014No puede ser discurso, tiene que ser realidad \u2014se quej\u00f3 Petro\u2014.<\/p>\n<p class=\"\">\u2014Laura est\u00e1 mintiendo, presidente \u2014interrumpi\u00f3 Bol\u00edvar\u2014.<\/p>\n<p class=\"\">Petro lo cort\u00f3 en seco.<\/p>\n<p class=\"\">\u2014Compa\u00f1ero, est\u00e1 hablando el presidente.<\/p>\n<\/div>\n<div id=\"me-dis\" class=\"me _pf\">\n<div class=\"me_bg\">\n<div class=\"me-dis _pa _df\">\n<div class=\"me-dis_c\">\n<p class=\"lk\">\n<\/div>\n<\/div>\n<\/div>\n<\/div>\n","protected":false},"excerpt":{"rendered":"<p>El presidente culpa a sus funcionarios de incumplir 146 de 195 promesas de Gobierno y recibe cr\u00edticas por nombrar a Benedetti y Sarabia en cargos [&hellip;]<\/p>\n","protected":false},"author":5,"featured_media":4838,"comment_status":"open","ping_status":"open","sticky":false,"template":"","format":"standard","meta":{"h5ap_radio_sources":[],"_FSMCFIC_featured_image_caption":"","_FSMCFIC_featured_image_nocaption":"","_FSMCFIC_featured_image_hide":"","_jetpack_memberships_contains_paid_content":false,"footnotes":""},"categories":[12],"tags":[],"class_list":["post-4829","post","type-post","status-publish","format-standard","has-post-thumbnail","hentry","category-colombia"],"aioseo_notices":[],"jetpack_featured_media_url":"https:\/\/nuevaprensaamerica.com\/wp-content\/uploads\/2025\/02\/Screenshot-2025-02-05-112944.png","jetpack_sharing_enabled":true,"_links":{"self":[{"href":"https:\/\/nuevaprensaamerica.com\/index.php\/wp-json\/wp\/v2\/posts\/4829","targetHints":{"allow":["GET"]}}],"collection":[{"href":"https:\/\/nuevaprensaamerica.com\/index.php\/wp-json\/wp\/v2\/posts"}],"about":[{"href":"https:\/\/nuevaprensaamerica.com\/index.php\/wp-json\/wp\/v2\/types\/post"}],"author":[{"embeddable":true,"href":"https:\/\/nuevaprensaamerica.com\/index.php\/wp-json\/wp\/v2\/users\/5"}],"replies":[{"embeddable":true,"href":"https:\/\/nuevaprensaamerica.com\/index.php\/wp-json\/wp\/v2\/comments?post=4829"}],"version-history":[{"count":8,"href":"https:\/\/nuevaprensaamerica.com\/index.php\/wp-json\/wp\/v2\/posts\/4829\/revisions"}],"predecessor-version":[{"id":4837,"href":"https:\/\/nuevaprensaamerica.com\/index.php\/wp-json\/wp\/v2\/posts\/4829\/revisions\/4837"}],"wp:featuredmedia":[{"embeddable":true,"href":"https:\/\/nuevaprensaamerica.com\/index.php\/wp-json\/wp\/v2\/media\/4838"}],"wp:attachment":[{"href":"https:\/\/nuevaprensaamerica.com\/index.php\/wp-json\/wp\/v2\/media?parent=4829"}],"wp:term":[{"taxonomy":"category","embeddable":true,"href":"https:\/\/nuevaprensaamerica.com\/index.php\/wp-json\/wp\/v2\/categories?post=4829"},{"taxonomy":"post_tag","embeddable":true,"href":"https:\/\/nuevaprensaamerica.com\/index.php\/wp-json\/wp\/v2\/tags?post=4829"}],"curies":[{"name":"wp","href":"https:\/\/api.w.org\/{rel}","templated":true}]}}