{"id":4846,"date":"2025-02-06T22:06:11","date_gmt":"2025-02-06T22:06:11","guid":{"rendered":"https:\/\/nuevaprensaamerica.com\/?p=4846"},"modified":"2025-02-06T22:25:28","modified_gmt":"2025-02-06T22:25:28","slug":"la-historia-de-la-lealtad-extrema-de-gustavo-petro-con-armando-benedetti-asi-se-la-jugo-por-el-pese-a-la-tormenta-en-su-gobierno","status":"publish","type":"post","link":"https:\/\/nuevaprensaamerica.com\/index.php\/2025\/02\/06\/la-historia-de-la-lealtad-extrema-de-gustavo-petro-con-armando-benedetti-asi-se-la-jugo-por-el-pese-a-la-tormenta-en-su-gobierno\/","title":{"rendered":"La historia de la lealtad extrema de Gustavo Petro con Armando Benedetti: as\u00ed se la jug\u00f3 por \u00e9l, pese a la tormenta en su Gobierno"},"content":{"rendered":"<div class=\"mx-auto max-w-6xl px-2.5 lg:pt-8\">\n<div class=\"mx-auto max-w-[968px]\">\n<p class=\"mb-4 text-lg\"><em>(Fuente: <a href=\"https:\/\/www.semana.com\/politica\/articulo\/la-historia-de-la-lealtad-extrema-de-gustavo-petro-con-armando-benedetti-asi-se-la-jugo-por-el-pese-a-la-tormenta-en-su-gobierno\/202523\/\">Semana<\/a>. Publicado el 6 de febrero de 2025)<\/em> El exembajador y hoy jefe de despacho de Gustavo Petro volvi\u00f3 a cumplir el papel que desempe\u00f1\u00f3 en la campa\u00f1a presidencial. Est\u00e1 cerca del jefe de Estado y promete mover los hilos del poder. Hay preocupaci\u00f3n entre los ministros.<\/p>\n<\/div>\n<\/div>\n<p>&nbsp;<\/p>\n<div class=\"mx-auto lg:flex lg:gap-10\">\n<div class=\"min-w-0 max-w-none flex-auto\">\n<div class=\"paywall mx-auto mb-4 tbl-forkorts-article\">\n<div class=\"max-w-screen-md prose prose-lg mx-auto mb-5\">\n<div class=\"max-w-screen-md prose prose-lg mx-auto mb-5\">\n<p data-type=\"text\">Si algo qued\u00f3 claro en el cuestionado consejo de ministros del pasado martes en la noche, en la Casa de Nari\u00f1o, es que el presidente Gustavo Petro defiende a capa y espada a Armando Benedetti. Y sin importar ning\u00fan costo pol\u00edtico.<\/p>\n<\/div>\n<div class=\"max-w-screen-md prose prose-lg mx-auto mb-5\">\n<p data-type=\"text\">El presidente puso a Benedetti, nuevo jefe de despacho de la Presidencia, por encima de sus m\u00e1s fieles escuderos de la izquierda. El curtido pol\u00edtico barranquillero, sin pronunciar palabra, aguant\u00f3 pullas y denuncias de varios de sus compa\u00f1eros, y al final gan\u00f3 la partida y se llev\u00f3 el respaldo del mandatario, con quien ha construido una amistad desde el 2022.<\/p>\n<\/div>\n<div class=\"max-w-screen-md prose prose-lg mx-auto mb-5\">\n<p data-type=\"text\"><a href=\"https:\/\/www.semana.com\/politica\/articulo\/francia-marquez-se-despacha-contra-gustavo-petro-lo-cuestiona-por-la-corrupcion-del-gobierno-y-por-los-roles-de-laura-sarabia-y-armando-benedetti\/202541\/\" target=\"_blank\" rel=\"noopener\">A Petro no le importaron los se\u00f1alamientos de su vicepresidenta, Francia M\u00e1rquez, contra la llegada de Benedetti a la Casa de Nari\u00f1o.<\/a> Tampoco las l\u00e1grimas de su ministra de Ambiente, Susana Muhamad, quien anunci\u00f3 que, si el exembajador segu\u00eda como jefe de despacho, ella renunciar\u00e1. Menos a\u00fan, la explosiva denuncia del director de la Unidad Nacional de Protecci\u00f3n (UNP), Augusto Rodr\u00edguez, quien lo relacion\u00f3 con supuestos nexos con alias Pap\u00e1 Pitufo, un zar de contrabando.<\/p>\n<\/div>\n<div class=\"max-w-screen-md prose prose-lg mx-auto mb-5\">\n<p data-type=\"text\">Tampoco importaron los se\u00f1alamientos de Gustavo Bol\u00edvar contra Benedetti, ni las palabras de Alexander L\u00f3pez, director de Planeaci\u00f3n Nacional y exdirector del Polo Democr\u00e1tico, quien insisti\u00f3 en que Benedetti no representa a la izquierda y al progresismo.<\/p>\n<\/div>\n<div class=\"max-w-screen-md prose prose-lg mx-auto mb-5\">\n<p data-type=\"text\">Petro tiene un grado de lealtad extrema con Benedetti que naci\u00f3 al calor de la campa\u00f1a pol\u00edtica en el 2022. Desde entonces, no han perdido comunicaci\u00f3n un solo instante. Cuando Benedetti estuvo como embajador en Venezuela, y luego en Italia, en la FAO, siempre estuvo conectado v\u00eda chat con Petro.<\/p>\n<\/div>\n<div class=\"max-w-screen-md prose prose-lg mx-auto mb-5\">\n<p data-type=\"text\">Petro encuentra en Benedetti a ese coste\u00f1o que \u00e9l no es: un pol\u00edtico purasangre, divertido, desparpajado, alegre, que le saca una sonrisa en medio de las fuertes tensiones y quien siempre tiene un as bajo la manga ante cualquier problema.<\/p>\n<\/div>\n<div class=\"max-w-screen-md prose prose-lg mx-auto mb-5\">\n<p data-type=\"text\">En campa\u00f1a, Benedetti mostr\u00f3 sagacidad pol\u00edtica, organiz\u00f3 los recorridos y acerc\u00f3 a Petro a otros sectores que, en el pasado, le hab\u00edan sido esquivos.<\/p>\n<\/div>\n<div class=\"max-w-screen-md prose prose-lg mx-auto mb-5\">\n<p data-type=\"text\">Petro ha reconocido que gan\u00f3 las elecciones del 2022, en parte, gracias a Benedetti, y no exclusivamente a la izquierda. En el consejo de ministros, el presidente se la jug\u00f3 de tal forma por Benedetti que\u00a0<a href=\"https:\/\/www.semana.com\/politica\/articulo\/petro-compara-a-armando-benedetti-con-jaime-bateman-y-despierta-indignacion-en-sus-funcionarios-del-m-19\/202536\/\" target=\"_blank\" rel=\"noopener\">lo compar\u00f3 con Jaime Bateman, el fundador del M-19.<\/a> Ni Benedetti ten\u00eda entre sus cuentas que el mandatario cerrara filas en torno a su nombre de esa manera.<\/p>\n<\/div>\n<div class=\"max-w-screen-md prose prose-lg mx-auto mb-5\">\n<p data-type=\"text\">Benedetti renunci\u00f3 en 2020 al Partido de la U para lanzarse a los brazos de Petro. Sin embargo, a diferencia de Roy Barreras, quien compiti\u00f3 en una consulta interna del Pacto Hist\u00f3rico a la Presidencia y despu\u00e9s integr\u00f3 la lista al Senado en un puesto privilegiado, se separ\u00f3 de todos sus intereses pol\u00edticos y se dedic\u00f3 exclusivamente a acompa\u00f1ar al entonces candidato de izquierda, a escucharlo y a asesorarlo.<\/p>\n<\/div>\n<div class=\"max-w-screen-md prose prose-lg mx-auto mb-5\">\n<p data-type=\"text\">Benedetti pudo ser nuevamente senador con pocos recursos econ\u00f3micos, pero prefiri\u00f3 quedarse organizando la agenda diaria de Petro y viajar con \u00e9l en avi\u00f3n durante largos recorridos; como se observa en una fotograf\u00eda que est\u00e1 en la mira de las autoridades porque esa aeronave, al parecer,\u00a0<a href=\"https:\/\/www.semana.com\/nacion\/articulo\/pacto-para-avion-de-la-campana-petro-testigos-del-caso-daily-cop-hablan-en-los-informantes-de-que-se-trataba\/202416\/\" target=\"_blank\" rel=\"noopener\">era financiada por la empresa Daily Cop, una criptomoneda que estaf\u00f3 a decenas de colombianos.<\/a><\/p>\n<\/div>\n<div class=\"max-w-screen-md prose prose-lg mx-auto mb-5\">\n<p data-type=\"text\">La confianza entre Benedetti y Petro no es de poca monta. Por eso, hay fotograf\u00edas de ambos abrazados, del exembajador d\u00e1ndole un beso en la cabeza, incluso, del barranquillero desafi\u00e1ndolo en una especie de pelea de boxeo. Esas im\u00e1genes ser\u00edan comunes y corrientes con un pol\u00edtico cualquiera. No con el hoy presidente, un hombre t\u00edmido, de cortas palabras, poco expresivo y de dif\u00edcil acceso.<\/p>\n<\/div>\n<div class=\"max-w-screen-md prose prose-lg mx-auto mb-5\">\n<p data-type=\"text\">Petro sabe qui\u00e9n es Benedetti. Conoce sus debilidades, sus problemas, sus esc\u00e1ndalos \u2014ya no lo sorprenden, seg\u00fan le dijo otra fuente a SEMANA\u2014 y sus l\u00edos judiciales. Y a\u00fan as\u00ed, lo mantiene a su lado y le ha puesto labores tit\u00e1nicas.<\/p>\n<\/div>\n<div class=\"max-w-screen-md prose prose-lg mx-auto mb-5\">\n<p data-type=\"text\">Benedetti, por ejemplo, fue quien propuso que Gustavo Petro, reci\u00e9n elegido presidente, ten\u00eda que tomarse un caf\u00e9 con \u00c1lvaro Uribe, su principal opositor durante a\u00f1os. El jefe de Estado acept\u00f3 a rega\u00f1adientes la propuesta y, sin duda, fue un \u00e9xito pol\u00edtico para el mandatario de izquierda. Ambos aceptaron y la fotograf\u00eda produjo titulares.<\/p>\n<\/div>\n<div class=\"max-w-screen-md prose prose-lg mx-auto mb-5\">\n<p data-type=\"text\">Despu\u00e9s, Petro, bajo absoluto silencio, le encomend\u00f3 una misi\u00f3n: tender puentes con Venezuela y restablecer las relaciones diplom\u00e1ticas con Nicol\u00e1s Maduro. Benedetti lo consigui\u00f3.<a href=\"https:\/\/www.semana.com\/politica\/articulo\/atencion-empezo-el-encuentro-entre-nicolas-maduro-y-armando-benedetti\/202237\/\" target=\"_blank\" rel=\"noopener\">\u00a0En varias oportunidades, visit\u00f3 el Palacio de Miraflores y estrech\u00f3 su mano con el l\u00edder del r\u00e9gimen. Esa cercan\u00eda no la ha conseguido Milton Rengifo, el actual embajador en Caracas.<\/a><\/p>\n<\/div>\n<div class=\"max-w-screen-md prose prose-lg mx-auto mb-5\">\n<p data-type=\"text\">Benedetti termin\u00f3 enfrentado con Laura Sarabia, su entonces asesora, por ego y poder. Y ese choque da\u00f1\u00f3 la relaci\u00f3n de los dos y puso al descubierto \u2014seg\u00fan los audios divulgados por\u00a0<i>SEMANA\u2014<\/i>\u00a0que la relaci\u00f3n entre \u00e9l y el presidente iba m\u00e1s all\u00e1. Benedetti hablaba en esos mensajes a Laura Sarabia de la gesti\u00f3n de 15.000 millones de pesos para la campa\u00f1a presidencial; dineros que no fueron reportados al Consejo Nacional Electoral.<\/p>\n<\/div>\n<div class=\"max-w-screen-md prose prose-lg mx-auto mb-5\">\n<p data-type=\"text\">Benedetti, en medio del terremoto pol\u00edtico que se desat\u00f3, qued\u00f3 sin trabajo, mientras Sarabia amas\u00f3 m\u00e1s poder en los pasillos del palacio presidencial.<\/p>\n<\/div>\n<div class=\"max-w-screen-md prose prose-lg mx-auto mb-5\">\n<p data-type=\"text\">Petro dej\u00f3 pasar el tiempo y lo hizo resurgir de las cenizas. Desempolv\u00f3 la embajada de Colombia ante la FAO, que estaba cerrada, y lo nombr\u00f3 diplom\u00e1tico.<\/p>\n<\/div>\n<div class=\"max-w-screen-md prose prose-lg mx-auto mb-5\">\n<p data-type=\"text\">Al comienzo, Benedetti disfrut\u00f3 la cultura italiana, pero despu\u00e9s, se cans\u00f3 y quiso regresar a Colombia.<\/p>\n<\/div>\n<div class=\"max-w-screen-md prose prose-lg mx-auto mb-5\">\n<p data-type=\"text\">Petro, con quien segu\u00eda sosteniendo comunicaci\u00f3n, lo nombr\u00f3 asesor del despacho. La designaci\u00f3n se finiquit\u00f3 en un viaje que Benedetti hizo a Barranquilla en el segundo semestre de 2024.<\/p>\n<\/div>\n<div class=\"max-w-screen-md prose prose-lg mx-auto mb-5\">\n<p data-type=\"text\">Su aterrizaje como asesor caus\u00f3 revuelo. La vicepresidenta Francia M\u00e1rquez, adem\u00e1s de la ministra de Trabajo, Gloria In\u00e9s Ram\u00edrez; la ministra de Ambiente, Susana Muhamad; el director del DPS, Gustavo Bol\u00edvar, y el director de Planeaci\u00f3n, Alexander L\u00f3pez, le hicieron una especie de encerrona al presidente y le manifestaron su inconformidad con el nuevo nombramiento.<\/p>\n<\/div>\n<div class=\"max-w-screen-md prose prose-lg mx-auto mb-5\">\n<p data-type=\"text\">Petro, como es su costumbre, escuch\u00f3, prest\u00f3 atenci\u00f3n y les dijo que Benedetti har\u00eda un trabajo discreto donde los ministros no ten\u00edan nada que ver.<\/p>\n<\/div>\n<div class=\"max-w-screen-md prose prose-lg mx-auto mb-5\">\n<p data-type=\"text\">El tema, aparentemente, se calm\u00f3, pero la llama volvi\u00f3 a encenderse esta semana. El presidente lo convirti\u00f3 en jefe de despacho y lo ubic\u00f3 a su lado en el consejo de ministros que dur\u00f3 seis horas y fue divulgado en televisi\u00f3n nacional.<\/p>\n<\/div>\n<div class=\"-mx-5 mb-5 lg:mx-0\" data-type=\"image\">\n<div class=\"px-5 lg:px-0\">Susana Muhamad, a su turno, con la voz entrecortada, al borde del llanto, lament\u00f3 que tras 20 a\u00f1os \u201cde militancia pol\u00edtica\u201d siguiendo a Petro \u00e9l decidiera poner en el gobierno a Armando Benedetti. Foto: SEMANA\u00a0| Foto:\u00a0Semana<\/div>\n<\/div>\n<div class=\"max-w-screen-md prose prose-lg mx-auto mb-5\">\n<p data-type=\"text\">Hay quienes creen que Benedetti conoce los secretos m\u00e1s ocultos del presidente. Unos especulan sobre rumbas, conversaciones y hasta gestiones de recursos del diplom\u00e1tico para la campa\u00f1a pol\u00edtica del 2022. M\u00e1s all\u00e1 de eso, el exembajador, el exasesor y ahora jefe de despacho ha guardado silencio frente a su papel durante las elecciones.<\/p>\n<\/div>\n<div class=\"max-w-screen-md prose prose-lg mx-auto mb-5\">\n<p data-type=\"text\">Hoy, Benedetti termin\u00f3 por desplazar a Laura Sarabia del anillo m\u00e1s cercano al presidente. Y, aunque ella es canciller, no trabaja m\u00e1s al lado del jefe de Estado porque debe viajar continuamente fuera del pa\u00eds.<\/p>\n<\/div>\n<div class=\"max-w-screen-md prose prose-lg mx-auto mb-5\">\n<p data-type=\"text\">Como est\u00e1n las cosas, el pol\u00edtico coste\u00f1o termin\u00f3 convertidose en el asesor m\u00e1s poderoso de la Casa de Nari\u00f1o, en medio de la rabia de la izquierda petrista. El presidente no tiene ning\u00fan dilema: por encima de cualquier cosa, su lealtad es con Benedetti.<\/p>\n<\/div>\n<\/div>\n<\/div>\n<\/div>\n<\/div>\n<p>&nbsp;<\/p>\n","protected":false},"excerpt":{"rendered":"<p>(Fuente: Semana. Publicado el 6 de febrero de 2025) El exembajador y hoy jefe de despacho de Gustavo Petro volvi\u00f3 a cumplir el papel que [&hellip;]<\/p>\n","protected":false},"author":5,"featured_media":4855,"comment_status":"open","ping_status":"open","sticky":false,"template":"","format":"standard","meta":{"h5ap_radio_sources":[],"_FSMCFIC_featured_image_caption":"","_FSMCFIC_featured_image_nocaption":"","_FSMCFIC_featured_image_hide":"","_jetpack_memberships_contains_paid_content":false,"footnotes":""},"categories":[12],"tags":[],"class_list":["post-4846","post","type-post","status-publish","format-standard","has-post-thumbnail","hentry","category-colombia"],"aioseo_notices":[],"jetpack_featured_media_url":"https:\/\/nuevaprensaamerica.com\/wp-content\/uploads\/2025\/02\/image_2025-02-06_180523961.png","jetpack_sharing_enabled":true,"_links":{"self":[{"href":"https:\/\/nuevaprensaamerica.com\/index.php\/wp-json\/wp\/v2\/posts\/4846","targetHints":{"allow":["GET"]}}],"collection":[{"href":"https:\/\/nuevaprensaamerica.com\/index.php\/wp-json\/wp\/v2\/posts"}],"about":[{"href":"https:\/\/nuevaprensaamerica.com\/index.php\/wp-json\/wp\/v2\/types\/post"}],"author":[{"embeddable":true,"href":"https:\/\/nuevaprensaamerica.com\/index.php\/wp-json\/wp\/v2\/users\/5"}],"replies":[{"embeddable":true,"href":"https:\/\/nuevaprensaamerica.com\/index.php\/wp-json\/wp\/v2\/comments?post=4846"}],"version-history":[{"count":10,"href":"https:\/\/nuevaprensaamerica.com\/index.php\/wp-json\/wp\/v2\/posts\/4846\/revisions"}],"predecessor-version":[{"id":4857,"href":"https:\/\/nuevaprensaamerica.com\/index.php\/wp-json\/wp\/v2\/posts\/4846\/revisions\/4857"}],"wp:featuredmedia":[{"embeddable":true,"href":"https:\/\/nuevaprensaamerica.com\/index.php\/wp-json\/wp\/v2\/media\/4855"}],"wp:attachment":[{"href":"https:\/\/nuevaprensaamerica.com\/index.php\/wp-json\/wp\/v2\/media?parent=4846"}],"wp:term":[{"taxonomy":"category","embeddable":true,"href":"https:\/\/nuevaprensaamerica.com\/index.php\/wp-json\/wp\/v2\/categories?post=4846"},{"taxonomy":"post_tag","embeddable":true,"href":"https:\/\/nuevaprensaamerica.com\/index.php\/wp-json\/wp\/v2\/tags?post=4846"}],"curies":[{"name":"wp","href":"https:\/\/api.w.org\/{rel}","templated":true}]}}