{"id":4866,"date":"2025-02-07T11:40:13","date_gmt":"2025-02-07T11:40:13","guid":{"rendered":"https:\/\/nuevaprensaamerica.com\/?p=4866"},"modified":"2025-02-07T11:40:13","modified_gmt":"2025-02-07T11:40:13","slug":"abogado-mauricio-cort-garcia-confiesa-haber-pagado-cientos-de-millones-de-euros-en-coimas-a-ricardo-martinelli-para-adjudicacion-de-contratos-de-ciudad-de-la-salud-y-metro-de-panama","status":"publish","type":"post","link":"https:\/\/nuevaprensaamerica.com\/index.php\/2025\/02\/07\/abogado-mauricio-cort-garcia-confiesa-haber-pagado-cientos-de-millones-de-euros-en-coimas-a-ricardo-martinelli-para-adjudicacion-de-contratos-de-ciudad-de-la-salud-y-metro-de-panama\/","title":{"rendered":"ABOGADO MAURICIO CORT GARC\u00cdA CONFIESA HABER PAGADO CIENTOS DE MILLONES DE EUROS EN COIMAS A RICARDO MARTINELLI PARA ADJUDICACION DE CONTRATOS DE CIUDAD DE LA SALUD Y METRO DE PANAMA \u200e"},"content":{"rendered":"<h2 class=\"landscapePhotoRight__subTitle\">La Audiencia Nacional recibe el testimonio de un letrado que intervino en la compra de un piso en el barrio de Los Jer\u00f3nimos de Madrid para el expresidente de Panam\u00e1 con dinero de comisiones de la constructora espa\u00f1ola<\/h2>\n<p>El abogado <strong>Mauricio Cort Garc\u00eda<\/strong>, pieza clave en los presuntos sobornos que pag\u00f3 la constructora espa\u00f1ola <strong>FCC<\/strong> al expresidente paname\u00f1o <strong>Ricardo Martinelli<\/strong> (2009-2014) para conseguir adjudicaciones p\u00fablicas en el pa\u00eds centroamericano, ha reconocido los hechos. La Fiscal\u00eda Superior de Asuntos Internacionales de Panam\u00e1 ha enviado al Juzgado Central de Instrucci\u00f3n n\u00famero 2 de la Audiencia Nacional la confesi\u00f3n de este letrado.<\/p>\n<figure id=\"attachment_4875\" aria-describedby=\"caption-attachment-4875\" style=\"width: 300px\" class=\"wp-caption aligncenter\"><img loading=\"lazy\" decoding=\"async\" class=\"size-medium wp-image-4875\" src=\"https:\/\/nuevaprensaamerica.com\/wp-content\/uploads\/2025\/02\/PHOTO-2025-02-07-06-17-56-300x225.jpg\" alt=\"\" width=\"300\" height=\"225\" srcset=\"https:\/\/nuevaprensaamerica.com\/wp-content\/uploads\/2025\/02\/PHOTO-2025-02-07-06-17-56-300x225.jpg 300w, https:\/\/nuevaprensaamerica.com\/wp-content\/uploads\/2025\/02\/PHOTO-2025-02-07-06-17-56-1024x768.jpg 1024w, https:\/\/nuevaprensaamerica.com\/wp-content\/uploads\/2025\/02\/PHOTO-2025-02-07-06-17-56-768x576.jpg 768w, https:\/\/nuevaprensaamerica.com\/wp-content\/uploads\/2025\/02\/PHOTO-2025-02-07-06-17-56.jpg 1200w\" sizes=\"auto, (max-width: 300px) 100vw, 300px\" \/><figcaption id=\"caption-attachment-4875\" class=\"wp-caption-text\">ex presidente Ricardo Martinelli \/ piso de lujo en Madrid<\/figcaption><\/figure>\n<p>Seg\u00fan documentos incorporados al sumario que instruye el juez <strong>Ismael Moreno<\/strong>, a los que ha tenido acceso <strong>El Confidencial<\/strong>, Cort ha revelado que <strong>FCC<\/strong> y la constructora brasile\u00f1a <strong>Odebrecht<\/strong> le utilizaron para triangular la entrega de comisiones ilegales a <strong>Martinelli<\/strong> y al exministro de Obras P\u00fablicas <strong>Federico Jos\u00e9 Su\u00e1rez<\/strong> (2009-2012).<\/p>\n<p>&#8220;[Parte de] los fondos pagados por <strong>FCC<\/strong> se destin\u00f3 a adquirir un inmueble cuyos beneficiarios finales son los hermanos <strong>Martinelli Linares<\/strong>, hijos del expresidente paname\u00f1o&#8221;, precisa Cort en su declaraci\u00f3n. El inmueble ya hab\u00eda sido identificado por la <strong>Unidad Central Operativa (UCO)<\/strong> de la Guardia Civil, pero el testimonio de este letrado oscurece a\u00fan m\u00e1s el futuro de la compa\u00f1\u00eda espa\u00f1ola. Se trata de una vivienda de 393 metros cuadrados ubicada en el tercer piso del n\u00famero 7 de la calle <strong>Ruiz de Alarc\u00f3n<\/strong> de Madrid, en pleno barrio de <strong>Los Jer\u00f3nimos<\/strong>, uno de los m\u00e1s exclusivos de la capital. La casa fue adquirida por 3,2 millones de euros en enero de 2014. Para formalizar la compra, <strong>Martinelli<\/strong> y sus hijos usaron una sociedad instrumental, <strong>Desarrollo Inmobiliario Ib\u00e9rico SA<\/strong>. El dinero sali\u00f3 presuntamente de las comisiones ilegales abonadas por <strong>FCC<\/strong> y <strong>Odebrecht<\/strong> por los contratos que les adjudic\u00f3 el Gobierno paname\u00f1o durante el mandato de <strong>Martinelli<\/strong>. Para diluir el rastro de los fondos, el dirigente y su familia simularon la constituci\u00f3n de un dep\u00f3sito a plazo fijo. El abogado hispano-paname\u00f1o intervino en la operativa.<\/p>\n<figure id=\"attachment_4869\" aria-describedby=\"caption-attachment-4869\" style=\"width: 300px\" class=\"wp-caption aligncenter\"><img loading=\"lazy\" decoding=\"async\" class=\"size-medium wp-image-4869\" src=\"https:\/\/nuevaprensaamerica.com\/wp-content\/uploads\/2025\/02\/PHOTO-2025-02-07-06-17-56-1-300x192.jpg\" alt=\"\" width=\"300\" height=\"192\" srcset=\"https:\/\/nuevaprensaamerica.com\/wp-content\/uploads\/2025\/02\/PHOTO-2025-02-07-06-17-56-1-300x192.jpg 300w, https:\/\/nuevaprensaamerica.com\/wp-content\/uploads\/2025\/02\/PHOTO-2025-02-07-06-17-56-1.jpg 750w\" sizes=\"auto, (max-width: 300px) 100vw, 300px\" \/><figcaption id=\"caption-attachment-4869\" class=\"wp-caption-text\">Ricardo Martinelli e hijos<\/figcaption><\/figure>\n<p>Las diligencias vinculan los sobornos con la adjudicaci\u00f3n de las <strong>L\u00edneas 1 y 2 del Metro de Ciudad de Panam\u00e1<\/strong>. La primera l\u00ednea fue adjudicada en 2010 a <strong>FCC<\/strong> y <strong>Odebrecht<\/strong> por 1.047 millones de euros. La segunda se concedi\u00f3 al mismo consorcio en 2015 por otros 1.300 millones de euros. Adem\u00e1s, <strong>FCC<\/strong> tambi\u00e9n se habr\u00eda llevado encargos para edificar la <strong>Ciudad de la Salud<\/strong> en la capital del pa\u00eds. <strong>FCC<\/strong> y <strong>Odebrecht<\/strong> se repartieron las mordidas de forma proporcional, en funci\u00f3n de su participaci\u00f3n en las diferentes obras. Despu\u00e9s, el dinero era enviado a <strong>Martinelli<\/strong> y su entorno a trav\u00e9s de los canales de los que dispon\u00eda en la regi\u00f3n la constructora brasile\u00f1a. La <strong>UCO<\/strong> concluy\u00f3 en un informe entregado al juez <strong>Moreno<\/strong> en 2023 que <strong>FCC<\/strong> abon\u00f3 sobornos por importe de 178,2 millones de d\u00f3lares entre 2010 y 2014, unos 126 millones de euros al cambio de la \u00e9poca. El dinero del piso de <strong>Los Jer\u00f3nimos<\/strong> sali\u00f3 de ese montante.<\/p>\n<p>&#8220;Cort declara que en la cuenta <strong>AD38 0006 0008 2112 0042 3658<\/strong>, registrada en la <strong>Banca Privada de Andorra<\/strong>, a nombre de<\/p>\n<figure id=\"attachment_4880\" aria-describedby=\"caption-attachment-4880\" style=\"width: 282px\" class=\"wp-caption alignright\"><img loading=\"lazy\" decoding=\"async\" class=\"size-full wp-image-4880\" src=\"https:\/\/nuevaprensaamerica.com\/wp-content\/uploads\/2025\/02\/PHOTO-2025-02-07-06-19-07.jpg\" alt=\"\" width=\"282\" height=\"179\" \/><figcaption id=\"caption-attachment-4880\" class=\"wp-caption-text\">Ex ministro MOP Federico Jos\u00e9 Su\u00e1rez<\/figcaption><\/figure>\n<p><strong>Cort Business Brokers &amp; Consultors<\/strong>, representada por \u00e9l, recibi\u00f3 transferencias procedentes de <strong>Aeon Group<\/strong> y <strong>Klienfeld<\/strong> (sociedades controladas por <strong>Odebrecht<\/strong>) la suma de 7.498.244 balboas (unos 6,5 millones de euros al cambio)&#8221;, recoge la confesi\u00f3n. &#8220;Era dinero para <strong>Federico Jos\u00e9 Su\u00e1rez<\/strong> y <strong>Ricardo Martinelli<\/strong>, personas pol\u00edticamente expuestas&#8221;. Adem\u00e1s de la propia <strong>FCC<\/strong> como persona jur\u00eddica, la Audiencia investiga a varios directivos de la constructora por su intervenci\u00f3n en los presuntos ama\u00f1os. <strong>FCC<\/strong> ha declinado comentar esta informaci\u00f3n a preguntas de este diario.<\/p>\n<div class=\"mceTemp\"><\/div>\n","protected":false},"excerpt":{"rendered":"<p>La Audiencia Nacional recibe el testimonio de un letrado que intervino en la compra de un piso en el barrio de Los Jer\u00f3nimos de Madrid [&hellip;]<\/p>\n","protected":false},"author":5,"featured_media":4870,"comment_status":"open","ping_status":"open","sticky":false,"template":"","format":"standard","meta":{"h5ap_radio_sources":[],"_FSMCFIC_featured_image_caption":"Abogado Mauricio Cort Garc\u00eda","_FSMCFIC_featured_image_nocaption":"","_FSMCFIC_featured_image_hide":"","_jetpack_memberships_contains_paid_content":false,"footnotes":""},"categories":[5,4],"tags":[],"class_list":["post-4866","post","type-post","status-publish","format-standard","has-post-thumbnail","hentry","category-internacionales","category-panama"],"aioseo_notices":[],"jetpack_featured_media_url":"https:\/\/nuevaprensaamerica.com\/wp-content\/uploads\/2025\/02\/PHOTO-2025-02-07-06-17-56-2.jpg","jetpack_sharing_enabled":true,"_links":{"self":[{"href":"https:\/\/nuevaprensaamerica.com\/index.php\/wp-json\/wp\/v2\/posts\/4866","targetHints":{"allow":["GET"]}}],"collection":[{"href":"https:\/\/nuevaprensaamerica.com\/index.php\/wp-json\/wp\/v2\/posts"}],"about":[{"href":"https:\/\/nuevaprensaamerica.com\/index.php\/wp-json\/wp\/v2\/types\/post"}],"author":[{"embeddable":true,"href":"https:\/\/nuevaprensaamerica.com\/index.php\/wp-json\/wp\/v2\/users\/5"}],"replies":[{"embeddable":true,"href":"https:\/\/nuevaprensaamerica.com\/index.php\/wp-json\/wp\/v2\/comments?post=4866"}],"version-history":[{"count":13,"href":"https:\/\/nuevaprensaamerica.com\/index.php\/wp-json\/wp\/v2\/posts\/4866\/revisions"}],"predecessor-version":[{"id":4883,"href":"https:\/\/nuevaprensaamerica.com\/index.php\/wp-json\/wp\/v2\/posts\/4866\/revisions\/4883"}],"wp:featuredmedia":[{"embeddable":true,"href":"https:\/\/nuevaprensaamerica.com\/index.php\/wp-json\/wp\/v2\/media\/4870"}],"wp:attachment":[{"href":"https:\/\/nuevaprensaamerica.com\/index.php\/wp-json\/wp\/v2\/media?parent=4866"}],"wp:term":[{"taxonomy":"category","embeddable":true,"href":"https:\/\/nuevaprensaamerica.com\/index.php\/wp-json\/wp\/v2\/categories?post=4866"},{"taxonomy":"post_tag","embeddable":true,"href":"https:\/\/nuevaprensaamerica.com\/index.php\/wp-json\/wp\/v2\/tags?post=4866"}],"curies":[{"name":"wp","href":"https:\/\/api.w.org\/{rel}","templated":true}]}}