{"id":5168,"date":"2025-02-23T15:25:35","date_gmt":"2025-02-23T15:25:35","guid":{"rendered":"https:\/\/nuevaprensaamerica.com\/?p=5168"},"modified":"2025-02-23T15:25:35","modified_gmt":"2025-02-23T15:25:35","slug":"que-hace-un-alcalde-como-este-en-un-negocio-asi","status":"publish","type":"post","link":"https:\/\/nuevaprensaamerica.com\/index.php\/2025\/02\/23\/que-hace-un-alcalde-como-este-en-un-negocio-asi\/","title":{"rendered":"\u00bfQu\u00e9 hace un alcalde como este en un negocio as\u00ed?"},"content":{"rendered":"<section id=\"section-21-212\" class=\" ct-section\">\n<div class=\"ct-section-inner-wrap\">\n<p id=\"text_block-60-212\" class=\"ct-text-block excerpt\"><span id=\"span-61-15974\" class=\"ct-span\"><em>(Fuente: <a href=\"https:\/\/armando.info\/que-hace-un-alcalde-como-este-en-un-negocio-asi\/?tztc=1\">Armando Info<\/a>. Publicado el 23 de febrero de 2025)<\/em> Controla con mano de hierro el municipio insular Almirante Padilla, una regi\u00f3n remota pero estrat\u00e9gica sobre la barra del Lago de Maracaibo. Fue constituyente del chavismo. Con todo eso, la carrera pol\u00edtica de Alberto Sobalvarro, apadrinada entre otros por un exgobernador de Zulia, luce apenas como una distracci\u00f3n frente a su vida de empresario, al mando de un conglomerado que se extiende por el Caribe e importa marcas de cigarrillos que incluyen algunas de la dudosa tabacalera paraguaya del expresidente Horacio Cartes.<\/span><\/p>\n<\/div>\n<\/section>\n<section id=\"section-954-15974\" class=\" ct-section\">\n<div class=\"ct-section-inner-wrap\">\n<div id=\"new_columns-955-15974\" class=\"ct-new-columns\">\n<div id=\"div_block-956-15974\" class=\"ct-div-block\">\n<div id=\"shortcode-957-15974\" class=\"ct-shortcode article-meta font-responsive-small\">\n<div class=\"pp-multiple-authors-wrapper multiple-authors-target-shortcode pp-multiple-authors-layout-simple_list\"><\/div>\n<\/div>\n<div id=\"div_block-3198-15974\" class=\"ct-div-block\">El alcalde Alberto Sobalvarro Dur\u00e1n viene acumulando poder. Y no solo poder pol\u00edtico.<\/div>\n<\/div>\n<div id=\"div_block-969-15974\" class=\"ct-div-block\">\n<div id=\"inner_content-971-15974\" class=\"ct-inner-content\">\n<p>Economista de profesi\u00f3n y ficha del oficialista Partido Socialista Unido de Venezuela (PSUV), Sobalvarro se desempe\u00f1a desde noviembre de 2021 como alcalde del municipio Almirante Padilla del estado Zulia, en el noroeste de Venezuela, cerca de la frontera con Colombia.<\/p>\n<p>El cant\u00f3n comprende la isla de Toas y sus alrededores. Si bien ese territorio de la llamada Barra del Lago de Maracaibo, que separa las aguas marinas del Golfo de Venezuela de las dulces del lago, cuenta tanto con una ubicaci\u00f3n estrat\u00e9gica como con una belleza excepcional, es min\u00fasculo, casi despoblado y paup\u00e9rrimo. Es tan apartado que su propio alcalde, Sobalvarro, no vive all\u00ed, sino que despacha desde Maracaibo, la capital de Zulia, a una hora y media de distancia, que cubre por carretera y transbordo en lancha. La circulaci\u00f3n de\u00a0<a href=\"https:\/\/armando.info\/hijo-de-capo-caza-tiburon\/\">mercanc\u00edas ilegales<\/a>\u00a0de todo tipo tambi\u00e9n tiene lugar en Almirante Padilla. Y nada dir\u00eda que de all\u00ed pueda surgir un emprendimiento exitoso.<\/p>\n<p>Pero es lo que est\u00e1 consiguiendo el alcalde chavista local.<\/p>\n<div class=\"kb-gallery-wrap-id-91979_40344c-cf alignnone wp-block-kadence-advancedgallery\">\n<div class=\"kb-gallery-ul kb-gallery-non-static kb-gallery-type-slider kb-gallery-id-91979_40344c-cf kb-gallery-caption-style-below kb-gallery-filter-none kb-gallery-magnific-init kb-light-gallery-0\" data-image-filter=\"none\" data-lightbox-caption=\"true\">\n<div class=\"kt-blocks-carousel kt-carousel-container-dotstyle-dark\">\n<div id=\"splide01\" class=\"kt-blocks-carousel-init kb-blocks-slider kt-carousel-arrowstyle-none kt-carousel-dotstyle-dark kb-splide splide splide-initialized splide-slider is-overflow splide--fade splide--ltr is-active is-initialized\" role=\"region\" data-slider-anim-speed=\"400\" data-slider-scroll=\"1\" data-slider-arrows=\"false\" data-slider-fade=\"true\" data-slider-dots=\"true\" data-slider-type=\"slider\" data-slider-hover-pause=\"false\" data-slider-auto=\"\" data-slider-speed=\"7000\">\n<div id=\"splide01-track\" class=\"splide__track splide__track--fade splide__track--ltr\" aria-live=\"polite\">\n<div id=\"splide01-list\" class=\"splide__list\" role=\"presentation\">\n<div id=\"splide01-slide01\" class=\"kb-slide-item kb-gallery-slide-item splide__slide is-active is-visible\" role=\"tabpanel\" aria-label=\"1 de 1\">\n<div class=\"kadence-blocks-gallery-item\">\n<div class=\"kadence-blocks-gallery-item-inner\">\n<figure class=\"kb-gallery-figure kb-gallery-item-has-link kadence-blocks-gallery-item-has-caption\">\n<div class=\"kb-gal-image-radius\">\n<div class=\"kb-gallery-image-contain kadence-blocks-gallery-intrinsic kb-gallery-image-ratio-inherit kb-has-image-ratio-inherit\"><img loading=\"lazy\" decoding=\"async\" class=\"wp-image-92032 skip-lazy sp-no-webp\" src=\"https:\/\/armando.info\/wp-content\/uploads\/2025\/02\/mapa-reportaje-23022024-700x442.jpg\" alt=\"\" width=\"700\" height=\"442\" data-full-image=\"https:\/\/armando.info\/wp-content\/uploads\/2025\/02\/mapa-reportaje-23022024.jpg\" data-light-image=\"https:\/\/armando.info\/wp-content\/uploads\/2025\/02\/mapa-reportaje-23022024.jpg\" data-id=\"92032\" \/><\/div>\n<\/div>\n<div class=\"kadence-blocks-gallery-item__caption\">Cr\u00e9dito: Google Maps \/ Composici\u00f3n: Armando.info<\/div>\n<\/figure>\n<\/div>\n<\/div>\n<\/div>\n<\/div>\n<\/div>\n<\/div>\n<\/div>\n<\/div>\n<\/div>\n<p>Una reciente\u00a0<a href=\"https:\/\/www.abc.com.py\/politica\/2025\/01\/13\/empresa-de-leal-a-nicolas-maduro-aparece-detras-de-marcas-de-tabesa-2\/\" target=\"_blank\" rel=\"noopener\">publicaci\u00f3n<\/a>\u00a0del diario\u00a0<em>ABC Color<\/em>\u00a0de Asunci\u00f3n, en Paraguay, revel\u00f3 que Sobalvarro, desde aquel olvidado rinc\u00f3n de Venezuela, figura como propietario del\u00a0<em>holding<\/em>\u00a0Du Mont Trade, una plataforma de empresas para importar cigarrillos a Venezuela y otros destinos del Caribe. Entre las marcas que maneja, se encuentran algunas del portafolio de Tabacalera del Este S.A. (Tabesa), la empresa a menudo se\u00f1alada de abastecer el mercado latinoamericano de contrabando de cigarrillos y sobre la que pesan\u00a0<a href=\"https:\/\/www.infobae.com\/america\/america-latina\/2024\/08\/06\/estados-unidos-sanciono-a-una-empresa-paraguaya-vinculada-al-ex-presidente-horacio-cartes\/\" target=\"_blank\" rel=\"noopener\">sanciones<\/a>\u00a0de Estados Unidos. El expresidente paraguayo, Horacio Cartes, quien ha sido objeto de investigaciones, tanto\u00a0<a href=\"https:\/\/www.icij.org\/investigations\/tobacco-underground\/smuggling-made-easy\/\" target=\"_blank\" rel=\"noopener\">period\u00edstica<\/a>s como\u00a0<a href=\"https:\/\/www.cbsnews.com\/news\/paraguays-new-president-horacio-cartes-was-investigated-by-dea-for-alleged-money-laundering\/\" target=\"_blank\" rel=\"noopener\">policiales<\/a>, por presuntas actividades il\u00edcitas desde hace d\u00e9cadas y tambi\u00e9n ha sido blanco de\u00a0<a href=\"https:\/\/www.abc.com.py\/politica\/2023\/01\/26\/las-sanciones-a-cartes-y-velazquez-detalladas-por-el-departamento-del-tesoro-de-eeuu\/\" target=\"_blank\" rel=\"noopener\">sanciones<\/a>\u00a0de Washington, fue due\u00f1o de Tabesa, de cuyas acciones se deshizo formalmente.<\/p>\n<h2 id=\"socios-y-subalternos-en-el-mismo-barco\" class=\"wp-block-heading\">Socios y subalternos en el mismo barco<\/h2>\n<p>Sobalvarro cultiva una imagen pulida que lo diferencia todav\u00eda m\u00e1s de los pescadores y comerciantes de la zona, sus electores. Viste con discreta elegancia; su atuendo habitual incluye guayabera y sombrero de ala corta. En los recorridos que cada tanto hace por los parajes que gobierna suele acompa\u00f1arlo su esposa, Mar\u00eda Luisa Barrios, a quien llama la\u00a0<em>primera combatiente<\/em>\u00a0del municipio. En redes sociales y medios period\u00edsticos tambi\u00e9n\u00a0<a href=\"https:\/\/www.quepasa.com.ve\/politica\/sobalvarro-no-hay-nada-que-detenga-la-revolucion-cubana-60-anos-despues-sigue-resistiendo\/\" target=\"_blank\" rel=\"noopener\">hace uso<\/a>\u00a0de la jerga y consignas revolucionarias.<\/p>\n<p>Sin embargo, en un perfil de LinkedIn donde subraya su grado de Economista, Alberto Sobalvarro Dur\u00e1n aparece como asesor financiero de una firma que lleva su nombre. Mientras, en otra cuenta de esa red social para profesionales, se identifica como presidente de Du Mont Trade Tobacco International Corporation, una compa\u00f1\u00eda registrada en Panam\u00e1 en 2012.<\/p>\n<p>Esta Du Mont Trade es apenas una de las caras de todo un pol\u00edgono empresarial.<\/p>\n<div class=\"kb-gallery-wrap-id-91979_3711f4-b4 alignnone wp-block-kadence-advancedgallery\">\n<div class=\"kb-gallery-ul kb-gallery-non-static kb-gallery-type-slider kb-gallery-id-91979_3711f4-b4 kb-gallery-caption-style-below kb-gallery-filter-none kb-gallery-magnific-init kb-light-gallery-1\" data-image-filter=\"none\" data-lightbox-caption=\"true\">\n<div class=\"kt-blocks-carousel kt-carousel-container-dotstyle-dark\">\n<div id=\"splide02\" class=\"kt-blocks-carousel-init kb-blocks-slider kt-carousel-arrowstyle-whiteondark kt-carousel-dotstyle-dark kb-splide splide splide-initialized splide-slider is-overflow splide--fade splide--ltr splide--draggable is-active is-initialized\" role=\"region\" data-slider-anim-speed=\"400\" data-slider-scroll=\"1\" data-slider-arrows=\"true\" data-slider-fade=\"true\" data-slider-dots=\"true\" data-slider-type=\"slider\" data-slider-hover-pause=\"false\" data-slider-auto=\"\" data-slider-speed=\"7000\">\n<div class=\"splide__arrows splide__arrows--ltr\"><\/div>\n<div id=\"splide02-track\" class=\"splide__track splide__track--fade splide__track--ltr splide__track--draggable\" aria-live=\"polite\">\n<div id=\"splide02-list\" class=\"splide__list\" role=\"presentation\">\n<div id=\"splide02-slide01\" class=\"kb-slide-item kb-gallery-slide-item splide__slide is-active is-visible\" role=\"tabpanel\" aria-label=\"1 de 3\">\n<div class=\"kadence-blocks-gallery-item\">\n<div class=\"kadence-blocks-gallery-item-inner\">\n<figure class=\"kb-gallery-figure kb-gallery-item-has-link kadence-blocks-gallery-item-has-caption\">\n<div class=\"kb-gal-image-radius\">\n<div class=\"kb-gallery-image-contain kadence-blocks-gallery-intrinsic kb-gallery-image-ratio-inherit kb-has-image-ratio-inherit\"><img loading=\"lazy\" decoding=\"async\" class=\"wp-image-91980 skip-lazy sp-no-webp\" src=\"https:\/\/armando.info\/wp-content\/uploads\/2025\/02\/06-700x582.jpg\" alt=\"\" width=\"700\" height=\"582\" data-full-image=\"https:\/\/armando.info\/wp-content\/uploads\/2025\/02\/06.jpg\" data-light-image=\"https:\/\/armando.info\/wp-content\/uploads\/2025\/02\/06.jpg\" data-id=\"91980\" \/><\/div>\n<\/div>\n<div class=\"kadence-blocks-gallery-item__caption\">Alberto de Jes\u00fas Sobalvarro Dur\u00e1n es el alcalde oficialista electo en el municipio insular Almirante Padilla, en el estado Zulia. Imagen tomada de: Facebook.<\/div>\n<\/figure>\n<\/div>\n<\/div>\n<\/div>\n<div id=\"splide02-slide02\" class=\"kb-slide-item kb-gallery-slide-item splide__slide is-next\" role=\"tabpanel\" aria-label=\"2 de 3\" aria-hidden=\"true\">\n<div class=\"kadence-blocks-gallery-item\">\n<div class=\"kadence-blocks-gallery-item-inner\">\n<figure class=\"kb-gallery-figure kb-gallery-item-has-link kadence-blocks-gallery-item-has-caption\">\n<div class=\"kb-gal-image-radius\">\n<div class=\"kb-gallery-image-contain kadence-blocks-gallery-intrinsic kb-gallery-image-ratio-inherit kb-has-image-ratio-inherit\"><img loading=\"lazy\" decoding=\"async\" class=\"wp-image-91988 skip-lazy sp-no-webp\" src=\"https:\/\/armando.info\/wp-content\/uploads\/2025\/02\/16-1-700x582.jpg\" alt=\"\" width=\"700\" height=\"582\" data-full-image=\"https:\/\/armando.info\/wp-content\/uploads\/2025\/02\/16-1.jpg\" data-light-image=\"https:\/\/armando.info\/wp-content\/uploads\/2025\/02\/16-1.jpg\" data-id=\"91988\" \/><\/div>\n<\/div>\n<div class=\"kadence-blocks-gallery-item__caption\">En uno de sus perfiles de LinkedIn aparece como asesor financiero de una firma que lleva su nombre. Imagen tomada de: LinkedIn<\/div>\n<\/figure>\n<\/div>\n<\/div>\n<\/div>\n<div id=\"splide02-slide03\" class=\"kb-slide-item kb-gallery-slide-item splide__slide\" role=\"tabpanel\" aria-label=\"3 de 3\" aria-hidden=\"true\">\n<div class=\"kadence-blocks-gallery-item\">\n<div class=\"kadence-blocks-gallery-item-inner\">\n<figure class=\"kb-gallery-figure kb-gallery-item-has-link kadence-blocks-gallery-item-has-caption\">\n<div class=\"kb-gal-image-radius\">\n<div class=\"kb-gallery-image-contain kadence-blocks-gallery-intrinsic kb-gallery-image-ratio-inherit kb-has-image-ratio-inherit\"><img loading=\"lazy\" decoding=\"async\" class=\"wp-image-91990 skip-lazy sp-no-webp\" src=\"https:\/\/armando.info\/wp-content\/uploads\/2025\/02\/17-1-700x582.jpg\" alt=\"\" width=\"700\" height=\"582\" data-full-image=\"https:\/\/armando.info\/wp-content\/uploads\/2025\/02\/17-1.jpg\" data-light-image=\"https:\/\/armando.info\/wp-content\/uploads\/2025\/02\/17-1.jpg\" data-id=\"91990\" \/><\/div>\n<\/div>\n<div class=\"kadence-blocks-gallery-item__caption\">En otro perfil de LinkedIn se muestra como integrante de la empresa Du Mont Tobacco International, de la que fue presidente. Imagen tomada de: LinkedIn<\/div>\n<\/figure>\n<\/div>\n<\/div>\n<\/div>\n<\/div>\n<\/div>\n<\/div>\n<\/div>\n<\/div>\n<\/div>\n<p>En los registros de Panam\u00e1 est\u00e1 asentada la creaci\u00f3n de las empresas Du Mont Trade Panama Corporation y Du Mont Trade Isla Corporation. La primera fue creada en 2004, pero Sobalvarro Dur\u00e1n solo asumi\u00f3 la responsabilidad absoluta de la sociedad en 2007; la segunda fue incorporada en 2008. En todas comparte funciones directivas con su\u00a0<a href=\"https:\/\/ve.linkedin.com\/in\/zulay-barboza-42a019103\" target=\"_blank\" rel=\"noopener\">exesposa<\/a>, Zulay del Carmen Barbosa Urdaneta, y con Rodrigo Vargas N\u00fa\u00f1ez.<\/p>\n<p>Vargas N\u00fa\u00f1ez es integrante del entorno de Sobalvarro. Adem\u00e1s de socio comercial del alcalde, participa en su administraci\u00f3n municipal. En un\u00a0<a href=\"https:\/\/es.scribd.com\/document\/707412064\/DOCUMENTOS-JURIDICOS2\" target=\"_blank\" rel=\"noopener\">informe<\/a>\u00a0de gesti\u00f3n del cuarto trimestre de 2023 en Almirante Padilla, se encuentra una resoluci\u00f3n del 14 de septiembre de 2023, por la que a Vargas Nu\u00f1ez se le designaba como presidente de la Corporaci\u00f3n de Exportaci\u00f3n, Importaci\u00f3n, Comercializaci\u00f3n y Servicio Nigale, C.A. (<a href=\"https:\/\/es.scribd.com\/document\/674348063\/CORPONIGALE\" target=\"_blank\" rel=\"noopener\">Corponigale C.A.<\/a>). La empresa, adscrita a la alcald\u00eda, tiene a su cargo la actividad de compra y venta al mayor de mercanc\u00edas nacionales o procedentes del exterior derivada de los distintos sectores de la econom\u00eda local, con prioridades en la pesca, acuicultura, suministros y servicios generales.<\/p>\n<p>En la actualidad, todas las empresas de Sovalbarro y sus socios en Panam\u00e1 est\u00e1n suspendidas porque dejaron de cancelar en el registro los correspondientes pagos, pero esto no impidi\u00f3 que otras Du Mont brotaran en distintas jurisdicciones del Caribe: Du Mont Trade Venezuela, C.A., Du Mont Trade Dominicana, Du Mont Trade Trinidad &amp; Tobago LTD y Du Mont Trade Grenade LTD, cada una de ellas registrada en su pa\u00eds respectivo. En paralelo con esa expansi\u00f3n geogr\u00e1fica de su mercado, en archivos internacionales se detectan solicitudes de Du Mont para comercializar marcas de cigarrillos como Meridian, GIF, Record, Astor, Belmont, Eight, Voox, G, Kentucky, C\u00f3nsul, Mr. B, Miller, Mr. B, Recife y Belfort, incluyendo las marcas de Tabesa.<\/p>\n<div class=\"lazyblock-embed-script-Z2vqnnb wp-block-lazyblock-embed-script\">\n<div class=\"flourish-embed flourish-network\" data-src=\"visualisation\/21699239\">\n<div class=\"flourish-credit\"><\/div>\n<\/div>\n<\/div>\n<p>En 2018, el holding Du Mont cedi\u00f3 el poder para actuar en su nombre a Alberto de Jes\u00fas Sovalbarro N\u00fa\u00f1ez, hijo del hoy alcalde, quien ya para entonces era funcionario p\u00fablico del Estado chavista.<\/p>\n<p>Ese mismo a\u00f1o fue cuando, por casualidad o no, el mercado de cigarrillos en Venezuela empez\u00f3 a cambiar en composici\u00f3n. El crecimiento de una nueva compa\u00f1\u00eda,\u00a0<a href=\"https:\/\/armando.info\/las-alarmas-de-humo-no-suenan-para-mundo-factory\/\">Mundo Factory<\/a>, empez\u00f3 a amenazar el liderazgo tradicional de Cigarrera Bigott (parte de British American Tobacco, una de las principales tabacaleras del mundo). Una publicaci\u00f3n de\u00a0<strong>Armando.info<\/strong>\u00a0en 2024 determin\u00f3 que Mundo Factory es un conglomerado que se vincula a familiares de la primera dama o\u00a0<em>primera combatiente<\/em>\u00a0de Venezuela, Cilia Flores. Adem\u00e1s, distribuye productos de la paraguaya Tabesa, entre otros suplidores.<\/p>\n<p>Antes de su sociedad en el holding Du Mont, en 2008, el tr\u00edo de Sovalbarro, su exesposa y Vargas Nu\u00f1ez hab\u00eda registrado tambi\u00e9n en el istmo Immobiliare Investment Panam\u00e1 Corporation S.A. Como har\u00edan con Du Mont en 2018, la presidencia de esa firma qued\u00f3 en manos de Sobalvarro Nu\u00f1ez, el v\u00e1stago del alcalde de Almirante Padilla.<\/p>\n<p>En paralelo, Rodrigo Vargas Nu\u00f1ez -socio en todas las empresas- constituy\u00f3 Caribbean Coast Trading S.A., una sociedad que tuvo a Omar Melicio Galu\u00e9 Troconiz y Douglas Alfredo Pirela Leal como miembros de la junta directiva. Todos, a su vez, han desempe\u00f1ado cargos oficiales en el municipio Almirante Padilla: el primero, como director general de Prevenci\u00f3n, Seguridad y Orden P\u00fablico del 26 de julio de\u00a0<a href=\"https:\/\/es.scribd.com\/document\/707412064\/DOCUMENTOS-JURIDICOS2\" target=\"_blank\" rel=\"noopener\">2023<\/a>\u00a0al\u00a0<a href=\"https:\/\/es.scribd.com\/document\/759086241\/Resolucion-045-Orangel-Paz-Director-General-DGPSCOP-copia\" target=\"_blank\" rel=\"noopener\">27 de octubre<\/a>\u00a0de ese mismo a\u00f1o; mientras que el segundo ha sido director del despacho del alcalde desde enero de 2022 hasta la\u00a0<a href=\"https:\/\/www.instagram.com\/ajsobalvarrod\/reel\/DBD8cOhRldD\/\" target=\"_blank\" rel=\"noopener\">actualidad<\/a>. Adem\u00e1s, en\u00a0<a href=\"https:\/\/www.quepasa.com.ve\/politica\/sobalvarro-la-an-esta-aprobando-leyes-para-fortalecer-las-finanzas-del-pais\/\" target=\"_blank\" rel=\"noopener\">2021<\/a>\u00a0sirvi\u00f3 de jefe de la campa\u00f1a electoral que llev\u00f3 a Sobalvarro a la alcald\u00eda municipal.<\/p>\n<p>En la plataforma electr\u00f3nica de comercio internacional 52wmb, la Du Mont Tobacco paname\u00f1a muestra exportaciones de cigarrillos desde 2013; Du Mont Trade Grenada LTD entre 2017 y 2019.<\/p>\n<p>Expertos del ramo aseguraron a\u00a0<strong>Armando.info<\/strong>\u00a0que hoy en Maracaibo la participaci\u00f3n de marcas il\u00edcitas de cigarrillo, como Time, Carnival y Pire, ronda 73% del mercado; por lo tanto, seg\u00fan estos datos, solo uno de cada cuatro cigarrillos que se fuman en la capital zuliana es de marcas formales. Por su cercan\u00eda a Colombia y a las islas ABC -Aruba, Bonaire y Curazao, antiguas Antillas Neerlandesas-, Zulia es una regi\u00f3n hist\u00f3ricamente permeable al contrabando. Como reflejo de esa tradici\u00f3n, se atribuye gen\u00e9ricamente a \u201clos guajiros\u201d -en referencia a la etnia\u00a0<em>way\u00fa<\/em>\u00a0de la Pen\u00ednsula de La Guajira, que se reparte entre Colombia y Venezuela- la mayor fuerza de distribuci\u00f3n de la marca Time en Maracaibo.<\/p>\n<div class=\"kb-gallery-wrap-id-91979_da460d-fa alignnone wp-block-kadence-advancedgallery\">\n<div class=\"kb-gallery-ul kb-gallery-non-static kb-gallery-type-slider kb-gallery-id-91979_da460d-fa kb-gallery-caption-style-below kb-gallery-filter-none kb-gallery-magnific-init kb-light-gallery-2\" data-image-filter=\"none\" data-lightbox-caption=\"true\">\n<div class=\"kt-blocks-carousel kt-carousel-container-dotstyle-dark\">\n<div id=\"splide03\" class=\"kt-blocks-carousel-init kb-blocks-slider kt-carousel-arrowstyle-whiteondark kt-carousel-dotstyle-dark kb-splide splide splide-initialized splide-slider is-overflow splide--fade splide--ltr splide--draggable is-active is-initialized\" role=\"region\" data-slider-anim-speed=\"400\" data-slider-scroll=\"1\" data-slider-arrows=\"true\" data-slider-fade=\"true\" data-slider-dots=\"true\" data-slider-type=\"slider\" data-slider-hover-pause=\"false\" data-slider-auto=\"\" data-slider-speed=\"7000\">\n<div class=\"splide__arrows splide__arrows--ltr\"><\/div>\n<div id=\"splide03-track\" class=\"splide__track splide__track--fade splide__track--ltr splide__track--draggable\" aria-live=\"polite\">\n<div id=\"splide03-list\" class=\"splide__list\" role=\"presentation\">\n<div id=\"splide03-slide01\" class=\"kb-slide-item kb-gallery-slide-item splide__slide is-active is-visible\" role=\"tabpanel\" aria-label=\"1 de 4\">\n<div class=\"kadence-blocks-gallery-item\">\n<div class=\"kadence-blocks-gallery-item-inner\">\n<figure class=\"kb-gallery-figure kb-gallery-item-has-link kadence-blocks-gallery-item-has-caption\">\n<div class=\"kb-gal-image-radius\">\n<div class=\"kb-gallery-image-contain kadence-blocks-gallery-intrinsic kb-gallery-image-ratio-inherit kb-has-image-ratio-inherit\"><img loading=\"lazy\" decoding=\"async\" class=\"wp-image-92054 skip-lazy sp-no-webp\" src=\"https:\/\/armando.info\/wp-content\/uploads\/2025\/02\/13-700x394.jpg\" alt=\"\" width=\"700\" height=\"394\" data-full-image=\"https:\/\/armando.info\/wp-content\/uploads\/2025\/02\/13.jpg\" data-light-image=\"https:\/\/armando.info\/wp-content\/uploads\/2025\/02\/13.jpg\" data-id=\"92054\" \/><\/div>\n<\/div>\n<div class=\"kadence-blocks-gallery-item__caption\">Los rastros aduanales de las empresas del holding Du Mont Trade est\u00e1n en plataformas de comercio electr\u00f3nico. Imagen tomada de: P\u00e1gina web 52wmb.com<\/div>\n<\/figure>\n<\/div>\n<\/div>\n<\/div>\n<div id=\"splide03-slide02\" class=\"kb-slide-item kb-gallery-slide-item splide__slide is-next\" role=\"tabpanel\" aria-label=\"2 de 4\" aria-hidden=\"true\">\n<div class=\"kadence-blocks-gallery-item\">\n<div class=\"kadence-blocks-gallery-item-inner\">\n<figure class=\"kb-gallery-figure kb-gallery-item-has-link kadence-blocks-gallery-item-has-caption\">\n<div class=\"kb-gal-image-radius\">\n<div class=\"kb-gallery-image-contain kadence-blocks-gallery-intrinsic kb-gallery-image-ratio-inherit kb-has-image-ratio-inherit\"><img loading=\"lazy\" decoding=\"async\" class=\"wp-image-92052 skip-lazy sp-no-webp\" src=\"https:\/\/armando.info\/wp-content\/uploads\/2025\/02\/12-700x394.jpg\" alt=\"\" width=\"700\" height=\"394\" data-full-image=\"https:\/\/armando.info\/wp-content\/uploads\/2025\/02\/12.jpg\" data-light-image=\"https:\/\/armando.info\/wp-content\/uploads\/2025\/02\/12.jpg\" data-id=\"92052\" \/><\/div>\n<\/div>\n<div class=\"kadence-blocks-gallery-item__caption\">La empresa Du Mont Trade Tobacco International Corporation tuvo actividad entre los a\u00f1os 2012 y 2013. Imagen tomada de: P\u00e1gina web 52wmb.com<\/div>\n<\/figure>\n<\/div>\n<\/div>\n<\/div>\n<div id=\"splide03-slide03\" class=\"kb-slide-item kb-gallery-slide-item splide__slide\" role=\"tabpanel\" aria-label=\"3 de 4\" aria-hidden=\"true\">\n<div class=\"kadence-blocks-gallery-item\">\n<div class=\"kadence-blocks-gallery-item-inner\">\n<figure class=\"kb-gallery-figure kb-gallery-item-has-link kadence-blocks-gallery-item-has-caption\">\n<div class=\"kb-gal-image-radius\">\n<div class=\"kb-gallery-image-contain kadence-blocks-gallery-intrinsic kb-gallery-image-ratio-inherit kb-has-image-ratio-inherit\"><img loading=\"lazy\" decoding=\"async\" class=\"wp-image-92056 skip-lazy sp-no-webp\" src=\"https:\/\/armando.info\/wp-content\/uploads\/2025\/02\/14.-Du-Mont-Trade-Grenada-Bill-of-landing-copia-700x394.jpg\" alt=\"\" width=\"700\" height=\"394\" data-full-image=\"https:\/\/armando.info\/wp-content\/uploads\/2025\/02\/14.-Du-Mont-Trade-Grenada-Bill-of-landing-copia.jpg\" data-light-image=\"https:\/\/armando.info\/wp-content\/uploads\/2025\/02\/14.-Du-Mont-Trade-Grenada-Bill-of-landing-copia.jpg\" data-id=\"92056\" \/><\/div>\n<\/div>\n<div class=\"kadence-blocks-gallery-item__caption\">Entre los productos comercializados por la empresa Du Mont Trade Grenada LTD est\u00e1n cigarrillos. Imagen tomada de: P\u00e1gina web 52wmb.com<\/div>\n<\/figure>\n<\/div>\n<\/div>\n<\/div>\n<div id=\"splide03-slide04\" class=\"kb-slide-item kb-gallery-slide-item splide__slide\" role=\"tabpanel\" aria-label=\"4 de 4\" aria-hidden=\"true\">\n<div class=\"kadence-blocks-gallery-item\">\n<div class=\"kadence-blocks-gallery-item-inner\">\n<figure class=\"kb-gallery-figure kb-gallery-item-has-link kadence-blocks-gallery-item-has-caption\">\n<div class=\"kb-gal-image-radius\">\n<div class=\"kb-gallery-image-contain kadence-blocks-gallery-intrinsic kb-gallery-image-ratio-inherit kb-has-image-ratio-inherit\"><img loading=\"lazy\" decoding=\"async\" class=\"wp-image-92058 skip-lazy sp-no-webp\" src=\"https:\/\/armando.info\/wp-content\/uploads\/2025\/02\/15.-Du-Mont-Trade-Tobacco-Bill-of-landing-1-700x394.jpg\" alt=\"\" width=\"700\" height=\"394\" data-full-image=\"https:\/\/armando.info\/wp-content\/uploads\/2025\/02\/15.-Du-Mont-Trade-Tobacco-Bill-of-landing-1.jpg\" data-light-image=\"https:\/\/armando.info\/wp-content\/uploads\/2025\/02\/15.-Du-Mont-Trade-Tobacco-Bill-of-landing-1.jpg\" data-id=\"92058\" \/><\/div>\n<\/div>\n<div class=\"kadence-blocks-gallery-item__caption\">En 2013, la empresa Du Mont Tobacco comercializ\u00f3 1.400 cajas de cigarrillos de la marca Belfort. Imagen tomada de: P\u00e1gina web 52wmb.com<\/div>\n<\/figure>\n<\/div>\n<\/div>\n<\/div>\n<\/div>\n<\/div>\n<\/div>\n<\/div>\n<\/div>\n<\/div>\n<p>La sede de Du Mont en Venezuela est\u00e1 en un edificio de Maracaibo que no muestra ning\u00fan signo de la presencia de la empresa. Esta no aparece en el Registro Nacional de Contratistas.<\/p>\n<p>En redes sociales se dejan ver otras dos personas vinculadas al grupo: Cristina Acevedo, \u201c<a href=\"https:\/\/ve.linkedin.com\/in\/cristina-acevedo-123b94b9\" target=\"_blank\" rel=\"noopener\">administradora<\/a>\u00a0en Dumont [<em>sic<\/em>] Trade\u201d, y Omer Reyes, sargento retirado de la Guardia Nacional Bolivariana (GNB), que en su perfil de\u00a0<a href=\"https:\/\/www.facebook.com\/omer.reyes.378\/\" target=\"_blank\" rel=\"noopener\">Facebook<\/a>\u00a0detalla que es supervisor de control de calidad en comercio exterior en Du Mont Trade Venezuela. Este mismo Reyes se desempe\u00f1aba, al menos hasta julio de\u00a0<a href=\"https:\/\/www.instagram.com\/ajsobalvarrod\/p\/Cf7Kc_OjFWs\/\" target=\"_blank\" rel=\"noopener\">2022<\/a>, como Director de Prevenci\u00f3n, Seguridad Ciudadana y Orden P\u00fablico de la alcald\u00eda de Almirante Padilla.<\/p>\n<h2 id=\"a-la-izquierda-del-carisma\" class=\"wp-block-heading\">A la izquierda del carisma<\/h2>\n<p>Quienes se atreven a hablar de Alberto Sobalvarro lo describen como d\u00e9spota y vulgar, algo contrario a lo que su imagen proyecta. \u201cSe cree due\u00f1o del mundo y que el dinero lo es todo\u201d, asegura un trabajador del sector privado que conoce de cerca las din\u00e1micas en Almirante Padilla. Esas caracter\u00edsticas no impidieron que su candidatura a alcalde consiguiera seducir al electorado: no solo sum\u00f3 3.599 votos -cifra equivalente a 69,59% de los sufragios- en 2021, sino que se acaba de postular de nuevo a nombre del llamado Gran Polo Patri\u00f3tico, la coalici\u00f3n electoral del chavismo, para las anunciadas elecciones locales de mediados de 2025.<\/p>\n<p>Quienes lo conocieron en el pasado relatan que Sobalvarro siempre fue simpatizante de la izquierda. Eso pareciera ratificar lo que el actual alcalde cont\u00f3 durante las\u00a0<a href=\"https:\/\/www.youtube.com\/watch?v=BXvLvEY1zjg\" target=\"_blank\" rel=\"noopener\">presentaciones<\/a>\u00a0de su plan de gobierno: \u201cEn tercer a\u00f1o [<em>del liceo<\/em>]\u2026 ya yo era comunista y me met\u00ed en pol\u00edtica\u201d. Un testimonio recogido por\u00a0<strong>Armando.info\u00a0<\/strong>precisa que, en realidad, Sovalbarro fue \u201cde la juventud del Movimiento Electoral del Pueblo [<em>MEP, un partido de izquierda socialdem\u00f3crata desgajado en 1968 de Acci\u00f3n Democr\u00e1tica<\/em>] pero nunca tuvo un liderazgo\u201d.<\/p>\n<p>Una de las fuentes consultadas afirma que Alberto Sobalvarro Dur\u00e1n es cercano a N\u00e9stor Reverol, exministro de Interior, excomandante de la GNB y actual presidente de la Corporaci\u00f3n para el Desarrollo de la Regi\u00f3n Zuliana (Corpozulia). Tambi\u00e9n ha llegado a retratarse en eventos del PSUV junto al exvicepresidente Diosdado Cabello, actual ministro de Interior. Sin embargo, pocos son los que dudan de que su relaci\u00f3n con Omar Prieto, exgobernador del estado Zulia desde 2017 hasta 2021, fue la que catapult\u00f3 su carrera pol\u00edtica. Prieto, que busc\u00f3 alejarse de las pol\u00e9micas que desat\u00f3\u00a0<a href=\"https:\/\/insightcrime.org\/es\/investigaciones\/ganster-gobernador-zulia-ascenso-caida-omar-prieto-venezuela\/\" target=\"_blank\" rel=\"noopener\">su gesti\u00f3n<\/a>\u00a0en el gobierno estadal, sigue de cualquier manera en la pol\u00edtica desde su natal municipio San Francisco, al sur de Maracaibo.<\/p>\n<div class=\"kb-gallery-wrap-id-91979_d10da6-ef alignnone wp-block-kadence-advancedgallery\">\n<div class=\"kb-gallery-ul kb-gallery-non-static kb-gallery-type-slider kb-gallery-id-91979_d10da6-ef kb-gallery-caption-style-below kb-gallery-filter-none kb-gallery-magnific-init kb-light-gallery-3\" data-image-filter=\"none\" data-lightbox-caption=\"true\">\n<div class=\"kt-blocks-carousel kt-carousel-container-dotstyle-dark\">\n<div id=\"splide04\" class=\"kt-blocks-carousel-init kb-blocks-slider kt-carousel-arrowstyle-whiteondark kt-carousel-dotstyle-dark kb-splide splide splide-initialized splide-slider is-overflow splide--fade splide--ltr splide--draggable is-active is-initialized\" role=\"region\" data-slider-anim-speed=\"400\" data-slider-scroll=\"1\" data-slider-arrows=\"true\" data-slider-fade=\"true\" data-slider-dots=\"true\" data-slider-type=\"slider\" data-slider-hover-pause=\"false\" data-slider-auto=\"\" data-slider-speed=\"7000\">\n<div class=\"splide__arrows splide__arrows--ltr\"><\/div>\n<div id=\"splide04-track\" class=\"splide__track splide__track--fade splide__track--ltr splide__track--draggable\" aria-live=\"polite\">\n<div id=\"splide04-list\" class=\"splide__list\" role=\"presentation\">\n<div id=\"splide04-slide01\" class=\"kb-slide-item kb-gallery-slide-item splide__slide is-active is-visible\" role=\"tabpanel\" aria-label=\"1 de 4\">\n<div class=\"kadence-blocks-gallery-item\">\n<div class=\"kadence-blocks-gallery-item-inner\">\n<figure class=\"kb-gallery-figure kb-gallery-item-has-link kadence-blocks-gallery-item-has-caption\">\n<div class=\"kb-gal-image-radius\">\n<div class=\"kb-gallery-image-contain kadence-blocks-gallery-intrinsic kb-gallery-image-ratio-inherit kb-has-image-ratio-inherit\"><img loading=\"lazy\" decoding=\"async\" class=\"wp-image-92002 skip-lazy sp-no-webp\" src=\"https:\/\/armando.info\/wp-content\/uploads\/2025\/02\/07.-diosdado-cabello-sobalvarro-Facebook-700x394.jpg\" alt=\"\" width=\"700\" height=\"394\" data-full-image=\"https:\/\/armando.info\/wp-content\/uploads\/2025\/02\/07.-diosdado-cabello-sobalvarro-Facebook.jpg\" data-light-image=\"https:\/\/armando.info\/wp-content\/uploads\/2025\/02\/07.-diosdado-cabello-sobalvarro-Facebook.jpg\" data-id=\"92002\" \/><\/div>\n<\/div>\n<div class=\"kadence-blocks-gallery-item__caption\">Alberto Sobalvarro asist\u00eda con regularidad a eventos del PSUV donde lleg\u00f3 a fotografiarse con Diosdado Cabello. Imagen tomada de Facebook.<\/div>\n<\/figure>\n<\/div>\n<\/div>\n<\/div>\n<div id=\"splide04-slide02\" class=\"kb-slide-item kb-gallery-slide-item splide__slide is-next\" role=\"tabpanel\" aria-label=\"2 de 4\" aria-hidden=\"true\">\n<div class=\"kadence-blocks-gallery-item\">\n<div class=\"kadence-blocks-gallery-item-inner\">\n<figure class=\"kb-gallery-figure kb-gallery-item-has-link kadence-blocks-gallery-item-has-caption\">\n<div class=\"kb-gal-image-radius\">\n<div class=\"kb-gallery-image-contain kadence-blocks-gallery-intrinsic kb-gallery-image-ratio-inherit kb-has-image-ratio-inherit\"><img loading=\"lazy\" decoding=\"async\" class=\"wp-image-92004 skip-lazy sp-no-webp\" src=\"https:\/\/armando.info\/wp-content\/uploads\/2025\/02\/08.-nestor-reverol-sobalvarro-2-700x394.jpg\" alt=\"\" width=\"700\" height=\"394\" data-full-image=\"https:\/\/armando.info\/wp-content\/uploads\/2025\/02\/08.-nestor-reverol-sobalvarro-2.jpg\" data-light-image=\"https:\/\/armando.info\/wp-content\/uploads\/2025\/02\/08.-nestor-reverol-sobalvarro-2.jpg\" data-id=\"92004\" \/><\/div>\n<\/div>\n<div class=\"kadence-blocks-gallery-item__caption\">La cercan\u00eda de Alberto Sobalvarro con N\u00e9stor Reverol, exministro de Interior y actual presidente de la Corporaci\u00f3n para el Desarrollo de la Regi\u00f3n Zuliana (Corpozulia) tambi\u00e9n se evidencia en fotos. Imagen tomada de Facebook.<\/div>\n<\/figure>\n<\/div>\n<\/div>\n<\/div>\n<div id=\"splide04-slide03\" class=\"kb-slide-item kb-gallery-slide-item splide__slide\" role=\"tabpanel\" aria-label=\"3 de 4\" aria-hidden=\"true\">\n<div class=\"kadence-blocks-gallery-item\">\n<div class=\"kadence-blocks-gallery-item-inner\">\n<figure class=\"kb-gallery-figure kb-gallery-item-has-link kadence-blocks-gallery-item-has-caption\">\n<div class=\"kb-gal-image-radius\">\n<div class=\"kb-gallery-image-contain kadence-blocks-gallery-intrinsic kb-gallery-image-ratio-inherit kb-has-image-ratio-inherit\"><img loading=\"lazy\" decoding=\"async\" class=\"wp-image-92006 skip-lazy sp-no-webp\" src=\"https:\/\/armando.info\/wp-content\/uploads\/2025\/02\/09.-pedro-carreno-sobalvarro-3-ajsobalvarrod-Facebook-5Sep2019-700x394.jpg\" alt=\"\" width=\"700\" height=\"394\" data-full-image=\"https:\/\/armando.info\/wp-content\/uploads\/2025\/02\/09.-pedro-carreno-sobalvarro-3-ajsobalvarrod-Facebook-5Sep2019.jpg\" data-light-image=\"https:\/\/armando.info\/wp-content\/uploads\/2025\/02\/09.-pedro-carreno-sobalvarro-3-ajsobalvarrod-Facebook-5Sep2019.jpg\" data-id=\"92006\" \/><\/div>\n<\/div>\n<div class=\"kadence-blocks-gallery-item__caption\">Alberto Sobalvarro Dur\u00e1n coincidi\u00f3 en eventos con Pedro Carre\u00f1o, quien defendi\u00f3 en Caracas sus candidaturas para constituyente y para alcalde. Imagen tomada de Facebook.<\/div>\n<\/figure>\n<\/div>\n<\/div>\n<\/div>\n<div id=\"splide04-slide04\" class=\"kb-slide-item kb-gallery-slide-item splide__slide\" role=\"tabpanel\" aria-label=\"4 de 4\" aria-hidden=\"true\">\n<div class=\"kadence-blocks-gallery-item\">\n<div class=\"kadence-blocks-gallery-item-inner\">\n<figure class=\"kb-gallery-figure kb-gallery-item-has-link kadence-blocks-gallery-item-has-caption\">\n<div class=\"kb-gal-image-radius\">\n<div class=\"kb-gallery-image-contain kadence-blocks-gallery-intrinsic kb-gallery-image-ratio-inherit kb-has-image-ratio-inherit\"><img loading=\"lazy\" decoding=\"async\" class=\"wp-image-92008 skip-lazy sp-no-webp\" src=\"https:\/\/armando.info\/wp-content\/uploads\/2025\/02\/10.-alcalde-facebook-ajsobalvarrod-6-700x394.jpg\" alt=\"\" width=\"700\" height=\"394\" data-full-image=\"https:\/\/armando.info\/wp-content\/uploads\/2025\/02\/10.-alcalde-facebook-ajsobalvarrod-6.jpg\" data-light-image=\"https:\/\/armando.info\/wp-content\/uploads\/2025\/02\/10.-alcalde-facebook-ajsobalvarrod-6.jpg\" data-id=\"92008\" \/><\/div>\n<\/div>\n<div class=\"kadence-blocks-gallery-item__caption\">El exgobernador Omar Prieto fue quien apoy\u00f3 a Alberto Sobalvarro en sus aspiraciones pol\u00edticas en el estado Zulia. Imagen tomada de Facebook.<\/div>\n<\/figure>\n<\/div>\n<\/div>\n<\/div>\n<\/div>\n<\/div>\n<\/div>\n<\/div>\n<\/div>\n<\/div>\n<p>Una persona que conoce a Alberto Sobalvarro Dur\u00e1n de su etapa universitaria, y que pidi\u00f3 resguardar su identidad, asegura que el hoy alcalde se gradu\u00f3 como economista de la Universidad del Zulia (LUZ) \u201ca finales de los a\u00f1os 80\u201d. Lo recuerda como un estudiante irregular: \u201cSe retiraba y al tiempo regresaba. Ya en ese entonces se dec\u00eda en los pasillos que era un \u2018empresario\u2019, que estaba dedicado a los negocios\u201d, afirm\u00f3.<\/p>\n<p>En 2017, el ahora alcalde\u00a0<a href=\"https:\/\/albaciudad.org\/wp-content\/uploads\/2017\/06\/Estatus-postulaciones-Asamblea-Nacional-Constituyente-Territorial.pdf\" target=\"_blank\" rel=\"noopener\">apareci\u00f3<\/a>\u00a0en la lista de postulados a constituyentes por el municipio Almirante Padilla. Una fuente consultada relat\u00f3 que durante esos a\u00f1os Sobalvarro se asoci\u00f3 con Prieto -entonces reci\u00e9n electo gobernador del estado Zulia- y con Lisandro Cabello, secretario de gobierno. Esto le permiti\u00f3 \u201ccrear y fortalecer conexiones que defendieron y promovieron su candidatura a nivel regional como alcalde, venciendo la resistencia interna que exist\u00eda sobre \u00e9l en el partido\u201d. Concluye que \u201cellos dos [<em>Prieto y Cabello<\/em>] fueron los que cuadraron con Pedro Carre\u00f1o, diputado de la Asamblea Nacional y muy cercano a Diosdado Cabello, para que defendiera a Sobalvarro en Caracas. Los tres fueron los operadores pol\u00edticos de su candidatura\u201d.<\/p>\n<p>En 2019, Alberto Sobalvarro fue\u00a0<a href=\"https:\/\/primeraedicioncol.com\/alberto-sobalvarro-es-el-nuevo-presidente-del-hipodromo-de-santa-rita\/\" target=\"_blank\" rel=\"noopener\">designado<\/a>\u00a0por Omar Prieto como nuevo presidente del Hip\u00f3dromo de Santa Rita, ubicado en la Costa Oriental del Lago, aunque continuaba con sus funciones como representante en la \u00edrrita Constituyente que Nicol\u00e1s Maduro convoc\u00f3 y que en los hechos cumpli\u00f3 funciones legislativas propias de la Asamblea Nacional -entonces controlada por la oposici\u00f3n-, en vez de redactar una Constituci\u00f3n. Pronto el gobernador Prieto y el director del Instituto Nacional de Hip\u00f3dromos (INH), Antonio\u00a0<em>El Potro<\/em>\u00a0\u00c1lvarez,\u00a0<a href=\"https:\/\/primeraedicioncol.com\/gobernador-del-zulia-y-presidente-del-inh-firman-acuerdo-para-reactivar-el-hipodromo-de-santa-rita\/\" target=\"_blank\" rel=\"noopener\">firmaron<\/a>\u00a0la reactivaci\u00f3n de la actividad h\u00edpica en Santa Rita.<\/p>\n<p>Su gusto por los caballos no es nuevo. En la entrevista con<strong>\u00a0Armando.info<\/strong>, la fuente que habl\u00f3 del pasado de Sobalvarro Dur\u00e1n dijo que era \u201cdue\u00f1o de una finca o granja donde daban clases pagas de equitaci\u00f3n\u201d. Tambi\u00e9n particip\u00f3 en la VII Feria de Caballos de Paso, Jinetes y Amazonas, Maracaibo-Chiquinquir\u00e1 2011, como propietario de\u00a0<a href=\"https:\/\/www.facebook.com\/legacy\/notes\/10150925250395151\" target=\"_blank\" rel=\"noopener\">dos caballos<\/a>\u00a0finalistas. En 2012 y 2013 Sobalvarro fue presidente del comit\u00e9 organizador de ese mismo evento. Reci\u00e9n en 2022, en ejercicio de la alcald\u00eda, Sobalvarro\u00a0<a href=\"https:\/\/www.instagram.com\/albertosobalvarrod\/p\/CZnvqivDlDZ\/\" target=\"_blank\" rel=\"noopener\">public\u00f3<\/a>\u00a0un video en su cuenta en Instagram con el que desped\u00eda a uno de sus caballos como \u201cmi fiel ejemplar\u201d que naci\u00f3 en el a\u00f1o 2000 y habr\u00eda recorrido toda Venezuela hasta ganar &#8220;12 campeonatos grado A\u201d.<\/p>\n<div class=\"kb-gallery-wrap-id-91979_a99e86-22 alignnone wp-block-kadence-advancedgallery\">\n<div class=\"kb-gallery-ul kb-gallery-non-static kb-gallery-type-slider kb-gallery-id-91979_a99e86-22 kb-gallery-caption-style-below kb-gallery-filter-none kb-gallery-magnific-init kb-light-gallery-4\" data-image-filter=\"none\" data-lightbox-caption=\"true\">\n<div class=\"kt-blocks-carousel kt-carousel-container-dotstyle-dark\">\n<div id=\"splide05\" class=\"kt-blocks-carousel-init kb-blocks-slider kt-carousel-arrowstyle-whiteondark kt-carousel-dotstyle-dark kb-splide splide splide-initialized splide-slider is-overflow splide--fade splide--ltr splide--draggable is-active is-initialized\" role=\"region\" data-slider-anim-speed=\"400\" data-slider-scroll=\"1\" data-slider-arrows=\"true\" data-slider-fade=\"true\" data-slider-dots=\"true\" data-slider-type=\"slider\" data-slider-hover-pause=\"false\" data-slider-auto=\"\" data-slider-speed=\"7000\">\n<div class=\"splide__arrows splide__arrows--ltr\"><\/div>\n<div id=\"splide05-track\" class=\"splide__track splide__track--fade splide__track--ltr splide__track--draggable\" aria-live=\"polite\">\n<div id=\"splide05-list\" class=\"splide__list\" role=\"presentation\">\n<div id=\"splide05-slide01\" class=\"kb-slide-item kb-gallery-slide-item splide__slide is-active is-visible\" role=\"tabpanel\" aria-label=\"1 de 2\">\n<div class=\"kadence-blocks-gallery-item\">\n<div class=\"kadence-blocks-gallery-item-inner\">\n<figure class=\"kb-gallery-figure kb-gallery-item-has-link kadence-blocks-gallery-item-has-caption\">\n<div class=\"kb-gal-image-radius\">\n<div class=\"kb-gallery-image-contain kadence-blocks-gallery-intrinsic kb-gallery-image-ratio-inherit kb-has-image-ratio-inherit\"><img loading=\"lazy\" decoding=\"async\" class=\"wp-image-92010 skip-lazy sp-no-webp\" src=\"https:\/\/armando.info\/wp-content\/uploads\/2025\/02\/20.-Sobalvarro-700x394.jpg\" alt=\"\" width=\"700\" height=\"394\" data-full-image=\"https:\/\/armando.info\/wp-content\/uploads\/2025\/02\/20.-Sobalvarro.jpg\" data-light-image=\"https:\/\/armando.info\/wp-content\/uploads\/2025\/02\/20.-Sobalvarro.jpg\" data-id=\"92010\" \/><\/div>\n<\/div>\n<div class=\"kadence-blocks-gallery-item__caption\">El alcalde ha mostrado inter\u00e9s en el mundo h\u00edpico que reflej\u00f3 en su participaci\u00f3n en distintos eventos. Imagen tomada de: Facebook.<\/div>\n<\/figure>\n<\/div>\n<\/div>\n<\/div>\n<div id=\"splide05-slide02\" class=\"kb-slide-item kb-gallery-slide-item splide__slide is-next\" role=\"tabpanel\" aria-label=\"2 de 2\" aria-hidden=\"true\">\n<div class=\"kadence-blocks-gallery-item\">\n<div class=\"kadence-blocks-gallery-item-inner\">\n<figure class=\"kb-gallery-figure kb-gallery-item-has-link kadence-blocks-gallery-item-has-caption\">\n<div class=\"kb-gal-image-radius\">\n<div class=\"kb-gallery-image-contain kadence-blocks-gallery-intrinsic kb-gallery-image-ratio-inherit kb-has-image-ratio-inherit\"><img loading=\"lazy\" decoding=\"async\" class=\"wp-image-92012 skip-lazy sp-no-webp\" src=\"https:\/\/armando.info\/wp-content\/uploads\/2025\/02\/21.-alcalde-facebook-ajsobalvarrod-7-700x394.jpg\" alt=\"\" width=\"700\" height=\"394\" data-full-image=\"https:\/\/armando.info\/wp-content\/uploads\/2025\/02\/21.-alcalde-facebook-ajsobalvarrod-7.jpg\" data-light-image=\"https:\/\/armando.info\/wp-content\/uploads\/2025\/02\/21.-alcalde-facebook-ajsobalvarrod-7.jpg\" data-id=\"92012\" \/><\/div>\n<\/div>\n<div class=\"kadence-blocks-gallery-item__caption\">Alberto Sobalvarro fue presidente del Hip\u00f3dromo de Santa Rita designado por el exgobernador Omar Prieto. Imagen tomada de: Facebook<\/div>\n<\/figure>\n<\/div>\n<\/div>\n<\/div>\n<\/div>\n<\/div>\n<\/div>\n<\/div>\n<\/div>\n<\/div>\n<p>Como constituyente, una de sus principales l\u00edneas de acci\u00f3n fue la\u00a0<a href=\"https:\/\/www.instagram.com\/vgsobalvarrotv\/p\/B7_uk9GhH3N\/\" target=\"_blank\" rel=\"noopener\">propuesta<\/a>\u00a0para la creaci\u00f3n de la\u00a0<a href=\"https:\/\/www.instagram.com\/zofigve\/\" target=\"_blank\" rel=\"noopener\">Zona Franca Internacional de La Guajira<\/a>\u00a0que present\u00f3 el 29 de enero de 2020, con el fin de \u201cpromover el desarrollo econ\u00f3mico, social, cultural y humano sustentable de la frontera colombo-venezolana, siguiendo las l\u00edneas econ\u00f3micas emanadas\u201d por el alto gobierno. Con esa propuesta, que no prosper\u00f3, habr\u00eda logrado amplias libertades arancelarias que, si bien podr\u00edan servir como est\u00edmulo para la actividad econ\u00f3mica en la empobrecida regi\u00f3n, tambi\u00e9n habr\u00edan regularizado\u00a0<em>de facto<\/em>\u00a0la actividad end\u00e9mica del contrabando.<\/p>\n<p><strong>Armando.info\u00a0<\/strong>intent\u00f3 contactar al alcalde Alberto Sobalvarro a trav\u00e9s de redes sociales y de su correo electr\u00f3nico, pero hasta la fecha de cierre de este reportaje no se hab\u00eda recibido respuesta alguna a la solicitud de comentarios.<\/p>\n<h2 id=\"bajo-sitio\" class=\"wp-block-heading\">Bajo sitio<\/h2>\n<p>El gobierno anterior (2018-21) del municipio Almirante Padilla, encabezado por el tambi\u00e9n chavista\u00a0<a href=\"https:\/\/es.scribd.com\/document\/620964865\/Curriculum-Hector-Nava\" target=\"_blank\" rel=\"noopener\">H\u00e9ctor Nava<\/a>, termin\u00f3 con muy bajos \u00edndices de aceptaci\u00f3n. Sobalvarro olfate\u00f3 desde temprano en ese rechazo creciente a Nava una oportunidad para capturar la alcald\u00eda, a la que aspiraba desde 2013. Con br\u00edos renovados, su estrategia de mercadeo pol\u00edtico incluy\u00f3 d\u00e1divas sociales desde su curul de constituyente y, luego, a trav\u00e9s de distintas fundaciones promovidas por la gobernaci\u00f3n de Prieto. Fue director general de la Fundaci\u00f3n Social Nigale M\u00eda y tambi\u00e9n estuvo al frente de Fundafuturo, una instituci\u00f3n con trabajo social y pol\u00edtico en Almirante Padilla.<\/p>\n<p>As\u00ed se convirti\u00f3 en un incordio permanente para Navas, quien nunca se manifest\u00f3 al respecto. Apenas ser\u00eda en 2020 cuando un\u00a0<a href=\"https:\/\/www.facebook.com\/watch\/?v=286834712534378\" target=\"_blank\" rel=\"noopener\">pronunciamiento p\u00fablico<\/a>\u00a0de un grupo de \u201cconcejales revolucionarios\u201d adeptos a Sobalvarro reflej\u00f3 la rivalidad en ciernes.<\/p>\n<p>En octubre de 2021, en plena campa\u00f1a, el exgobernador Omar Prieto, junto con el candidato Sobalvarro, hicieron una caminata en Isla de Toas. Durante su\u00a0<a href=\"http:\/\/www.psuv.org.ve\/temas\/comando-campana-aristobulo-isturiz\/omar-prieto-y-alberto-sovalbarro-recibieron-apoyo-multitudinario-pueblo-insular-padilla-cara-a-elecciones-21-noviembre\/\" target=\"_blank\" rel=\"noopener\">intervenci\u00f3n<\/a>, Prieto proclam\u00f3 que \u201cel pueblo no dejar\u00e1 que los traidores vuelvan a gobernar en esas tierras\u201d, en una alusi\u00f3n apenas velada al partido opositor Un Nuevo Tiempo (UNT), del actual gobernador de Zulia, Manuel Rosales, que control\u00f3 el gobierno municipal de 2000 a 2008.<\/p>\n<p>Ya como alcalde, Sobalvarro enviar\u00eda en enero de 2023 una carta abierta a Nicol\u00e1s Maduro. En la misiva solicitaba el despacho de combustible para el municipio despu\u00e9s de agotar las gestiones no atendidas por las instancias gubernamentales en la regi\u00f3n, seg\u00fan su relato.<\/p>\n<p>La \u00faltima protesta p\u00fablica de la que se tiene registro en Isla de Toas data de 2020 y reclamaba gasolina para las embarcaciones lacustres. Pero que esa fuera la \u00faltima protesta no quiere decir que el descontento se acab\u00f3, sino que refleja el \u00e9xito de las medidas de control social y vigilancia de Sobalvarro.<\/p>\n<div class=\"kb-gallery-wrap-id-91979_00d490-1b alignnone wp-block-kadence-advancedgallery\">\n<div class=\"kb-gallery-ul kb-gallery-non-static kb-gallery-type-slider kb-gallery-id-91979_00d490-1b kb-gallery-caption-style-below kb-gallery-filter-none kb-gallery-magnific-init kb-light-gallery-5\" data-image-filter=\"none\" data-lightbox-caption=\"true\">\n<div class=\"kt-blocks-carousel kt-carousel-container-dotstyle-dark\">\n<div id=\"splide06\" class=\"kt-blocks-carousel-init kb-blocks-slider kt-carousel-arrowstyle-whiteondark kt-carousel-dotstyle-dark kb-splide splide splide-initialized splide-slider is-overflow splide--fade splide--ltr splide--draggable is-active is-initialized\" role=\"region\" data-slider-anim-speed=\"400\" data-slider-scroll=\"1\" data-slider-arrows=\"true\" data-slider-fade=\"true\" data-slider-dots=\"true\" data-slider-type=\"slider\" data-slider-hover-pause=\"false\" data-slider-auto=\"\" data-slider-speed=\"7000\">\n<div class=\"splide__arrows splide__arrows--ltr\"><\/div>\n<div id=\"splide06-track\" class=\"splide__track splide__track--fade splide__track--ltr splide__track--draggable\" aria-live=\"polite\">\n<div id=\"splide06-list\" class=\"splide__list\" role=\"presentation\">\n<div id=\"splide06-slide01\" class=\"kb-slide-item kb-gallery-slide-item splide__slide is-active is-visible\" role=\"tabpanel\" aria-label=\"1 de 2\">\n<div class=\"kadence-blocks-gallery-item\">\n<div class=\"kadence-blocks-gallery-item-inner\">\n<figure class=\"kb-gallery-figure kb-gallery-item-has-link kadence-blocks-gallery-item-has-caption\">\n<div class=\"kb-gal-image-radius\">\n<div class=\"kb-gallery-image-contain kadence-blocks-gallery-intrinsic kb-gallery-image-ratio-inherit kb-has-image-ratio-inherit\"><img loading=\"lazy\" decoding=\"async\" class=\"wp-image-92016 skip-lazy sp-no-webp\" src=\"https:\/\/armando.info\/wp-content\/uploads\/2025\/02\/00.-Toas-Alejandro-Moreno-700x394.jpg\" alt=\"\" width=\"700\" height=\"394\" data-full-image=\"https:\/\/armando.info\/wp-content\/uploads\/2025\/02\/00.-Toas-Alejandro-Moreno.jpg\" data-light-image=\"https:\/\/armando.info\/wp-content\/uploads\/2025\/02\/00.-Toas-Alejandro-Moreno.jpg\" data-id=\"92016\" \/><\/div>\n<\/div>\n<div class=\"kadence-blocks-gallery-item__caption\">Isla de Toas es la parroquia m\u00e1s grande del municipio insular Almirante Padilla y vive en condiciones de pobreza. Cr\u00e9dito: Alejandro Moreno.<\/div>\n<\/figure>\n<\/div>\n<\/div>\n<\/div>\n<div id=\"splide06-slide02\" class=\"kb-slide-item kb-gallery-slide-item splide__slide is-next\" role=\"tabpanel\" aria-label=\"2 de 2\" aria-hidden=\"true\">\n<div class=\"kadence-blocks-gallery-item\">\n<div class=\"kadence-blocks-gallery-item-inner\">\n<figure class=\"kb-gallery-figure kb-gallery-item-has-link kadence-blocks-gallery-item-has-caption\">\n<div class=\"kb-gal-image-radius\">\n<div class=\"kb-gallery-image-contain kadence-blocks-gallery-intrinsic kb-gallery-image-ratio-inherit kb-has-image-ratio-inherit\"><img loading=\"lazy\" decoding=\"async\" class=\"wp-image-92018 skip-lazy sp-no-webp\" src=\"https:\/\/armando.info\/wp-content\/uploads\/2025\/02\/04-Toas-Alejandro-Moreno-4-700x394.jpg\" alt=\"\" width=\"700\" height=\"394\" data-full-image=\"https:\/\/armando.info\/wp-content\/uploads\/2025\/02\/04-Toas-Alejandro-Moreno-4.jpg\" data-light-image=\"https:\/\/armando.info\/wp-content\/uploads\/2025\/02\/04-Toas-Alejandro-Moreno-4.jpg\" data-id=\"92018\" \/><\/div>\n<\/div>\n<div class=\"kadence-blocks-gallery-item__caption\">Desde la alcald\u00eda, Alberto Sobalvarro ha neutralizado cualquier manifestaci\u00f3n de descontento u oposici\u00f3n pol\u00edtica, pr\u00e1ctica que se ha perfeccionado con los a\u00f1os. Cr\u00e9dito: Alejandro Moreno.<\/div>\n<\/figure>\n<\/div>\n<\/div>\n<\/div>\n<\/div>\n<\/div>\n<\/div>\n<\/div>\n<\/div>\n<\/div>\n<p>Desde la llegada de Alberto Sobalvarro como alcalde, cualquier manifestaci\u00f3n de descontento u oposici\u00f3n pol\u00edtica ha quedado neutralizada por un f\u00e9rreo control territorial, una pr\u00e1ctica que perfecciona con los a\u00f1os. En la actualidad, el mando gubernamental en Almirante Padilla es absoluto. \u201cPara todo tiene que haber un permiso del alcalde. Sin su consentimiento no se ejecuta nada. La gasolina y el gasoil, que son imprescindibles para la pesca y el transporte lacustre, tambi\u00e9n los controla\u201d, coinciden dos personas consultadas.<\/p>\n<p>\u201cLa gente no tiene ni voz ni voto. Con su mirada te hablan. Lo que m\u00e1s se les ve es el hambre. Me atrevo a decir que no hay ning\u00fan tipo de disidencia. No se puede hablar de las deficiencias por miedo a que te\u00a0<em>sapeen<\/em>\u201d, concluy\u00f3 uno de los entrevistados.<\/p>\n<p>Todos se conocen; cualquier intruso que llegue es identificado. Los visitantes citan el paso de motorizados encapuchados que recorren los espacios p\u00fablicos, como prueba de un monitoreo evidente. Es normal encontrar en diferentes puntos de las localidades del municipio a civiles y funcionarios de la Direcci\u00f3n de Prevenci\u00f3n Seguridad Ciudadana, Orden P\u00fablico y Protecci\u00f3n Civil (Dpscop) que se comunican entre s\u00ed por radio. Luce como un territorio ocupado en el que la l\u00ednea dura de ideologizaci\u00f3n la imparte el PSUV.<\/p>\n<p>Una joven consultada por\u00a0<strong>Armando.info<\/strong>, que prefiri\u00f3 no identificarse por temor a represalias, se\u00f1al\u00f3 que hace dos a\u00f1os fue perseguida por agentes de seguridad que se hac\u00edan pasar por civiles, mientras ella intentaba tomar algunas fotograf\u00edas en comunidades del municipio. \u201cSaben cuando alguien no es de ah\u00ed. La gente no quer\u00eda hablar con nosotros, ten\u00edan miedo. El ambiente era muy hostil. Tuvimos que salir huyendo. Jam\u00e1s regresar\u00eda\u201d, admite.<\/p>\n<p>La pobreza que los estudios\u00a0<a href=\"https:\/\/view.officeapps.live.com\/op\/view.aspx?src=https%3A%2F%2Finsoencovi.ucab.edu.ve%2Fwp-content%2Fuploads%2F2020%2F10%2FINDICADORES-POBREZA.xlsx&amp;wdOrigin=BROWSELINK\" target=\"_blank\" rel=\"noopener\">comprueban<\/a> en Almirante Padilla contrasta con la promoci\u00f3n constante del alcalde, para la que no escatima recursos. Por ejemplo, en en ero reciente present\u00f3 en Maracaibo su Plan de Gesti\u00f3n 2025.\u00a0<a href=\"https:\/\/diarioversionfinal.com\/ciudad\/alcalde-sobalvarro-aseguro-que-padilla-cumplio-el-150-de-las-metas-y-vaticina-un-2025-maravilloso\/\" target=\"_blank\" rel=\"noopener\">En el evento<\/a>, que tuvo lugar en el Inter Maracaibo, un hotel de cinco estrellas, estuvieron presentes todos los directores de la Alcald\u00eda de Almirante Padilla, subdirectores, coordinadores, Concejo Municipal, presidentes de institutos aut\u00f3nomos y familiares. Una persona conocedora de la log\u00edstica explic\u00f3 que, para esa presentaci\u00f3n, el personal de la administraci\u00f3n municipal fue trasladado por v\u00eda lacustre hasta el muelle de San Rafael de El Moj\u00e1n, en el Municipio Mara, y luego en dos buses hasta la capital zuliana. \u201cLa presentaci\u00f3n incluy\u00f3 desayuno y almuerzo para todos los presentes\u201d, asegur\u00f3 la fuente.<\/p>\n<div class=\"kb-gallery-wrap-id-91979_a459e1-93 alignnone wp-block-kadence-advancedgallery\">\n<div class=\"kb-gallery-ul kb-gallery-non-static kb-gallery-type-slider kb-gallery-id-91979_a459e1-93 kb-gallery-caption-style-below kb-gallery-filter-none kb-gallery-magnific-init kb-light-gallery-6\" data-image-filter=\"none\" data-lightbox-caption=\"true\">\n<div class=\"kt-blocks-carousel kt-carousel-container-dotstyle-dark\">\n<div id=\"splide07\" class=\"kt-blocks-carousel-init kb-blocks-slider kt-carousel-arrowstyle-whiteondark kt-carousel-dotstyle-dark kb-splide splide splide-initialized splide-slider is-overflow splide--fade splide--ltr splide--draggable is-active is-initialized\" role=\"region\" data-slider-anim-speed=\"400\" data-slider-scroll=\"1\" data-slider-arrows=\"true\" data-slider-fade=\"true\" data-slider-dots=\"true\" data-slider-type=\"slider\" data-slider-hover-pause=\"false\" data-slider-auto=\"\" data-slider-speed=\"7000\">\n<div class=\"splide__arrows splide__arrows--ltr\"><\/div>\n<div id=\"splide07-track\" class=\"splide__track splide__track--fade splide__track--ltr splide__track--draggable\" aria-live=\"polite\">\n<div id=\"splide07-list\" class=\"splide__list\" role=\"presentation\">\n<div id=\"splide07-slide01\" class=\"kb-slide-item kb-gallery-slide-item splide__slide is-active is-visible\" role=\"tabpanel\" aria-label=\"1 de 3\">\n<div class=\"kadence-blocks-gallery-item\">\n<div class=\"kadence-blocks-gallery-item-inner\">\n<figure class=\"kb-gallery-figure kb-gallery-item-has-link kadence-blocks-gallery-item-has-caption\">\n<div class=\"kb-gal-image-radius\">\n<div class=\"kb-gallery-image-contain kadence-blocks-gallery-intrinsic kb-gallery-image-ratio-inherit kb-has-image-ratio-inherit\"><img loading=\"lazy\" decoding=\"async\" class=\"wp-image-92021 skip-lazy sp-no-webp\" src=\"https:\/\/armando.info\/wp-content\/uploads\/2025\/02\/01-Toas-Alejandro-Moreno-1-700x394.jpg\" alt=\"\" width=\"700\" height=\"394\" data-full-image=\"https:\/\/armando.info\/wp-content\/uploads\/2025\/02\/01-Toas-Alejandro-Moreno-1.jpg\" data-light-image=\"https:\/\/armando.info\/wp-content\/uploads\/2025\/02\/01-Toas-Alejandro-Moreno-1.jpg\" data-id=\"92021\" \/><\/div>\n<\/div>\n<div class=\"kadence-blocks-gallery-item__caption\">Las casas medio derrumbadas de Isla de Toas dejan al descubierto las necesidades del municipio Almirante Padilla. Cr\u00e9dito: Alejandro Moreno.<\/div>\n<\/figure>\n<\/div>\n<\/div>\n<\/div>\n<div id=\"splide07-slide02\" class=\"kb-slide-item kb-gallery-slide-item splide__slide is-next\" role=\"tabpanel\" aria-label=\"2 de 3\" aria-hidden=\"true\">\n<div class=\"kadence-blocks-gallery-item\">\n<div class=\"kadence-blocks-gallery-item-inner\">\n<figure class=\"kb-gallery-figure kb-gallery-item-has-link kadence-blocks-gallery-item-has-caption\">\n<div class=\"kb-gal-image-radius\">\n<div class=\"kb-gallery-image-contain kadence-blocks-gallery-intrinsic kb-gallery-image-ratio-inherit kb-has-image-ratio-inherit\"><img loading=\"lazy\" decoding=\"async\" class=\"wp-image-92023 skip-lazy sp-no-webp\" src=\"https:\/\/armando.info\/wp-content\/uploads\/2025\/02\/02.-Toas-Alejandro-Moreno-2-700x394.jpg\" alt=\"\" width=\"700\" height=\"394\" data-full-image=\"https:\/\/armando.info\/wp-content\/uploads\/2025\/02\/02.-Toas-Alejandro-Moreno-2.jpg\" data-light-image=\"https:\/\/armando.info\/wp-content\/uploads\/2025\/02\/02.-Toas-Alejandro-Moreno-2.jpg\" data-id=\"92023\" \/><\/div>\n<\/div>\n<div class=\"kadence-blocks-gallery-item__caption\">Isla de Toas es un municipio mayoritariamente de pescadores y, en menor medida, de comercio. Cr\u00e9dito: Alejandro Moreno.<\/div>\n<\/figure>\n<\/div>\n<\/div>\n<\/div>\n<div id=\"splide07-slide03\" class=\"kb-slide-item kb-gallery-slide-item splide__slide\" role=\"tabpanel\" aria-label=\"3 de 3\" aria-hidden=\"true\">\n<div class=\"kadence-blocks-gallery-item\">\n<div class=\"kadence-blocks-gallery-item-inner\">\n<figure class=\"kb-gallery-figure kb-gallery-item-has-link kadence-blocks-gallery-item-has-caption\">\n<div class=\"kb-gal-image-radius\">\n<div class=\"kb-gallery-image-contain kadence-blocks-gallery-intrinsic kb-gallery-image-ratio-inherit kb-has-image-ratio-inherit\"><img loading=\"lazy\" decoding=\"async\" class=\"wp-image-92025 skip-lazy sp-no-webp\" src=\"https:\/\/armando.info\/wp-content\/uploads\/2025\/02\/03.-Toas-Alejandro-Moreno-3-700x394.jpg\" alt=\"\" width=\"700\" height=\"394\" data-full-image=\"https:\/\/armando.info\/wp-content\/uploads\/2025\/02\/03.-Toas-Alejandro-Moreno-3.jpg\" data-light-image=\"https:\/\/armando.info\/wp-content\/uploads\/2025\/02\/03.-Toas-Alejandro-Moreno-3.jpg\" data-id=\"92025\" \/><\/div>\n<\/div>\n<div class=\"kadence-blocks-gallery-item__caption\">Las \u00faltimas gestiones de la alcald\u00eda han estado en manos oficialistas y han sido muy mal evaluadas por los habitantes. Cr\u00e9dito: Alejandro Moreno.<\/div>\n<\/figure>\n<\/div>\n<\/div>\n<\/div>\n<\/div>\n<\/div>\n<\/div>\n<\/div>\n<\/div>\n<\/div>\n<p>Un pol\u00edtico zuliano consultado para este reportaje dijo a\u00a0<strong>Armando.info<\/strong>\u00a0que \u201cel municipio [<em>Almirante<\/em>] Padilla, con alguna excepci\u00f3n, ha tenido mala suerte con sus alcaldes; pero este [<em>Sobalvarro<\/em>] ha roto todos los esquemas (&#8230;) Tiene grupos delincuenciales bajo su mando y tiene al pueblo sometido\u201d.<\/p>\n<p>Aunque algunos aseguran que las ambiciones pol\u00edticas de Sobalvarro apuntan a la gobernaci\u00f3n de Zulia, una persona con conocimiento de la situaci\u00f3n interna del PSUV afirm\u00f3 que \u201cese no tiene vida, \u00e9l no ha logrado trascender. Siempre ha sido un dirigente de segunda en la regi\u00f3n. Hay como un secreto a voces que no lo deja avanzar, ese peso de estar involucrado en lo il\u00edcito. Pero con ese municipio ya\u00a0<em>coron\u00f3<\/em>\u201d. Algo que adquiere sentido si sus metas no son solo pol\u00edticas y si sigue dejando a su paso una estela de humo de cigarrillos.<\/p>\n<\/div>\n<\/div>\n<\/div>\n<\/div>\n<\/section>\n","protected":false},"excerpt":{"rendered":"<p>(Fuente: Armando Info. Publicado el 23 de febrero de 2025) Controla con mano de hierro el municipio insular Almirante Padilla, una regi\u00f3n remota pero estrat\u00e9gica [&hellip;]<\/p>\n","protected":false},"author":5,"featured_media":5180,"comment_status":"open","ping_status":"open","sticky":false,"template":"","format":"standard","meta":{"h5ap_radio_sources":[],"_FSMCFIC_featured_image_caption":"","_FSMCFIC_featured_image_nocaption":"","_FSMCFIC_featured_image_hide":"","_jetpack_memberships_contains_paid_content":false,"footnotes":""},"categories":[2],"tags":[],"class_list":["post-5168","post","type-post","status-publish","format-standard","has-post-thumbnail","hentry","category-venezuela"],"aioseo_notices":[],"jetpack_featured_media_url":"https:\/\/nuevaprensaamerica.com\/wp-content\/uploads\/2025\/02\/image_2025-02-23_112054986.png","jetpack_sharing_enabled":true,"_links":{"self":[{"href":"https:\/\/nuevaprensaamerica.com\/index.php\/wp-json\/wp\/v2\/posts\/5168","targetHints":{"allow":["GET"]}}],"collection":[{"href":"https:\/\/nuevaprensaamerica.com\/index.php\/wp-json\/wp\/v2\/posts"}],"about":[{"href":"https:\/\/nuevaprensaamerica.com\/index.php\/wp-json\/wp\/v2\/types\/post"}],"author":[{"embeddable":true,"href":"https:\/\/nuevaprensaamerica.com\/index.php\/wp-json\/wp\/v2\/users\/5"}],"replies":[{"embeddable":true,"href":"https:\/\/nuevaprensaamerica.com\/index.php\/wp-json\/wp\/v2\/comments?post=5168"}],"version-history":[{"count":18,"href":"https:\/\/nuevaprensaamerica.com\/index.php\/wp-json\/wp\/v2\/posts\/5168\/revisions"}],"predecessor-version":[{"id":5187,"href":"https:\/\/nuevaprensaamerica.com\/index.php\/wp-json\/wp\/v2\/posts\/5168\/revisions\/5187"}],"wp:featuredmedia":[{"embeddable":true,"href":"https:\/\/nuevaprensaamerica.com\/index.php\/wp-json\/wp\/v2\/media\/5180"}],"wp:attachment":[{"href":"https:\/\/nuevaprensaamerica.com\/index.php\/wp-json\/wp\/v2\/media?parent=5168"}],"wp:term":[{"taxonomy":"category","embeddable":true,"href":"https:\/\/nuevaprensaamerica.com\/index.php\/wp-json\/wp\/v2\/categories?post=5168"},{"taxonomy":"post_tag","embeddable":true,"href":"https:\/\/nuevaprensaamerica.com\/index.php\/wp-json\/wp\/v2\/tags?post=5168"}],"curies":[{"name":"wp","href":"https:\/\/api.w.org\/{rel}","templated":true}]}}