{"id":5226,"date":"2025-02-27T15:36:38","date_gmt":"2025-02-27T15:36:38","guid":{"rendered":"https:\/\/nuevaprensaamerica.com\/?p=5226"},"modified":"2025-02-27T15:37:12","modified_gmt":"2025-02-27T15:37:12","slug":"denuncian-discriminacion-y-maltrato-psicologico-a-persona-con-discapacidad-en-la-cooperativa-coopeve-r-l","status":"publish","type":"post","link":"https:\/\/nuevaprensaamerica.com\/index.php\/2025\/02\/27\/denuncian-discriminacion-y-maltrato-psicologico-a-persona-con-discapacidad-en-la-cooperativa-coopeve-r-l\/","title":{"rendered":"Denuncian Discriminaci\u00f3n y Maltrato Psicol\u00f3gico a Persona con Discapacidad en la Cooperativa COOPEVE, R.L."},"content":{"rendered":"<p data-start=\"112\" data-end=\"721\"><em data-start=\"112\" data-end=\"143\">Panam\u00e1, 27 de febrero de 2025<\/em> \u2013 Una grave denuncia por discriminaci\u00f3n y maltrato psicol\u00f3gico ha salido a la luz, involucrando a la Cooperativa COOPEVE, R.L., ubicada en Los Pueblos, Panam\u00e1. La denuncia se\u00f1ala que dos socios de la cooperativa, uno de los cuales es un adulto mayor y persona con discapacidad, fueron restringidos de participar en una reuni\u00f3n de asociados el pasado 23 de febrero. La decisi\u00f3n de impedir su entrada fue tomada por la gerente general de la cooperativa, quien tambi\u00e9n es esposa del exdiputado Rub\u00e9n De Le\u00f3n, actual secretario general del Partido Revolucionario Democr\u00e1tico (PRD).<\/p>\n<p data-start=\"723\" data-end=\"1316\">Los denunciantes alegan que la restricci\u00f3n de acceso y los actos de discriminaci\u00f3n tienen su origen en una denuncia interna que realizaron sobre presuntas irregularidades dentro de la cooperativa. Seg\u00fan su versi\u00f3n, los miembros de la cooperativa, entre ellos varios directivos y la propia gerente general, habr\u00edan estado involucrados en una serie de actos de corrupci\u00f3n. En concreto, se se\u00f1ala que ciertos directivos y la gerente habr\u00edan depositado miles de d\u00f3lares de bonificaciones en cuentas bancarias privadas, lo que habr\u00eda generado una serie de represalias contra quienes alzaron la voz.<\/p>\n<p data-start=\"1318\" data-end=\"1373\"><strong data-start=\"1318\" data-end=\"1373\">Maltrato al Adulto Mayor y Persona con Discapacidad<\/strong><\/p>\n<p data-start=\"1375\" data-end=\"1812\">Uno de los afectados, un adulto mayor con discapacidad, relat\u00f3 que fue v\u00edctima de un trato humillante por parte de los agentes de seguridad de la cooperativa, quienes fueron ordenados expl\u00edcitamente a impedir su acceso a las instalaciones. Adem\u00e1s, se alega que la situaci\u00f3n se agrav\u00f3 cuando la polic\u00eda fue llamada sin raz\u00f3n aparente, con la excusa de que el socio estaba manifest\u00e1ndose en contra de la decisi\u00f3n tomada por la cooperativa.<\/p>\n<p data-start=\"1375\" data-end=\"1812\"><img loading=\"lazy\" decoding=\"async\" class=\"alignnone size-medium wp-image-5231\" src=\"https:\/\/nuevaprensaamerica.com\/wp-content\/uploads\/2025\/02\/PHOTO-2025-02-27-06-27-53-1-225x300.jpg\" alt=\"\" width=\"225\" height=\"300\" srcset=\"https:\/\/nuevaprensaamerica.com\/wp-content\/uploads\/2025\/02\/PHOTO-2025-02-27-06-27-53-1-225x300.jpg 225w, https:\/\/nuevaprensaamerica.com\/wp-content\/uploads\/2025\/02\/PHOTO-2025-02-27-06-27-53-1-768x1024.jpg 768w, https:\/\/nuevaprensaamerica.com\/wp-content\/uploads\/2025\/02\/PHOTO-2025-02-27-06-27-53-1.jpg 960w\" sizes=\"auto, (max-width: 225px) 100vw, 225px\" \/><\/p>\n<p data-start=\"1814\" data-end=\"2370\">El socio, quien ha optado por permanecer en el anonimato debido a temores de represalias, ha denunciado p\u00fablicamente que la cooperativa le bloque\u00f3 las cuentas bancarias, incluidas las relacionadas con sus aportaciones, como parte de una represalia por haber denunciado la corrupci\u00f3n dentro de la entidad. Esta acci\u00f3n es vista como una represalia directa, lo que ha intensificado las tensiones dentro de la cooperativa y ha dejado a los socios afectados en una situaci\u00f3n dif\u00edcil, sin acceso a sus fondos y con la posibilidad de enfrentar mayores perjuicios.<\/p>\n<p data-start=\"2372\" data-end=\"2439\"><strong data-start=\"2372\" data-end=\"2439\">Vinculaci\u00f3n con Empresas y Acusaciones de Blanqueo de Capitales<\/strong><\/p>\n<p data-start=\"2441\" data-end=\"3046\">Adem\u00e1s de las acusaciones de corrupci\u00f3n interna, tambi\u00e9n se ha reportado que los denunciantes est\u00e1n en posesi\u00f3n de pruebas que vinculan a la cooperativa con empresas relacionadas al exdiputado De Le\u00f3n y su esposa. Las pruebas, seg\u00fan los denunciantes, demostrar\u00edan que la cooperativa estar\u00eda haciendo negocios con estas entidades, lo que podr\u00eda constituir un acto de blanqueo de capitales. A ra\u00edz de estos se\u00f1alamientos, uno de los socios present\u00f3 una denuncia por blanqueo de capitales, lo que habr\u00eda generado una mayor hostilidad por parte de los directivos hacia quienes osaron hacer estas revelaciones.<\/p>\n<p data-start=\"3048\" data-end=\"3076\"><strong data-start=\"3048\" data-end=\"3076\">Un Llamado a la Justicia<\/strong><\/p>\n<p data-start=\"3078\" data-end=\"3498\">La situaci\u00f3n ha suscitado una ola de cr\u00edticas y preocupaciones en la comunidad local, especialmente por el trato recibido por el socio discapacitado y de la tercera edad. Organizaciones de derechos humanos han expresado su preocupaci\u00f3n por el maltrato psicol\u00f3gico y f\u00edsico hacia una persona vulnerable, instando a las autoridades competentes a investigar a fondo las denuncias de corrupci\u00f3n y maltrato en la cooperativa.<\/p>\n<p data-start=\"3500\" data-end=\"3772\">Este caso pone en evidencia no solo las tensiones internas dentro de las cooperativas en Panam\u00e1, sino tambi\u00e9n la importancia de garantizar la transparencia y la protecci\u00f3n de los derechos humanos, especialmente cuando se trata de personas en situaciones de vulnerabilidad.<\/p>\n<p data-start=\"3774\" data-end=\"4011\" data-is-last-node=\"\" data-is-only-node=\"\">La denuncia sigue siendo investigada por las autoridades, y se espera que en los pr\u00f3ximos d\u00edas se tomen medidas tanto en el \u00e1mbito legal como administrativo para esclarecer los hechos y dar una respuesta a las v\u00edctimas de esta situaci\u00f3n.<\/p>\n","protected":false},"excerpt":{"rendered":"<p>Panam\u00e1, 27 de febrero de 2025 \u2013 Una grave denuncia por discriminaci\u00f3n y maltrato psicol\u00f3gico ha salido a la luz, involucrando a la Cooperativa COOPEVE, [&hellip;]<\/p>\n","protected":false},"author":5,"featured_media":5229,"comment_status":"open","ping_status":"open","sticky":false,"template":"","format":"standard","meta":{"h5ap_radio_sources":[],"_FSMCFIC_featured_image_caption":"","_FSMCFIC_featured_image_nocaption":"","_FSMCFIC_featured_image_hide":"","_jetpack_memberships_contains_paid_content":false,"footnotes":""},"categories":[4],"tags":[],"class_list":["post-5226","post","type-post","status-publish","format-standard","has-post-thumbnail","hentry","category-panama"],"aioseo_notices":[],"jetpack_featured_media_url":"https:\/\/nuevaprensaamerica.com\/wp-content\/uploads\/2025\/02\/PHOTO-2025-02-27-06-27-53.jpg","jetpack_sharing_enabled":true,"_links":{"self":[{"href":"https:\/\/nuevaprensaamerica.com\/index.php\/wp-json\/wp\/v2\/posts\/5226","targetHints":{"allow":["GET"]}}],"collection":[{"href":"https:\/\/nuevaprensaamerica.com\/index.php\/wp-json\/wp\/v2\/posts"}],"about":[{"href":"https:\/\/nuevaprensaamerica.com\/index.php\/wp-json\/wp\/v2\/types\/post"}],"author":[{"embeddable":true,"href":"https:\/\/nuevaprensaamerica.com\/index.php\/wp-json\/wp\/v2\/users\/5"}],"replies":[{"embeddable":true,"href":"https:\/\/nuevaprensaamerica.com\/index.php\/wp-json\/wp\/v2\/comments?post=5226"}],"version-history":[{"count":6,"href":"https:\/\/nuevaprensaamerica.com\/index.php\/wp-json\/wp\/v2\/posts\/5226\/revisions"}],"predecessor-version":[{"id":5234,"href":"https:\/\/nuevaprensaamerica.com\/index.php\/wp-json\/wp\/v2\/posts\/5226\/revisions\/5234"}],"wp:featuredmedia":[{"embeddable":true,"href":"https:\/\/nuevaprensaamerica.com\/index.php\/wp-json\/wp\/v2\/media\/5229"}],"wp:attachment":[{"href":"https:\/\/nuevaprensaamerica.com\/index.php\/wp-json\/wp\/v2\/media?parent=5226"}],"wp:term":[{"taxonomy":"category","embeddable":true,"href":"https:\/\/nuevaprensaamerica.com\/index.php\/wp-json\/wp\/v2\/categories?post=5226"},{"taxonomy":"post_tag","embeddable":true,"href":"https:\/\/nuevaprensaamerica.com\/index.php\/wp-json\/wp\/v2\/tags?post=5226"}],"curies":[{"name":"wp","href":"https:\/\/api.w.org\/{rel}","templated":true}]}}