{"id":5236,"date":"2025-03-01T16:21:55","date_gmt":"2025-03-01T16:21:55","guid":{"rendered":"https:\/\/nuevaprensaamerica.com\/?p=5236"},"modified":"2025-03-01T16:21:55","modified_gmt":"2025-03-01T16:21:55","slug":"la-politica-colombiana-en-la-ruta-hacia-2026-los-pre-candidatos-presidenciales-y-el-papel-de-juan-carlos-buitrago-en-un-futuro-gabinete","status":"publish","type":"post","link":"https:\/\/nuevaprensaamerica.com\/index.php\/2025\/03\/01\/la-politica-colombiana-en-la-ruta-hacia-2026-los-pre-candidatos-presidenciales-y-el-papel-de-juan-carlos-buitrago-en-un-futuro-gabinete\/","title":{"rendered":"La Pol\u00edtica Colombiana en la Ruta hacia 2026: Los Pre-candidatos Presidenciales y el Papel de Juan Carlos Buitrago en un Futuro Gabinete"},"content":{"rendered":"<p><span style=\"font-size: 10pt\"><em>(Fuente: <a href=\"https:\/\/reportedelaeconomia.com\/colombia\/la-politica-colombiana-en-la-ruta-hacia-2026-los-pre-candidatos-presidenciales-y-el-papel-de-juan-carlos-buitrago-en-un-futuro-gabinete\/\">Reporte de la Economia<\/a>. Publicado el 1 de marzo de 2025)<\/em><\/span><\/p>\n<p data-start=\"1530\" data-end=\"1987\">A medida que las elecciones presidenciales de Colombia de 2026 se acercan, el panorama pol\u00edtico se est\u00e1 llenando de nuevos actores y alianzas, mientras que los 29 precandidatos que luchan por la Casa de Nari\u00f1o perfilan sus propuestas. En un escenario de alta polarizaci\u00f3n, las coaliciones ideol\u00f3gicas se est\u00e1n configurando para ganar el apoyo de los votantes en un contexto econ\u00f3mico y social delicado, marcado por la pobreza, el desempleo y la inseguridad.<\/p>\n<h3 data-start=\"1989\" data-end=\"2061\"><strong data-start=\"1993\" data-end=\"2061\">Los Precandidatos Presidenciales y el Panorama Electoral de 2026<\/strong><\/h3>\n<p data-start=\"2063\" data-end=\"2702\">A tan solo 15 meses de las elecciones presidenciales de Colombia, el panorama electoral se perfila incierto y marcado por la fragmentaci\u00f3n pol\u00edtica. La reciente encuesta de Guarumo y Ecoanal\u00edtica, publicada el 14 de febrero de 2025, arroja datos cruciales sobre las tendencias de intenci\u00f3n de voto para los principales precandidatos. Seg\u00fan los resultados, la periodista Vicky D\u00e1vila lidera la intenci\u00f3n de voto con un 15.1%, seguida de Gustavo Bol\u00edvar, actual director del Departamento de Prosperidad Social, con un 11.9%. Sergio Fajardo, exgobernador de Antioquia y excandidato presidencial, se encuentra en tercera posici\u00f3n con un 11.8%.<\/p>\n<p data-start=\"2704\" data-end=\"3240\">Aunque Vicky D\u00e1vila se perfila como la favorita hasta el momento, el panorama electoral podr\u00eda cambiar a medida que los candidatos vayan delineando sus propuestas y el proceso electoral avance. Un dato relevante es la alta preferencia por el voto en blanco, que refleja una insatisfacci\u00f3n generalizada entre los votantes con las opciones actuales. Este sentimiento refleja el desaf\u00edo que enfrentan los precandidatos para captar una base de votantes amplia y decidida, en un contexto pol\u00edtico marcado por la desconfianza y el desencanto.<\/p>\n<p data-start=\"3242\" data-end=\"3541\">En el campo de la derecha y centro-derecha, el Centro Democr\u00e1tico ha presentado una lista de cinco precandidatos: Mar\u00eda Fernanda Cabal, Miguel Uribe Turbay, Paloma Valencia, Andr\u00e9s Guerra y Paola Andrea Holgu\u00edn, quienes buscan consolidar una postura firme frente a las pol\u00edticas del gobierno actual.<\/p>\n<p data-start=\"3543\" data-end=\"3870\">Por su parte, Germ\u00e1n Vargas Lleras, l\u00edder de Cambio Radical, sigue perfil\u00e1ndose como un serio contendiente, a pesar de las dificultades para concretar su candidatura. Su trayectoria en la pol\u00edtica colombiana lo ha convertido en un referente en las coaliciones opositoras, mientras tantea el terreno a lo largo y ancho del pa\u00eds.<\/p>\n<p data-start=\"3872\" data-end=\"4318\">Del lado del centro, se destaca la figura de Sergio Fajardo, quien intenta recuperar la confianza perdida en a\u00f1os recientes con un discurso enfocado en la unificaci\u00f3n y la reconciliaci\u00f3n del pa\u00eds. Otros nombres del sector, como Juan Manuel Gal\u00e1n, Claudia L\u00f3pez y Alejandro Gaviria, se suman a la lista de candidatos que esperan disputar la presidencia con propuestas centradas en temas como la educaci\u00f3n, la salud y la lucha contra la corrupci\u00f3n.<\/p>\n<p data-start=\"4320\" data-end=\"4651\">Mientras tanto, dentro del sector del Pacto Hist\u00f3rico, Gustavo Bol\u00edvar se perfila como el principal sucesor de Petro, aunque a\u00fan existen diversos contendientes dentro de la coalici\u00f3n gubernamental, como Daniel Quintero y Mar\u00eda Jos\u00e9 Pizarro, quienes tambi\u00e9n buscan consolidarse como alternativas viables para las elecciones de 2026.<\/p>\n<p data-start=\"4653\" data-end=\"4887\">Este panorama de diversidad y fragmentaci\u00f3n pol\u00edtica parece indicar que el camino hacia la Casa de Nari\u00f1o ser\u00e1 largo y complicado, lo que podr\u00eda llevar a una gobernabilidad dif\u00edcil si no se logran acuerdos clave en los pr\u00f3ximos meses.<\/p>\n<h3 data-start=\"4889\" data-end=\"4964\"><strong data-start=\"4893\" data-end=\"4964\">La Necesidad de Unidad y Seguridad: El Caso de Juan Carlos Buitrago<\/strong><\/h3>\n<p data-start=\"4966\" data-end=\"5584\">En este panorama electoral tan fragmentado, hay voces que claman por la necesidad de unidad y un fortalecimiento de la seguridad, temas cruciales para el futuro de Colombia. Recientemente, en un espacio de la periodista Vicky D\u00e1vila en la red social X (anteriormente conocida como Twitter), los participantes plantearon de manera espont\u00e1nea la posibilidad de que Juan Carlos Buitrago, exgeneral de la Polic\u00eda Nacional, forme parte del gabinete de un futuro gobierno. Esta sugerencia ha ganado fuerza entre aquellos que lo consideran una pieza clave para restaurar la seguridad p\u00fablica y enfrentar el crimen organizado.<\/p>\n<p data-start=\"5586\" data-end=\"6125\">Buitrago, conocido por su incorruptible liderazgo en la captura de altos mandos del narcotr\u00e1fico, como el infame alias \u2018Pap\u00e1 Pitufo\u2019, ha sido aclamado por su capacidad para enfrentar las estructuras criminales sin comprometer sus principios. A lo largo de su carrera, su nombre se ha asociado con la lucha efectiva contra los carteles del crimen organizado. Su incorruptibilidad ha sido un pilar central en su trabajo, lo que le ha permitido ganarse el respeto de sectores clave dentro de las fuerzas de seguridad y la sociedad en general.<\/p>\n<p data-start=\"6127\" data-end=\"6576\">Seg\u00fan fuentes cercanas a los c\u00edrculos de seguridad y pol\u00edtica, la aceptaci\u00f3n de Buitrago es amplia, especialmente entre aquellos que abogan por un gobierno m\u00e1s transparente y firme en la lucha contra el narcotr\u00e1fico y la corrupci\u00f3n. Para muchos, su presencia en un gabinete presidencial ser\u00eda una se\u00f1al clara de que la seguridad p\u00fablica es una prioridad y que el gobierno est\u00e1 comprometido con restaurar el orden y la confianza en las instituciones.<\/p>\n<h3 data-start=\"6578\" data-end=\"6664\"><strong data-start=\"6582\" data-end=\"6664\">La Rivalidad de Vicky D\u00e1vila y Abelardo de La Espriella: La Lucha por el Poder<\/strong><\/h3>\n<p data-start=\"6666\" data-end=\"7169\">En el mismo espacio, Vicky D\u00e1vila tambi\u00e9n comparti\u00f3 sus perspectivas sobre los desaf\u00edos que enfrentar\u00eda en una eventual presidencia. Seg\u00fan diversas fuentes, uno de sus mayores antagonistas ser\u00eda el abogado Abelardo de La Espriella, un operador pol\u00edtico con fuertes lazos con los sectores m\u00e1s poderosos y oscuros de la pol\u00edtica colombiana. Se le conoce por su influencia en redes de poder que a menudo han operado en las sombras, manejando negocios vinculados a la corrupci\u00f3n y el tr\u00e1fico de influencias.<\/p>\n<p data-start=\"7171\" data-end=\"7503\">La llegada de Vicky D\u00e1vila a la presidencia pondr\u00eda en peligro estos intereses, ya que la periodista ha sido una firme defensora del periodismo independiente y la lucha contra la corrupci\u00f3n. Su cr\u00edtica constante a las estructuras de poder que de La Espriella representa ha convertido a D\u00e1vila en un enemigo directo de sus intereses.<\/p>\n<p data-start=\"7505\" data-end=\"8010\">Curiosamente, el general Juan Carlos Buitrago tambi\u00e9n ha sido una figura clave en el enfrentamiento contra los intereses de De La Espriella y sus aliados. A lo largo de su carrera, Buitrago ha enfrentado a aquellos que intentan manipular el sistema a su favor, luchando contra la corrupci\u00f3n en la Polic\u00eda Nacional. Fuentes cercanas a \u00e9l se\u00f1alan que su figura es vista con gran respeto por sectores amplios de la sociedad colombiana, especialmente aquellos que buscan un cambio real en el sistema pol\u00edtico.<\/p>\n<h3 data-start=\"6436\" data-end=\"6528\"><strong data-start=\"6440\" data-end=\"6528\">El Papel de Buitrago en el Gabinete: Un Aliado para la Seguridad y la Gobernabilidad<\/strong><\/h3>\n<p data-start=\"6530\" data-end=\"7039\">En definitiva, la figura de <strong data-start=\"6558\" data-end=\"6582\">Juan Carlos Buitrago<\/strong> es vista como un <strong data-start=\"6600\" data-end=\"6622\">activo estrat\u00e9gico<\/strong> para cualquier futuro gobierno colombiano que busque <strong data-start=\"6676\" data-end=\"6702\">restaurar la seguridad<\/strong> y combatir los problemas de <strong data-start=\"6731\" data-end=\"6745\">corrupci\u00f3n<\/strong> que han afectado al pa\u00eds en los \u00faltimos a\u00f1os. Su experiencia en la lucha contra el crimen organizado y su reputaci\u00f3n como un hombre <strong data-start=\"6878\" data-end=\"6895\">incorruptible<\/strong> lo convierten en una opci\u00f3n atractiva para <strong data-start=\"6939\" data-end=\"6963\">integrar el gabinete<\/strong> de un presidente que desee enfrentar los desaf\u00edos m\u00e1s urgentes de Colombia.<\/p>\n<p data-start=\"7041\" data-end=\"7436\">Buitrago podr\u00eda jugar un papel crucial en el futuro pol\u00edtico de Colombia, ya que su presencia en un gabinete podr\u00eda ser una se\u00f1al de <strong data-start=\"7341\" data-end=\"7390\">unificaci\u00f3n y compromiso con la transparencia<\/strong> en un momento en que el pa\u00eds m\u00e1s lo necesita.<\/p>\n","protected":false},"excerpt":{"rendered":"<p>(Fuente: Reporte de la Economia. Publicado el 1 de marzo de 2025) A medida que las elecciones presidenciales de Colombia de 2026 se acercan, el [&hellip;]<\/p>\n","protected":false},"author":5,"featured_media":5238,"comment_status":"open","ping_status":"open","sticky":false,"template":"","format":"standard","meta":{"h5ap_radio_sources":[],"_FSMCFIC_featured_image_caption":"","_FSMCFIC_featured_image_nocaption":"","_FSMCFIC_featured_image_hide":"","_jetpack_memberships_contains_paid_content":false,"footnotes":""},"categories":[12],"tags":[],"class_list":["post-5236","post","type-post","status-publish","format-standard","has-post-thumbnail","hentry","category-colombia"],"aioseo_notices":[],"jetpack_featured_media_url":"https:\/\/nuevaprensaamerica.com\/wp-content\/uploads\/2025\/03\/PHOTO-2025-02-28-11-21-41.jpg","jetpack_sharing_enabled":true,"_links":{"self":[{"href":"https:\/\/nuevaprensaamerica.com\/index.php\/wp-json\/wp\/v2\/posts\/5236","targetHints":{"allow":["GET"]}}],"collection":[{"href":"https:\/\/nuevaprensaamerica.com\/index.php\/wp-json\/wp\/v2\/posts"}],"about":[{"href":"https:\/\/nuevaprensaamerica.com\/index.php\/wp-json\/wp\/v2\/types\/post"}],"author":[{"embeddable":true,"href":"https:\/\/nuevaprensaamerica.com\/index.php\/wp-json\/wp\/v2\/users\/5"}],"replies":[{"embeddable":true,"href":"https:\/\/nuevaprensaamerica.com\/index.php\/wp-json\/wp\/v2\/comments?post=5236"}],"version-history":[{"count":2,"href":"https:\/\/nuevaprensaamerica.com\/index.php\/wp-json\/wp\/v2\/posts\/5236\/revisions"}],"predecessor-version":[{"id":5239,"href":"https:\/\/nuevaprensaamerica.com\/index.php\/wp-json\/wp\/v2\/posts\/5236\/revisions\/5239"}],"wp:featuredmedia":[{"embeddable":true,"href":"https:\/\/nuevaprensaamerica.com\/index.php\/wp-json\/wp\/v2\/media\/5238"}],"wp:attachment":[{"href":"https:\/\/nuevaprensaamerica.com\/index.php\/wp-json\/wp\/v2\/media?parent=5236"}],"wp:term":[{"taxonomy":"category","embeddable":true,"href":"https:\/\/nuevaprensaamerica.com\/index.php\/wp-json\/wp\/v2\/categories?post=5236"},{"taxonomy":"post_tag","embeddable":true,"href":"https:\/\/nuevaprensaamerica.com\/index.php\/wp-json\/wp\/v2\/tags?post=5236"}],"curies":[{"name":"wp","href":"https:\/\/api.w.org\/{rel}","templated":true}]}}