{"id":5283,"date":"2025-03-10T20:34:13","date_gmt":"2025-03-10T20:34:13","guid":{"rendered":"https:\/\/nuevaprensaamerica.com\/?p=5283"},"modified":"2025-03-10T20:34:13","modified_gmt":"2025-03-10T20:34:13","slug":"se-tambalea-el-mandato-de-jorge-gimenez-ochoa-en-la-fvf-investigaciones-en-venezuela-por-posibles-nexos-con-corrupcion","status":"publish","type":"post","link":"https:\/\/nuevaprensaamerica.com\/index.php\/2025\/03\/10\/se-tambalea-el-mandato-de-jorge-gimenez-ochoa-en-la-fvf-investigaciones-en-venezuela-por-posibles-nexos-con-corrupcion\/","title":{"rendered":"\u00bfSe tambalea el mandato de Jorge Gim\u00e9nez Ochoa en la FVF? Investigaciones en Venezuela por posibles nexos con corrupci\u00f3n"},"content":{"rendered":"<p>Seg\u00fan fuentes extraoficiales con conocimiento de la situaci\u00f3n, autoridades de Venezuela, a trav\u00e9s de cuerpos de investigaci\u00f3n e inteligencia, han iniciado una averiguaci\u00f3n en contra de Jorge Andr\u00e9s Gim\u00e9nez Ochoa, presidente de la Federaci\u00f3n Venezolana de F\u00fatbol (FVF). Esta investigaci\u00f3n se centra en las presuntas conexiones de Gim\u00e9nez con casos que motivaron las recientes detenciones de figuras del sector petrolero venezolano, adem\u00e1s de sobre la vinculaci\u00f3n del empresario con la trama de corrupci\u00f3n conocida como \u00abcaso Koldo\u00bb en Espa\u00f1a.<\/p>\n<p>Las autoridades venezolanas estar\u00edan particularmente interesadas en la participaci\u00f3n de Gim\u00e9nez en negocios petroleros, espec\u00edficamente en el transporte de crudo, donde se le acusa de haber obtenido ventajas inusuales. Existe la sospecha de que gran parte del petr\u00f3leo asignado a empresas bajo su control y el de su familia, no ha sido pagado al Estado venezolano.<\/p>\n<h2>Relaci\u00f3n con la familia Zuloaga y v\u00ednculos de los Gim\u00e9nez con la venta de Globovisi\u00f3n<\/h2>\n<p>Es importante recordar las sospechas que rodean la posible participaci\u00f3n de la familia Gim\u00e9nez en la venta del canal de televisi\u00f3n Globovisi\u00f3n a Ra\u00fal Gorr\u00edn en 2013. Es as\u00ed que se presume que la familia Gim\u00e9nez pudo haber actuado como intermediaria en esta transacci\u00f3n, que cambi\u00f3 dr\u00e1sticamente la l\u00ednea editorial de Globovisi\u00f3n, otrora radicalmente opositora.<\/p>\n<div class=\"Yg1rXuKL\">\n<figure id=\"attachment_383\" class=\"wp-caption aligncenter\" aria-describedby=\"caption-attachment-383\"><figcaption id=\"caption-attachment-383\" class=\"wp-caption-text\"><\/figcaption><\/figure>\n<\/div>\n<figure id=\"attachment_12240\" class=\"wp-caption aligncenter\" aria-describedby=\"caption-attachment-12240\"><a href=\"https:\/\/www.ciudadgoticanews.com\/wp-content\/uploads\/2024\/10\/guillermo-zuloaga-siso-y-nunez3000.png\"><img loading=\"lazy\" decoding=\"async\" class=\"size-full wp-image-12240\" src=\"https:\/\/www.ciudadgoticanews.com\/wp-content\/uploads\/2024\/10\/guillermo-zuloaga-siso-y-nunez3000.png\" alt=\"\" width=\"1200\" height=\"862\" \/><\/a><figcaption id=\"caption-attachment-12240\" class=\"wp-caption-text\">Guillermo Zuloaga Siso y su padre Guillermo Zuloaga N\u00fa\u00f1ez.<\/figcaption><\/figure>\n<p>Es importante destacar la relaci\u00f3n familiar entre la familia Gim\u00e9nez y la familia Zuloaga, fundadora de Globovisi\u00f3n. Mar\u00eda Corina Gim\u00e9nez, hermana de Jorge Gim\u00e9nez Ochoa, est\u00e1 casada con Guillermo Zuloaga Siso, el mayor de los hijos de Guillermo Zuloaga N\u00fa\u00f1ez, uno de los due\u00f1os originales de Globovisi\u00f3n. Esta conexi\u00f3n familiar ha generado sospechas sobre la posible influencia de la familia Gim\u00e9nez en la decisi\u00f3n de los Zuloaga de vender el canal, tal y como explica el portal\u00a0<a href=\"https:\/\/avefenixnoticias.com\/jorge-gimenez-ochoa-en-la-mira-de-sanciones-otrora-accionistas-de-globovision\/\" target=\"_blank\" rel=\"noopener\">Ave F\u00e9nix Noticias<\/a>.<\/p>\n<figure id=\"attachment_12238\" class=\"wp-caption aligncenter\" aria-describedby=\"caption-attachment-12238\"><a href=\"https:\/\/www.ciudadgoticanews.com\/wp-content\/uploads\/2024\/10\/guillermo-zuloaga-siso-maria-corina-gimenez-ochoa2.jpg\"><img loading=\"lazy\" decoding=\"async\" class=\"size-full wp-image-12238\" src=\"https:\/\/www.ciudadgoticanews.com\/wp-content\/uploads\/2024\/10\/guillermo-zuloaga-siso-maria-corina-gimenez-ochoa2.jpg\" alt=\"\" width=\"1200\" height=\"1149\" \/><\/a><figcaption id=\"caption-attachment-12238\" class=\"wp-caption-text\">Guillermo Zuloaga Siso y Mar\u00eda Corina Gim\u00e9nez, hermana de Jorge Gim\u00e9nez Ochoa.<\/figcaption><\/figure>\n<p>La estrecha relaci\u00f3n familiar entre los Gim\u00e9nez y los Zuloaga, cimentada por el matrimonio entre Mar\u00eda Corina Gim\u00e9nez y Guillermo Zuloaga Siso, ha generado interrogantes sobre la posible interrelaci\u00f3n de sus negocios. Si bien ambas familias se han destacado en distintos \u00e1mbitos empresariales, algunos observadores se preguntan si existe una colaboraci\u00f3n m\u00e1s profunda y estrat\u00e9gica entre ellas. Espec\u00edficamente, se cuestiona si los contactos y la experiencia de los Zuloaga en medios de comunicaci\u00f3n y agencias publicitarias han podido beneficiar a los Gim\u00e9nez en sus emprendimientos, y viceversa, si las conexiones pol\u00edticas de los Gim\u00e9nez han favorecido los negocios de los Zuloaga, incluso mediante posibles sociedades ocultas entre ambas familias.<\/p>\n<figure id=\"attachment_12236\" class=\"wp-caption aligncenter\" aria-describedby=\"caption-attachment-12236\"><a href=\"https:\/\/www.ciudadgoticanews.com\/wp-content\/uploads\/2024\/10\/fenelon-gimenez-raul-gorrin.jpg\"><img loading=\"lazy\" decoding=\"async\" class=\"size-full wp-image-12236\" src=\"https:\/\/www.ciudadgoticanews.com\/wp-content\/uploads\/2024\/10\/fenelon-gimenez-raul-gorrin.jpg\" alt=\"\" width=\"1200\" height=\"771\" \/><\/a><figcaption id=\"caption-attachment-12236\" class=\"wp-caption-text\">Fenel\u00f3n Gim\u00e9nez (padre de Jorge Gim\u00e9nez Ochoa) y Ra\u00fal Gorr\u00edn<\/figcaption><\/figure>\n<p>Estas preguntas cobran mayor relevancia al considerar la venta de Globovisi\u00f3n a Ra\u00fal Gorr\u00edn, quien ten\u00eda una relaci\u00f3n societaria previa con Fenel\u00f3n Gim\u00e9nez, padre de Jorge Gim\u00e9nez Ochoa. Fenel\u00f3n y Gorr\u00edn fueron socios en Seguros La Vitalicia hasta 2012, poco antes de que Gorr\u00edn adquiriera Globovisi\u00f3n. Este v\u00ednculo entre el padre de Jorge Gim\u00e9nez y el nuevo due\u00f1o de Globovisi\u00f3n plantea la posibilidad de que Fenel\u00f3n haya jugado un papel en la negociaci\u00f3n de la venta del canal, que tuvo como protagonista a la familia Zuloaga; considerando el estrecho lazo familiar entre ambas familias.<\/p>\n<figure id=\"attachment_12242\" class=\"wp-caption aligncenter\" aria-describedby=\"caption-attachment-12242\"><a href=\"https:\/\/www.ciudadgoticanews.com\/wp-content\/uploads\/2024\/10\/guillermo-zuloaga-maria-corina-gimenez-Copiar.jpg\"><img loading=\"lazy\" decoding=\"async\" class=\"size-full wp-image-12242\" src=\"https:\/\/www.ciudadgoticanews.com\/wp-content\/uploads\/2024\/10\/guillermo-zuloaga-maria-corina-gimenez-Copiar.jpg\" alt=\"\" width=\"1200\" height=\"793\" \/><\/a><figcaption id=\"caption-attachment-12242\" class=\"wp-caption-text\">Guillermo Zuloaga Siso y Mar\u00eda Corina Gim\u00e9nez (cu\u00f1ado y hermana de Jorge Gim\u00e9nez Ochoa, respectivamente), durante concierto en Casa de Campo, Rep\u00fablica Dominicana, en diciembre de 2015.<\/figcaption><\/figure>\n<h2>La trama Koldo: un nexo internacional bajo investigaci\u00f3n<\/h2>\n<figure id=\"attachment_10539\" class=\"wp-caption aligncenter\" aria-describedby=\"caption-attachment-10539\"><a href=\"https:\/\/www.ciudadgoticanews.com\/wp-content\/uploads\/2023\/07\/jorge-gimenez2.jpg\"><img loading=\"lazy\" decoding=\"async\" class=\"size-full wp-image-10539\" src=\"https:\/\/www.ciudadgoticanews.com\/wp-content\/uploads\/2023\/07\/jorge-gimenez2.jpg\" alt=\"\" width=\"1200\" height=\"600\" \/><\/a><figcaption id=\"caption-attachment-10539\" class=\"wp-caption-text\">Jorge Gim\u00e9nez Ochoa, presidente de la FVF<\/figcaption><\/figure>\n<p>La investigaci\u00f3n en contra de Jorge Gim\u00e9nez Ochoa tambi\u00e9n se extender\u00eda a su presunta vinculaci\u00f3n con la trama Koldo en Espa\u00f1a. Esta trama, que involucra una compleja red de corrupci\u00f3n, tr\u00e1fico de influencias y otras actividades il\u00edcitas, ha sido objeto de una extensa investigaci\u00f3n por parte de las autoridades espa\u00f1olas, la cual ha acaparado titulares en los medios de comunicaci\u00f3n.<\/p>\n<p>La trama Koldo gira en torno a la figura de V\u00edctor de Aldama, un empresario acusado de ser el \u00abnexo corruptor\u00bb central de la red. Se le acusa de utilizar sus influencias y conexiones, incluyendo a pol\u00edticos de alto nivel como el exministro de Transportes, Jos\u00e9 Luis \u00c1balos, para obtener contratos millonarios de forma fraudulenta, especialmente durante la pandemia de COVID-19. Entre las irregularidades investigadas se encuentran la compra y venta de mascarillas con sobreprecios y la adjudicaci\u00f3n de contratos p\u00fablicos a empresas vinculadas a la trama.<\/p>\n<p>Las autoridades venezolanas buscan determinar si Gim\u00e9nez Ochoa ha tenido alg\u00fan tipo de participaci\u00f3n en esta trama, ya sea directa o indirectamente.<\/p>\n<hr \/>\n","protected":false},"excerpt":{"rendered":"<p>Seg\u00fan fuentes extraoficiales con conocimiento de la situaci\u00f3n, autoridades de Venezuela, a trav\u00e9s de cuerpos de investigaci\u00f3n e inteligencia, han iniciado una averiguaci\u00f3n en contra [&hellip;]<\/p>\n","protected":false},"author":5,"featured_media":5284,"comment_status":"open","ping_status":"open","sticky":false,"template":"","format":"standard","meta":{"h5ap_radio_sources":[],"_FSMCFIC_featured_image_caption":"","_FSMCFIC_featured_image_nocaption":"","_FSMCFIC_featured_image_hide":"","_jetpack_memberships_contains_paid_content":false,"footnotes":""},"categories":[2],"tags":[],"class_list":["post-5283","post","type-post","status-publish","format-standard","has-post-thumbnail","hentry","category-venezuela"],"aioseo_notices":[],"jetpack_featured_media_url":"https:\/\/nuevaprensaamerica.com\/wp-content\/uploads\/2025\/03\/image_2025-03-10_163002540.png","jetpack_sharing_enabled":true,"_links":{"self":[{"href":"https:\/\/nuevaprensaamerica.com\/index.php\/wp-json\/wp\/v2\/posts\/5283","targetHints":{"allow":["GET"]}}],"collection":[{"href":"https:\/\/nuevaprensaamerica.com\/index.php\/wp-json\/wp\/v2\/posts"}],"about":[{"href":"https:\/\/nuevaprensaamerica.com\/index.php\/wp-json\/wp\/v2\/types\/post"}],"author":[{"embeddable":true,"href":"https:\/\/nuevaprensaamerica.com\/index.php\/wp-json\/wp\/v2\/users\/5"}],"replies":[{"embeddable":true,"href":"https:\/\/nuevaprensaamerica.com\/index.php\/wp-json\/wp\/v2\/comments?post=5283"}],"version-history":[{"count":3,"href":"https:\/\/nuevaprensaamerica.com\/index.php\/wp-json\/wp\/v2\/posts\/5283\/revisions"}],"predecessor-version":[{"id":5287,"href":"https:\/\/nuevaprensaamerica.com\/index.php\/wp-json\/wp\/v2\/posts\/5283\/revisions\/5287"}],"wp:featuredmedia":[{"embeddable":true,"href":"https:\/\/nuevaprensaamerica.com\/index.php\/wp-json\/wp\/v2\/media\/5284"}],"wp:attachment":[{"href":"https:\/\/nuevaprensaamerica.com\/index.php\/wp-json\/wp\/v2\/media?parent=5283"}],"wp:term":[{"taxonomy":"category","embeddable":true,"href":"https:\/\/nuevaprensaamerica.com\/index.php\/wp-json\/wp\/v2\/categories?post=5283"},{"taxonomy":"post_tag","embeddable":true,"href":"https:\/\/nuevaprensaamerica.com\/index.php\/wp-json\/wp\/v2\/tags?post=5283"}],"curies":[{"name":"wp","href":"https:\/\/api.w.org\/{rel}","templated":true}]}}