{"id":532,"date":"2023-10-13T14:10:25","date_gmt":"2023-10-13T14:10:25","guid":{"rendered":"https:\/\/nuevaprensaamerica.com\/?p=532"},"modified":"2023-10-13T14:10:25","modified_gmt":"2023-10-13T14:10:25","slug":"acusan-al-expresidente-rafael-correa-de-estar-detras-del-asesinato-en-ecuador-del-excandidato-fernando-villavicencio","status":"publish","type":"post","link":"https:\/\/nuevaprensaamerica.com\/index.php\/2023\/10\/13\/acusan-al-expresidente-rafael-correa-de-estar-detras-del-asesinato-en-ecuador-del-excandidato-fernando-villavicencio\/","title":{"rendered":"Acusan al expresidente Rafael Correa de estar detr\u00e1s del asesinato en Ecuador del excandidato Fernando Villavicencio"},"content":{"rendered":"<p>El periodista y pol\u00edtico Christian Zurita, quien fue candidato presidencial del Movimiento Construye en las pasadas elecciones en Ecuador, afirm\u00f3 el domingo 8 de octubre que el expresidente Rafael Correa estar\u00eda involucrado en el crimen de su compa\u00f1ero de partido Fernando Villavicencio, asesinado por sicarios el 9 de agosto.<\/p>\n<h3>Un testigo protegido se\u00f1ala al &#8220;gobierno de Correa&#8221;<\/h3>\n<p>Zurita, quien sustituy\u00f3 a Villavicencio en la primera vuelta electoral tras la muerte de este \u00faltimo, revel\u00f3 en su cuenta de X (antes Twitter) que un testigo protegido declar\u00f3 bajo juramento que los responsables del magnicidio eran el &#8220;gobierno de Correa&#8221;. Seg\u00fan Zurita, el testigo tambi\u00e9n indic\u00f3 que se pagaron 200 mil d\u00f3lares a los sicarios y que hubo un primer intento fallido de matar a Villavicencio el 1 de junio durante una caravana en Santo Domingo.<\/p>\n<h3>La Fiscal\u00eda inicia una investigaci\u00f3n para determinar a los autores intelectuales<\/h3>\n<p>Por su parte, la Fiscal\u00eda General ecuatoriana inform\u00f3, el mismo d\u00eda que Zurita hizo las acusaciones, que recept\u00f3 el testimonio anticipado de un testigo de los hechos, quien narr\u00f3 los preparativos y montos ofrecidos por los autores intelectuales, as\u00ed como a quienes habr\u00edan dado la orden para cometer el crimen. La Fiscal\u00eda anunci\u00f3 que se iniciar\u00e1 una investigaci\u00f3n para determinar a los responsables del delito.<\/p>\n<h3>Correa niega las acusaciones y las califica de electoreras<\/h3>\n<p>El expresidente Correa, quien se encuentra exiliado en B\u00e9lgica y enfrenta varias causas judiciales en Ecuador, rechaz\u00f3 enf\u00e1ticamente las acusaciones de Zurita y las calific\u00f3 de una estrategia para impedir la victoria electoral de su Movimiento Revoluci\u00f3n Ciudadana. Correa, quien apoya a la candidata Luisa Gonz\u00e1lez, cuestion\u00f3 c\u00f3mo pod\u00eda saber Zurita lo que dijo el testigo bajo juramento y denunci\u00f3 que se trat\u00f3 de una maniobra para influir en la opini\u00f3n p\u00fablica a pocos d\u00edas de las elecciones del domingo 15 de octubre.<\/p>\n","protected":false},"excerpt":{"rendered":"<p>El periodista y pol\u00edtico Christian Zurita, quien fue candidato presidencial del Movimiento Construye en las pasadas elecciones en Ecuador, afirm\u00f3 el domingo 8 de octubre [&hellip;]<\/p>\n","protected":false},"author":1,"featured_media":535,"comment_status":"open","ping_status":"open","sticky":false,"template":"","format":"standard","meta":{"h5ap_radio_sources":[],"_FSMCFIC_featured_image_caption":"","_FSMCFIC_featured_image_nocaption":"","_FSMCFIC_featured_image_hide":"","_jetpack_memberships_contains_paid_content":false,"footnotes":""},"categories":[5],"tags":[],"class_list":["post-532","post","type-post","status-publish","format-standard","has-post-thumbnail","hentry","category-internacionales"],"aioseo_notices":[],"jetpack_featured_media_url":"https:\/\/nuevaprensaamerica.com\/wp-content\/uploads\/2023\/10\/Rafael-Correa-Christian-Zurita-Fernando-Villavicencio1.jpg","jetpack_sharing_enabled":true,"_links":{"self":[{"href":"https:\/\/nuevaprensaamerica.com\/index.php\/wp-json\/wp\/v2\/posts\/532","targetHints":{"allow":["GET"]}}],"collection":[{"href":"https:\/\/nuevaprensaamerica.com\/index.php\/wp-json\/wp\/v2\/posts"}],"about":[{"href":"https:\/\/nuevaprensaamerica.com\/index.php\/wp-json\/wp\/v2\/types\/post"}],"author":[{"embeddable":true,"href":"https:\/\/nuevaprensaamerica.com\/index.php\/wp-json\/wp\/v2\/users\/1"}],"replies":[{"embeddable":true,"href":"https:\/\/nuevaprensaamerica.com\/index.php\/wp-json\/wp\/v2\/comments?post=532"}],"version-history":[{"count":2,"href":"https:\/\/nuevaprensaamerica.com\/index.php\/wp-json\/wp\/v2\/posts\/532\/revisions"}],"predecessor-version":[{"id":534,"href":"https:\/\/nuevaprensaamerica.com\/index.php\/wp-json\/wp\/v2\/posts\/532\/revisions\/534"}],"wp:featuredmedia":[{"embeddable":true,"href":"https:\/\/nuevaprensaamerica.com\/index.php\/wp-json\/wp\/v2\/media\/535"}],"wp:attachment":[{"href":"https:\/\/nuevaprensaamerica.com\/index.php\/wp-json\/wp\/v2\/media?parent=532"}],"wp:term":[{"taxonomy":"category","embeddable":true,"href":"https:\/\/nuevaprensaamerica.com\/index.php\/wp-json\/wp\/v2\/categories?post=532"},{"taxonomy":"post_tag","embeddable":true,"href":"https:\/\/nuevaprensaamerica.com\/index.php\/wp-json\/wp\/v2\/tags?post=532"}],"curies":[{"name":"wp","href":"https:\/\/api.w.org\/{rel}","templated":true}]}}